{"id":23474,"date":"2015-12-02T08:00:19","date_gmt":"2015-12-02T07:00:19","guid":{"rendered":"http:\/\/vpmedias.fr\/?p=23474"},"modified":"2015-12-02T00:16:47","modified_gmt":"2015-12-01T23:16:47","slug":"lillu-du-mercredi-02-decembre-2015","status":"publish","type":"post","link":"https:\/\/vpmedias.fr\/?p=23474","title":{"rendered":"L&rsquo;illu du mercredi | 02 d\u00e9cembre 2015"},"content":{"rendered":"<p style=\"text-align: justify;\">Un mois s&rsquo;ach\u00e8ve en fanfare, un nouveau \u00e9merge en toute s\u00e9r\u00e9nit\u00e9. Mais dans tout mouvement, il nous faut un peu de stabilit\u00e9. Un point de rep\u00e8re qui permette aux valeureux lecteurs de cette chronique de s&rsquo;accrocher et de prendre pied ! (Astuce journalistique :\u00a0l&rsquo;expression dit prendre son pied je sais, mais j&rsquo;avais un doute quant \u00e0 l&#8217;emploi du leur, donc je ne m&rsquo;y risque pas.). Et en peinture comme en litt\u00e9rature, un point de rep\u00e8re c&rsquo;est souvent un ma\u00eetre. Une entit\u00e9 culturelle, un gourou, un chef spirituel qui inspire, qui enseigne, et dont l&rsquo;oeuvre est intemporelle, transcend\u00e9e chaque jour par son public, et magnifi\u00e9e par son environnement.<br \/>\nLors du pr\u00e9c\u00e9dent article, nous rencontrions l&rsquo;\u00e9l\u00e8ve. Cette semaine, le ma\u00eetre nous fait l&rsquo;honneur de sa pr\u00e9sence. \u00c0 notre tour de l&rsquo;honorer avec une exposition de trois de ses oeuvres les plus marquantes, qui laisseront une trace ind\u00e9l\u00e9bile dans l&rsquo;Histoire de notre communaut\u00e9. Acclamons&#8230; <strong>Artarriate<\/strong> !<\/p>\n<p><a href=\"http:\/\/vpmedias.fr\/wp-content\/uploads\/2015\/12\/928041Sanstitre3.png\"><img loading=\"lazy\" decoding=\"async\" class=\"aligncenter\" alt=\"928041Sanstitre3\" src=\"http:\/\/vpmedias.fr\/wp-content\/uploads\/2015\/12\/928041Sanstitre3-550x365.png\" width=\"550\" height=\"365\" \/><\/a><\/p>\n<p>&nbsp;<\/p>\n<p><a href=\"http:\/\/vpmedias.fr\/wp-content\/uploads\/2015\/12\/608534Sanstitre16.png\"><img loading=\"lazy\" decoding=\"async\" class=\"aligncenter size-full wp-image-23476\" alt=\"608534Sanstitre16\" src=\"http:\/\/vpmedias.fr\/wp-content\/uploads\/2015\/12\/608534Sanstitre16.png\" width=\"450\" height=\"337\" srcset=\"https:\/\/vpmedias.fr\/wp-content\/uploads\/2015\/12\/608534Sanstitre16.png 450w, https:\/\/vpmedias.fr\/wp-content\/uploads\/2015\/12\/608534Sanstitre16-150x112.png 150w, https:\/\/vpmedias.fr\/wp-content\/uploads\/2015\/12\/608534Sanstitre16-300x224.png 300w\" sizes=\"auto, (max-width: 450px) 100vw, 450px\" \/><\/a><\/p>\n<p><a href=\"http:\/\/vpmedias.fr\/wp-content\/uploads\/2015\/12\/697315LeonarddeVinciLaJocondeMonaLisa9445.jpg\"><img loading=\"lazy\" decoding=\"async\" class=\"aligncenter size-large wp-image-23477\" alt=\"697315LeonarddeVinciLaJocondeMonaLisa9445\" src=\"http:\/\/vpmedias.fr\/wp-content\/uploads\/2015\/12\/697315LeonarddeVinciLaJocondeMonaLisa9445-550x854.jpg\" width=\"550\" height=\"854\" srcset=\"https:\/\/vpmedias.fr\/wp-content\/uploads\/2015\/12\/697315LeonarddeVinciLaJocondeMonaLisa9445-550x854.jpg 550w, https:\/\/vpmedias.fr\/wp-content\/uploads\/2015\/12\/697315LeonarddeVinciLaJocondeMonaLisa9445-96x150.jpg 96w, https:\/\/vpmedias.fr\/wp-content\/uploads\/2015\/12\/697315LeonarddeVinciLaJocondeMonaLisa9445.jpg 743w\" sizes=\"auto, (max-width: 550px) 100vw, 550px\" \/><\/a><\/p>\n<p style=\"text-align: justify;\"><strong>Analyse de la moutonne<\/strong> : L&rsquo;avantage de pr\u00e9senter un ma\u00eetre, c&rsquo;est qu&rsquo;il n&rsquo;est plus n\u00e9cessaire d&rsquo;en d\u00e9tailler la technique. Celle-ci se r\u00e9invente \u00e0 chaque instant et assure la p\u00e9rennit\u00e9 du parcours. Une certaine osmose se d\u00e9gage de ces \u0153uvres. L&rsquo;artiste n&rsquo;en est plus \u00e0 la simple expression de sa sensibilit\u00e9, sans \u00e2me et d\u00e9pourvue d&rsquo;int\u00e9r\u00eat, propre aux d\u00e9butants. Non, aujourd&rsquo;hui il met en sc\u00e8ne l&rsquo;actualit\u00e9 et les sentiments de la communaut\u00e9 dont il est le repr\u00e9sentant aujourd&rsquo;hui. Une \u00e9motion si personnelle, et pourtant tant charg\u00e9e du d\u00e9sir communautaire. Une empreinte de VPM. L&rsquo;artiste suspend le temps, nous attendons&#8230;<\/p>\n<p style=\"text-align: right;\">Prix de vente : un article rebelle ne peut \u00eatre vendu<\/p>\n<p style=\"text-align: justify;\">[auteur]<\/p>\n","protected":false},"excerpt":{"rendered":"<p>Tous les mercredis, un dessin, un croquis, une photo vient illuster l\u2019actu VPMienne, par vous et pour vous !<\/p>\n","protected":false},"author":131,"featured_media":0,"comment_status":"open","ping_status":"open","sticky":false,"template":"","format":"standard","meta":{"site-container-style":"default","site-container-layout":"default","site-sidebar-layout":"default","disable-article-header":"default","disable-site-header":"default","disable-site-footer":"default","disable-content-area-spacing":"default","footnotes":""},"categories":[312,4],"tags":[39,647],"class_list":["post-23474","post","type-post","status-publish","format-standard","hentry","category-g-a-la-une","category-2-vpmc","tag-humour","tag-lillu-du-mercredi"],"_links":{"self":[{"href":"https:\/\/vpmedias.fr\/index.php?rest_route=\/wp\/v2\/posts\/23474","targetHints":{"allow":["GET"]}}],"collection":[{"href":"https:\/\/vpmedias.fr\/index.php?rest_route=\/wp\/v2\/posts"}],"about":[{"href":"https:\/\/vpmedias.fr\/index.php?rest_route=\/wp\/v2\/types\/post"}],"author":[{"embeddable":true,"href":"https:\/\/vpmedias.fr\/index.php?rest_route=\/wp\/v2\/users\/131"}],"replies":[{"embeddable":true,"href":"https:\/\/vpmedias.fr\/index.php?rest_route=%2Fwp%2Fv2%2Fcomments&post=23474"}],"version-history":[{"count":2,"href":"https:\/\/vpmedias.fr\/index.php?rest_route=\/wp\/v2\/posts\/23474\/revisions"}],"predecessor-version":[{"id":23480,"href":"https:\/\/vpmedias.fr\/index.php?rest_route=\/wp\/v2\/posts\/23474\/revisions\/23480"}],"wp:attachment":[{"href":"https:\/\/vpmedias.fr\/index.php?rest_route=%2Fwp%2Fv2%2Fmedia&parent=23474"}],"wp:term":[{"taxonomy":"category","embeddable":true,"href":"https:\/\/vpmedias.fr\/index.php?rest_route=%2Fwp%2Fv2%2Fcategories&post=23474"},{"taxonomy":"post_tag","embeddable":true,"href":"https:\/\/vpmedias.fr\/index.php?rest_route=%2Fwp%2Fv2%2Ftags&post=23474"}],"curies":[{"name":"wp","href":"https:\/\/api.w.org\/{rel}","templated":true}]}}