{"id":23481,"date":"2015-12-05T14:20:13","date_gmt":"2015-12-05T13:20:13","guid":{"rendered":"http:\/\/vpmedias.fr\/?p=23481"},"modified":"2015-12-05T14:20:13","modified_gmt":"2015-12-05T13:20:13","slug":"politiquement-votre-et-si-la-cop-21-pouvait-sappliquer-a-vpm-1","status":"publish","type":"post","link":"https:\/\/vpmedias.fr\/?p=23481","title":{"rendered":"Politiquement v\u00f4tre : Et si la COP 21 pouvait s&rsquo;appliquer \u00e0 VPM ? #1"},"content":{"rendered":"<p style=\"text-align: justify;\">Le 30 novembre dernier a d\u00e9but\u00e9 la COP 21 r\u00e9unissant tout les pays partisans volontaires ou involontaires du r\u00e9chauffement climatique d\u00fb \u00e0 une pollution de masse des activit\u00e9s de chacun des pays au niveau industriel, automobiles et autres.<!--more--><\/p>\n<p style=\"text-align: justify;\">L\u2019objectif final de cette conf\u00e9rence, qui durera deux semaines, est de trouver un accord entre tout les \u00e9tats membres pour r\u00e9duire l\u2019augmentation de la temp\u00e9rature sur le globe.<\/p>\n<p style=\"text-align: justify;\">Vous vous demandez curieusement en quoi la COP 21 \u00e0 un rapport avec la communaut\u00e9 de VPM<\/p>\n<p style=\"text-align: justify;\">Chaque jour, vous vous connectez sur votre compte pour conna\u00eetre, en premier lieu, les sondages du jour en esp\u00e9rant fortement qu\u2019ils vous emm\u00e8nent en t\u00eate des intentions de vote. Puis vous d\u00e9cidez d\u2019aller jeter un petit coup d\u2019oeil sur les discussion et les topics du forum des diff\u00e9rentes rubriques. Au final, le petit coup d\u2019oeil se transforment \u00e0 une lecture rigoureuse \u00e0 la loupe voir m\u00eame \u00e0 la longue vue dans le but de comprendre le sujet d\u2019un topic ou d\u2019un message que vous ne comprenez pas. N\u2019ayez aucune crainte, vous n\u2019\u00eates pas le seul. Un nombre incalculable de topics sont publi\u00e9s pour tenter \u00ab de faire avancer les choses au sein de la communaut\u00e9 \u00bb. Vous aurez remarquer que certains des joueurs ont publi\u00e9s une \u00ab candidature \u00bb aux prochaines pr\u00e9sidentielles. Soit ils ne savent pas lire o\u00f9 alors ils sont tout simplement victime de la DMLA. Depuis la R\u00e9volution d\u2019Octobre, les mod\u00e9rateurs ont annonc\u00e9s que l\u2019animation des pr\u00e9sidentielles \u00e9tait termin\u00e9e. Pourquoi donc s\u2019acharner \u00e0 vouloir se pr\u00e9senter \u00e0 une animation qui n\u2019existe plus ?<\/p>\n<p style=\"text-align: justify;\">Les mod\u00e9rateurs font sans aucun doute le travail le plus p\u00e9nible, \u00e0 part celui de r\u00e9pondre aux joueurs en besoin d\u2019aide, celui de mod\u00e9rer des messages et de supprimer des topics qui n\u2019ont pas lieu d\u2019\u00eatre. Afin d\u2019aider les mod\u00e9rateurs dans leur t\u00e2ches, ne serait-il pas plus simple de lancer une campagne de d\u00e9pollution des forums de topics et message inutiles ?<br \/>\nCertains y verront une censure et une atteinte \u00e0 la libert\u00e9 d\u2019expression, mais il s\u2019agit d\u2019une solution pour am\u00e9liorer le mode de vie du VPMien et d\u2019\u00e9viter de lire des choses inutiles et sans int\u00e9r\u00eat qui polluent nos forums.<\/p>\n<p style=\"text-align: justify;\"><em>Auteur : Pierrelouis<\/em><\/p>\n","protected":false},"excerpt":{"rendered":"<p>Le 30 novembre dernier a d\u00e9but\u00e9 la COP 21 r\u00e9unissant tout les pays partisans volontaires ou involontaires du r\u00e9chauffement climatique d\u00fb \u00e0 une pollution de masse des activit\u00e9s de chacun des pays au niveau industriel, automobiles et autres.<\/p>\n","protected":false},"author":167,"featured_media":23482,"comment_status":"open","ping_status":"open","sticky":false,"template":"","format":"standard","meta":{"site-container-style":"default","site-container-layout":"default","site-sidebar-layout":"default","disable-article-header":"default","disable-site-header":"default","disable-site-footer":"default","disable-content-area-spacing":"default","footnotes":""},"categories":[302],"tags":[18],"class_list":["post-23481","post","type-post","status-publish","format-standard","has-post-thumbnail","hentry","category-5-la-tribune-libre","tag-forum"],"_links":{"self":[{"href":"https:\/\/vpmedias.fr\/index.php?rest_route=\/wp\/v2\/posts\/23481","targetHints":{"allow":["GET"]}}],"collection":[{"href":"https:\/\/vpmedias.fr\/index.php?rest_route=\/wp\/v2\/posts"}],"about":[{"href":"https:\/\/vpmedias.fr\/index.php?rest_route=\/wp\/v2\/types\/post"}],"author":[{"embeddable":true,"href":"https:\/\/vpmedias.fr\/index.php?rest_route=\/wp\/v2\/users\/167"}],"replies":[{"embeddable":true,"href":"https:\/\/vpmedias.fr\/index.php?rest_route=%2Fwp%2Fv2%2Fcomments&post=23481"}],"version-history":[{"count":5,"href":"https:\/\/vpmedias.fr\/index.php?rest_route=\/wp\/v2\/posts\/23481\/revisions"}],"predecessor-version":[{"id":23516,"href":"https:\/\/vpmedias.fr\/index.php?rest_route=\/wp\/v2\/posts\/23481\/revisions\/23516"}],"wp:featuredmedia":[{"embeddable":true,"href":"https:\/\/vpmedias.fr\/index.php?rest_route=\/wp\/v2\/media\/23482"}],"wp:attachment":[{"href":"https:\/\/vpmedias.fr\/index.php?rest_route=%2Fwp%2Fv2%2Fmedia&parent=23481"}],"wp:term":[{"taxonomy":"category","embeddable":true,"href":"https:\/\/vpmedias.fr\/index.php?rest_route=%2Fwp%2Fv2%2Fcategories&post=23481"},{"taxonomy":"post_tag","embeddable":true,"href":"https:\/\/vpmedias.fr\/index.php?rest_route=%2Fwp%2Fv2%2Ftags&post=23481"}],"curies":[{"name":"wp","href":"https:\/\/api.w.org\/{rel}","templated":true}]}}