{"id":23739,"date":"2015-12-27T03:01:07","date_gmt":"2015-12-27T02:01:07","guid":{"rendered":"http:\/\/vpmedias.fr\/?p=23739"},"modified":"2015-12-27T03:11:22","modified_gmt":"2015-12-27T02:11:22","slug":"les-fils-de-charlie","status":"publish","type":"post","link":"https:\/\/vpmedias.fr\/?p=23739","title":{"rendered":"Pr\u00e9sentation : Les Fils de Charlie"},"content":{"rendered":"<h1 style=\"text-align: center;\"><\/h1>\n<h1 style=\"text-align: center;\"><em><span style=\"color: #ff6600;\">I-LA GENESE<\/span><\/em><\/h1>\n<p style=\"text-align: center;\">Prends donc place et \u00e9coute l\u2019histoire passionnante d\u2019Alfred Crapouillard, mon arri\u00e8re, arri\u00e8re-grand-p\u00e8re et fondateur de notre parti en 1395.<!--more--><\/p>\n<div id='gallery-1' class='gallery galleryid-23739 gallery-columns-1 gallery-size-thumbnail'><figure class='gallery-item'>\n\t\t\t<div class='gallery-icon portrait'>\n\t\t\t\t<a href='https:\/\/vpmedias.fr\/wp-content\/uploads\/2015\/12\/images.jpeg'><img loading=\"lazy\" decoding=\"async\" width=\"116\" height=\"150\" src=\"https:\/\/vpmedias.fr\/wp-content\/uploads\/2015\/12\/images-116x150.jpeg\" class=\"attachment-thumbnail size-thumbnail\" alt=\"\" aria-describedby=\"gallery-1-23824\" srcset=\"https:\/\/vpmedias.fr\/wp-content\/uploads\/2015\/12\/images-116x150.jpeg 116w, https:\/\/vpmedias.fr\/wp-content\/uploads\/2015\/12\/images.jpeg 198w\" sizes=\"auto, (max-width: 116px) 100vw, 116px\" \/><\/a>\n\t\t\t<\/div>\n\t\t\t\t<figcaption class='wp-caption-text gallery-caption' id='gallery-1-23824'>\n\t\t\t\tGravure du XIV\u00e8me si\u00e8cle d&rsquo;Alfred Crapouillard.\n\t\t\t\t<\/figcaption><\/figure>\n\t\t<\/div>\n\n<p style=\"text-align: justify;\"><em>Alfred Crapouillard fut, malgr\u00e9 les d\u00e9clarations contradictoires de certains historiens n\u00e9gativationistes, le premier politicien \u00e0 user de son charme et de son charisme pour lutter contre la discrimination, le racisme et la libert\u00e9 d\u2019expression.<\/em><br \/>\n<em> Il fut condamn\u00e9 \u00e0 maintes reprises pour ses prises de position sur la l\u00e9galisation de l\u2019ortie de Madagascar (oui c\u2019est gr\u00e2ce \u00e0 lui que vous pouvez en consommer tous les jours\u00a0!) mais surtout pour la cr\u00e9ation de son journal satirique.<\/em><br \/>\n<em> Afin de ne pas \u00eatre inqui\u00e9t\u00e9 par les autorit\u00e9s de l\u2019\u00e9poque, Alfred se fit surnomm\u00e9 \u00ab\u00a0Charles\u00a0\u00bb, ce qui lui permit de cr\u00e9er et d\u00e9velopper son journal qui s\u2019appela\u00a0 \u00ab\u00a0L\u2019hebdomadaire de Charles\u00a0\u00bb<\/em><\/p>\n<p style=\"text-align: justify;\"><em>Alfred ne se contentait pas de protester contre le pouvoir autoritaire de l\u2019\u00e9poque. Il se battait pour que le peuple puisse avoir droit \u00e0 une information r\u00e9elle bas\u00e9 sur des faits existants et v\u00e9rifi\u00e9s. Pour cela, il disposait d\u2019une multitude de contact qui l\u2019informait r\u00e9guli\u00e8rement, lui permettant ainsi de d\u00e9noncer les injustices et magouilles du gouvernement en place.<\/em><\/p>\n<p style=\"text-align: justify;\"><em>Malheureusement, cela ne dura pas. Au bout de dix ann\u00e9es de combat acharn\u00e9, Alfred Crapouillard fut mis en prison et ex\u00e9cut\u00e9 sur la place publique, les restes de son corps servirent \u00e0 nourrir les corbeaux\u2026<\/em><\/p>\n<div id='gallery-2' class='gallery galleryid-23739 gallery-columns-1 gallery-size-thumbnail'><figure class='gallery-item'>\n\t\t\t<div class='gallery-icon landscape'>\n\t\t\t\t<a href='https:\/\/vpmedias.fr\/wp-content\/uploads\/2015\/12\/commun-mort.jpg'><img loading=\"lazy\" decoding=\"async\" width=\"150\" height=\"112\" src=\"https:\/\/vpmedias.fr\/wp-content\/uploads\/2015\/12\/commun-mort-150x112.jpg\" class=\"attachment-thumbnail size-thumbnail\" alt=\"\" srcset=\"https:\/\/vpmedias.fr\/wp-content\/uploads\/2015\/12\/commun-mort-150x112.jpg 150w, https:\/\/vpmedias.fr\/wp-content\/uploads\/2015\/12\/commun-mort-300x225.jpg 300w, https:\/\/vpmedias.fr\/wp-content\/uploads\/2015\/12\/commun-mort.jpg 320w\" sizes=\"auto, (max-width: 150px) 100vw, 150px\" \/><\/a>\n\t\t\t<\/div><\/figure>\n\t\t<\/div>\n\n<p style=\"text-align: justify;\">Depuis cette \u00e9poque o\u00f9 la famille Crapouillard fut salit \u00e0 jamais, chaque descendant du grand Alfred se mit \u00e0 combattre les tyrans et autres politiciens v\u00e9reux, afin de rendre au peuple se qui appartient au peuple\u00a0:<\/p>\n<h2 style=\"text-align: center;\"><\/h2>\n<h2 style=\"text-align: center;\"><em><span style=\"color: #99cc00;\">LA LIBERTE\u00a0!<\/span><\/em><\/h2>\n<p>&nbsp;<\/p>\n<p style=\"text-align: justify;\">De nombreux artistes, inconnus ou connu tel que Vercing\u00e9torix, Yvette Horner, Pierre Perret ou m\u00eame Georges Brassens se battirent pour la m\u00e9moire et les id\u00e9es d\u2019Alfred Crapouillard\u2026<br \/>\nIl se raconte m\u00eame qu\u2019un certain Bananonymous cr\u00e9a un groupuscule secret au d\u00e9but du 20\u00e8me si\u00e8cle, suivant point par point les id\u00e9es de notre regrett\u00e9 anc\u00eatre.<br \/>\nLa l\u00e9gende dit que ce groupe se battrait pour que les peuples opprim\u00e9s, en les informant par les divers m\u00e9dias et r\u00e9seaux de communications\u00a0!<br \/>\nNe souhaitant mettre en p\u00e9ril ni une telle organisation ni ma vie, je ne commenterai pas cette \u00ab\u00a0l\u00e9gende\u00a0\u00bb\u2026 l\u2019Histoire nous prouvera, le jour venu, qui avait raison et qui est dans le bon camp car, ne nous voilons pas la face, il y a les bons et les m\u00e9chants\u2026.<\/p>\n<h2 style=\"text-align: center;\"><strong><em><span style=\"color: #99cc00;\">DANS QUEL CAMP SEREZ VOUS\u00a0?&#8230;<\/span><\/em><\/strong><\/h2>\n<p>&nbsp;<\/p>\n<p>&nbsp;<\/p>\n<h1 style=\"text-align: center;\"><em><span style=\"color: #ff6600;\">II-Les FILS DE CHARLIE<\/span><\/em><\/h1>\n<p>&nbsp;<\/p>\n<p style=\"text-align: center;\"><a href=\"http:\/\/vpmedias.fr\/wp-content\/uploads\/2015\/12\/index.jpeg\"><img loading=\"lazy\" decoding=\"async\" class=\"alignnone size-full wp-image-23827\" alt=\"index\" src=\"http:\/\/vpmedias.fr\/wp-content\/uploads\/2015\/12\/index.jpeg\" width=\"211\" height=\"239\" srcset=\"https:\/\/vpmedias.fr\/wp-content\/uploads\/2015\/12\/index.jpeg 211w, https:\/\/vpmedias.fr\/wp-content\/uploads\/2015\/12\/index-132x150.jpeg 132w\" sizes=\"auto, (max-width: 211px) 100vw, 211px\" \/><\/a><\/p>\n<p style=\"text-align: justify;\">Dans ces temps de crise ou les vieux barons de la VPMie nous ont quitt\u00e9s pour une petite minorit\u00e9, il est temps pour nous de rentrer dans l\u2019histoire\u00a0!<\/p>\n<p style=\"text-align: justify;\">Si vous souhaitez faire campagne en portant les couleurs de la satire et de la d\u00e9rision, je vous invite \u00e0 venir d\u00e9couvrir nos locaux et vos futurs collaborateurs. Par magie, vous ne pourrez plus vous passez de nous\u2026<\/p>\n<p style=\"text-align: justify;\">Des animations au sein du parti, des plakass \u00e0 ne plus savoir quoi en faire et m\u00eame des cr\u00e9dits offerts (pour tout lavage des sanitaires du parti) feront de vos campagnes des moments de plaisirs et de grandes satisfactions\u00a0!<\/p>\n<p>&nbsp;<\/p>\n<p style=\"text-align: left;\">En tant que repr\u00e9sentant officiel du Clan Crapouillard, je ne pouvais pas rester sans rien faire en ces temps disgracieux\u00a0!<\/p>\n<p style=\"text-align: left;\"><a href=\"http:\/\/vpmedias.fr\/wp-content\/uploads\/2015\/12\/crapaud-le_0.jpg\"><img loading=\"lazy\" decoding=\"async\" class=\"size-thumbnail wp-image-23829 alignleft\" alt=\"crapaud-le_0\" src=\"http:\/\/vpmedias.fr\/wp-content\/uploads\/2015\/12\/crapaud-le_0-150x150.jpg\" width=\"150\" height=\"150\" srcset=\"https:\/\/vpmedias.fr\/wp-content\/uploads\/2015\/12\/crapaud-le_0-150x150.jpg 150w, https:\/\/vpmedias.fr\/wp-content\/uploads\/2015\/12\/crapaud-le_0.jpg 250w\" sizes=\"auto, (max-width: 150px) 100vw, 150px\" \/><\/a><br \/>\nAgir, s\u2019engager pour le peuple, avec le peuple, voil\u00e0 notre cr\u00e9do !<br \/>\nNotre parti s\u2019engage pour la clart\u00e9 et l\u2019\u00e9galit\u00e9 entre ses adh\u00e9rents, pour magouiller et comploter contre les tyrans et autre politiciens v\u00e9reux, comme a pu nous l\u2019enseigner par le pass\u00e9 notre regrett\u00e9 Alfred.<br \/>\nNous serons \u00e9galement la pour se moquer, caricaturer et faire rire car, ne l\u2019oublions pas, l\u2019esprit Charlie et bien plus qu\u2019une pancarte, c\u2019est une mani\u00e8re de vivre et de penser\u00a0!<\/p>\n<p>&nbsp;<\/p>\n<p>&nbsp;<\/p>\n<h1 style=\"text-align: center;\"><em><strong>\u00a0<\/strong>\u00a0<\/em><span style=\"color: #ff9900;\"><em>Rejoignez-nous chez \u00ab\u00a0Les Fils de Charlie\u00a0\u00bb, nous vous attendons les bras ouverts<\/em>\u00a0!!!!<\/span><\/h1>\n<p>&nbsp;<\/p>\n<p style=\"text-align: center;\">Sponsors officieux des Fils de Charlie :<\/p>\n<p style=\"text-align: left;\"><a href=\"http:\/\/vpmedias.fr\/wp-content\/uploads\/2015\/12\/images3.jpeg\"><img loading=\"lazy\" decoding=\"async\" class=\"alignnone size-thumbnail wp-image-23830\" alt=\"images\" src=\"http:\/\/vpmedias.fr\/wp-content\/uploads\/2015\/12\/images3-150x150.jpeg\" width=\"150\" height=\"150\" srcset=\"https:\/\/vpmedias.fr\/wp-content\/uploads\/2015\/12\/images3-150x150.jpeg 150w, https:\/\/vpmedias.fr\/wp-content\/uploads\/2015\/12\/images3.jpeg 181w\" sizes=\"auto, (max-width: 150px) 100vw, 150px\" \/><\/a><a href=\"http:\/\/vpmedias.fr\/wp-content\/uploads\/2015\/12\/charlie-hebdo-42.jpg\"><img loading=\"lazy\" decoding=\"async\" class=\"alignnone size-thumbnail wp-image-23831\" alt=\"charlie-hebdo-42\" src=\"http:\/\/vpmedias.fr\/wp-content\/uploads\/2015\/12\/charlie-hebdo-42-116x150.jpg\" width=\"116\" height=\"150\" srcset=\"https:\/\/vpmedias.fr\/wp-content\/uploads\/2015\/12\/charlie-hebdo-42-116x150.jpg 116w, https:\/\/vpmedias.fr\/wp-content\/uploads\/2015\/12\/charlie-hebdo-42-232x300.jpg 232w, https:\/\/vpmedias.fr\/wp-content\/uploads\/2015\/12\/charlie-hebdo-42.jpg 350w\" sizes=\"auto, (max-width: 116px) 100vw, 116px\" \/><\/a><a href=\"http:\/\/vpmedias.fr\/wp-content\/uploads\/2015\/12\/charlie-hebdo.png\"><img loading=\"lazy\" decoding=\"async\" class=\"alignnone size-thumbnail wp-image-23832\" alt=\"charlie-hebdo\" src=\"http:\/\/vpmedias.fr\/wp-content\/uploads\/2015\/12\/charlie-hebdo-150x112.png\" width=\"150\" height=\"112\" srcset=\"https:\/\/vpmedias.fr\/wp-content\/uploads\/2015\/12\/charlie-hebdo-150x112.png 150w, https:\/\/vpmedias.fr\/wp-content\/uploads\/2015\/12\/charlie-hebdo-300x225.png 300w, https:\/\/vpmedias.fr\/wp-content\/uploads\/2015\/12\/charlie-hebdo-550x412.png 550w, https:\/\/vpmedias.fr\/wp-content\/uploads\/2015\/12\/charlie-hebdo.png 883w\" sizes=\"auto, (max-width: 150px) 100vw, 150px\" \/><\/a><a href=\"http:\/\/vpmedias.fr\/wp-content\/uploads\/2015\/12\/images4.jpeg\"><img loading=\"lazy\" decoding=\"async\" class=\"alignnone size-thumbnail wp-image-23833\" alt=\"images\" src=\"http:\/\/vpmedias.fr\/wp-content\/uploads\/2015\/12\/images4-150x85.jpeg\" width=\"150\" height=\"85\" srcset=\"https:\/\/vpmedias.fr\/wp-content\/uploads\/2015\/12\/images4-150x85.jpeg 150w, https:\/\/vpmedias.fr\/wp-content\/uploads\/2015\/12\/images4.jpeg 298w\" sizes=\"auto, (max-width: 150px) 100vw, 150px\" \/><\/a><a href=\"http:\/\/vpmedias.fr\/wp-content\/uploads\/2015\/12\/tetesraides1.jpg\"><img loading=\"lazy\" decoding=\"async\" class=\"alignnone size-thumbnail wp-image-23834\" alt=\"tetesraides1\" src=\"http:\/\/vpmedias.fr\/wp-content\/uploads\/2015\/12\/tetesraides1-150x148.jpg\" width=\"150\" height=\"148\" srcset=\"https:\/\/vpmedias.fr\/wp-content\/uploads\/2015\/12\/tetesraides1-150x148.jpg 150w, https:\/\/vpmedias.fr\/wp-content\/uploads\/2015\/12\/tetesraides1-300x297.jpg 300w, https:\/\/vpmedias.fr\/wp-content\/uploads\/2015\/12\/tetesraides1.jpg 350w\" sizes=\"auto, (max-width: 150px) 100vw, 150px\" \/><\/a><\/p>\n","protected":false},"excerpt":{"rendered":"<p>Prends donc place et \u00e9coute l\u2019histoire passionnante d\u2019Alfred Crapouillard, mon arri\u00e8re, arri\u00e8re-grand-p\u00e8re et fondateur de notre parti en 1395.<\/p>\n","protected":false},"author":204,"featured_media":23823,"comment_status":"open","ping_status":"open","sticky":false,"template":"","format":"standard","meta":{"site-container-style":"default","site-container-layout":"default","site-sidebar-layout":"default","disable-article-header":"default","disable-site-header":"default","disable-site-footer":"default","disable-content-area-spacing":"default","footnotes":""},"categories":[302],"tags":[],"class_list":["post-23739","post","type-post","status-publish","format-standard","has-post-thumbnail","hentry","category-5-la-tribune-libre"],"_links":{"self":[{"href":"https:\/\/vpmedias.fr\/index.php?rest_route=\/wp\/v2\/posts\/23739","targetHints":{"allow":["GET"]}}],"collection":[{"href":"https:\/\/vpmedias.fr\/index.php?rest_route=\/wp\/v2\/posts"}],"about":[{"href":"https:\/\/vpmedias.fr\/index.php?rest_route=\/wp\/v2\/types\/post"}],"author":[{"embeddable":true,"href":"https:\/\/vpmedias.fr\/index.php?rest_route=\/wp\/v2\/users\/204"}],"replies":[{"embeddable":true,"href":"https:\/\/vpmedias.fr\/index.php?rest_route=%2Fwp%2Fv2%2Fcomments&post=23739"}],"version-history":[{"count":6,"href":"https:\/\/vpmedias.fr\/index.php?rest_route=\/wp\/v2\/posts\/23739\/revisions"}],"predecessor-version":[{"id":23838,"href":"https:\/\/vpmedias.fr\/index.php?rest_route=\/wp\/v2\/posts\/23739\/revisions\/23838"}],"wp:featuredmedia":[{"embeddable":true,"href":"https:\/\/vpmedias.fr\/index.php?rest_route=\/wp\/v2\/media\/23823"}],"wp:attachment":[{"href":"https:\/\/vpmedias.fr\/index.php?rest_route=%2Fwp%2Fv2%2Fmedia&parent=23739"}],"wp:term":[{"taxonomy":"category","embeddable":true,"href":"https:\/\/vpmedias.fr\/index.php?rest_route=%2Fwp%2Fv2%2Fcategories&post=23739"},{"taxonomy":"post_tag","embeddable":true,"href":"https:\/\/vpmedias.fr\/index.php?rest_route=%2Fwp%2Fv2%2Ftags&post=23739"}],"curies":[{"name":"wp","href":"https:\/\/api.w.org\/{rel}","templated":true}]}}