{"id":24701,"date":"2016-02-28T00:00:08","date_gmt":"2016-02-27T23:00:08","guid":{"rendered":"http:\/\/vpmedias.fr\/?p=24701"},"modified":"2016-02-28T00:21:12","modified_gmt":"2016-02-27T23:21:12","slug":"les-7-infos-de-la-semaine-en-images","status":"publish","type":"post","link":"https:\/\/vpmedias.fr\/?p=24701","title":{"rendered":"La semaine en 7 images | #1"},"content":{"rendered":"<p>Yo c&rsquo;est Wolow ! D\u00e9sol\u00e9 j&rsquo;ai 13 ans mais je prends trop de Caf\u00e9 (Bonjour les Gauchos) Faut vraiment que j&rsquo;y aille Mollo \u00e7a me rends schizo! Tr\u00eave de plaisanterie et bienvenue et merci de lire mon premier article et les futurs aussi ! Alors installez-vous dans votre fauteuil prenez votre Caf\u00e9 (ReBonjour les Gauchos) non plut\u00f4t du th\u00e9 et c&rsquo;est parti!<\/p>\n<p>Comme vous avez du le voir c&rsquo;est 7 infos bref une info par jour . Je mettrais une image que je trouve sur le net-toyage&#8230; Ok j&rsquo;arr\u00eate les blagues pourries (non c&rsquo;est faux)! Je disais, je prendrais des images que je trouve sur le net pour caract\u00e9riser: la t\u00eate, l&rsquo;\u00e9tat d&rsquo;esprit et la fa\u00e7on de penser d&rsquo;une ou de plusieurs personnes ! BREF C&rsquo;EST PARTI LES AMIS !!!<\/p>\n<hr \/>\n<h2>Vendredi 19 F\u00e9vrier : <strong>LyonSuper est vir\u00e9<\/strong><\/h2>\n<p>Ah! LyonSuper je me souviens encore de ce jour ou tu \u00e9tais heureux sur les march\u00e9s dans le bar car tu venais d&rsquo;\u00eatre ministre c&rsquo;\u00e9tait encore quand Arta&rsquo; \u00e9tait Pr\u00e9sident dans mes souvenirs! Alors l\u00e0 je ne m&rsquo;y attendais pas du tout d\u00e9sol\u00e9 mec mais faut le dire en sortant du palais il avait l&rsquo;air \u00e9nerv\u00e9 et il se vengera plus tard ! Mais si on avais mis Krusty et LyonSuper \u00e0 cot\u00e9 \u00e7a aurait fait \u00e7a !<\/p>\n<p><a href=\"http:\/\/vpmedias.fr\/wp-content\/uploads\/2016\/02\/642356_sarko-villepin.jpg\"><img loading=\"lazy\" decoding=\"async\" class=\"aligncenter size-medium wp-image-24707\" alt=\"ECONOMIE-INDUSTRIE-CHIRAC\" src=\"http:\/\/vpmedias.fr\/wp-content\/uploads\/2016\/02\/642356_sarko-villepin-300x185.jpg\" width=\"300\" height=\"185\" srcset=\"https:\/\/vpmedias.fr\/wp-content\/uploads\/2016\/02\/642356_sarko-villepin-300x185.jpg 300w, https:\/\/vpmedias.fr\/wp-content\/uploads\/2016\/02\/642356_sarko-villepin-150x92.jpg 150w, https:\/\/vpmedias.fr\/wp-content\/uploads\/2016\/02\/642356_sarko-villepin.jpg 512w\" sizes=\"auto, (max-width: 300px) 100vw, 300px\" \/><\/a><\/p>\n<p>Oui lyonsuper aurait eu regard qui signifierait \u00ab\u00a0Mec t&rsquo;est s\u00e9rieux<\/p>\n<hr \/>\n<h2>Samedi 20 F\u00e9vrier : <strong>Maxdeniiice Ministre ?<\/strong><\/h2>\n<p>Il s&rsquo;en ait pass\u00e9 des choses le 20 mais on apprenait que maxdeniiice \u00ab\u00a0l&rsquo;homme devenu pr\u00e9sident plus vite que son ombre\u00a0\u00bb devenait ministre ! Et dire que suffit de ne pas faire trop de b\u00eatise pour rentrer dans cette dicta&#8230;GOUVERNEMENT pardon ! Voila sa t\u00eate quand il est rentr\u00e9 dans son minist\u00e8re!<\/p>\n<p><a href=\"http:\/\/vpmedias.fr\/wp-content\/uploads\/2016\/02\/s_1981_raycharles.jpg\"><img loading=\"lazy\" decoding=\"async\" class=\"aligncenter size-medium wp-image-24708\" alt=\"s_1981_raycharles\" src=\"http:\/\/vpmedias.fr\/wp-content\/uploads\/2016\/02\/s_1981_raycharles-237x300.jpg\" width=\"237\" height=\"300\" srcset=\"https:\/\/vpmedias.fr\/wp-content\/uploads\/2016\/02\/s_1981_raycharles-237x300.jpg 237w, https:\/\/vpmedias.fr\/wp-content\/uploads\/2016\/02\/s_1981_raycharles-118x150.jpg 118w, https:\/\/vpmedias.fr\/wp-content\/uploads\/2016\/02\/s_1981_raycharles.jpg 435w\" sizes=\"auto, (max-width: 237px) 100vw, 237px\" \/><\/a><\/p>\n<p>A mon avis il a du oublier qu&rsquo;il \u00e9tait \u00e0 Paris ! Faudrait qu&rsquo;il enl\u00e8ve ses lunettes !<\/p>\n<hr \/>\n<h2>Dimanche 21 F\u00e9vrier : <strong>Talisman Pr\u00e9sident<\/strong><\/h2>\n<p>L&rsquo;anniversaire de mon P\u00e8re (non je ne parle pas de Magne), d&rsquo;ailleurs je m&rsquo;\u00e9gare !<br \/>\nFaustju annon\u00e7ait la composition du nouveau Tribunal Magne 1 et qui est Pr\u00e9sident dans l&rsquo;assembl\u00e9 ? Talisman !!! OUAIS OUAIS OUAIS !!!<\/p>\n<p><a href=\"http:\/\/vpmedias.fr\/wp-content\/uploads\/2016\/02\/Array.jpg.png\"><img loading=\"lazy\" decoding=\"async\" class=\"aligncenter size-medium wp-image-24709\" alt=\"Array.jpg\" src=\"http:\/\/vpmedias.fr\/wp-content\/uploads\/2016\/02\/Array.jpg-300x300.png\" width=\"300\" height=\"300\" srcset=\"https:\/\/vpmedias.fr\/wp-content\/uploads\/2016\/02\/Array.jpg-300x300.png 300w, https:\/\/vpmedias.fr\/wp-content\/uploads\/2016\/02\/Array.jpg-150x150.png 150w, https:\/\/vpmedias.fr\/wp-content\/uploads\/2016\/02\/Array.jpg-550x550.png 550w, https:\/\/vpmedias.fr\/wp-content\/uploads\/2016\/02\/Array.jpg.png 600w\" sizes=\"auto, (max-width: 300px) 100vw, 300px\" \/><\/a><\/p>\n<p>J&rsquo;vous assure que si Krusty se pointe \u00e0 la Cour d&rsquo;Assise il finiras assis en prison en position f\u0153tale dans sa cellule avec peine de 50 ans sans appel pour escroquerie! Ouais qu&rsquo;il soit innocent ou pas Talis&rsquo; choisiras la meilleure comme la pire des voies pour pouvoir le condamner&#8230; Avec quelques billets (C&rsquo;est de la Politique&#8230; Pas ma faute)<\/p>\n<hr \/>\n<h2>Lundi 22 F\u00e9vrier :<strong> VpTomTom de mauvaise humeur<\/strong><\/h2>\n<p>Je ressortais de ma campagne \u00e0 Bruxelles quand je rencontrai Vptomtom avec qui je suis de peu ami et il avait cette t\u00eate &#8230;<\/p>\n<p><a href=\"http:\/\/vpmedias.fr\/wp-content\/uploads\/2016\/02\/Cb2ewe2WAAA3ZEq.jpg\"><img loading=\"lazy\" decoding=\"async\" class=\"aligncenter size-medium wp-image-24710\" alt=\"Cb2ewe2WAAA3ZEq\" src=\"http:\/\/vpmedias.fr\/wp-content\/uploads\/2016\/02\/Cb2ewe2WAAA3ZEq-300x200.jpg\" width=\"300\" height=\"200\" srcset=\"https:\/\/vpmedias.fr\/wp-content\/uploads\/2016\/02\/Cb2ewe2WAAA3ZEq-300x200.jpg 300w, https:\/\/vpmedias.fr\/wp-content\/uploads\/2016\/02\/Cb2ewe2WAAA3ZEq-150x100.jpg 150w, https:\/\/vpmedias.fr\/wp-content\/uploads\/2016\/02\/Cb2ewe2WAAA3ZEq-550x366.jpg 550w, https:\/\/vpmedias.fr\/wp-content\/uploads\/2016\/02\/Cb2ewe2WAAA3ZEq.jpg 660w\" sizes=\"auto, (max-width: 300px) 100vw, 300px\" \/><\/a><\/p>\n<p>Ouais il venait d&rsquo;aller sur le forum et pour je ne sais quelle raison il \u00e9tait remont\u00e9 contre Krusty et m&rsquo;a sorti \u00ab\u00a0C&rsquo;est un escroc\u00a0\u00bb D&rsquo;ailleurs il n&rsquo;a pas tort\u00a0\u00bb&#8230; C&rsquo;est pas tellement un scoop !<\/p>\n<hr \/>\n<h2>Mardi 23 F\u00e9vrier : <strong>Pauvres Gauchos<\/strong><\/h2>\n<p>Je me baladais sur VPM\u00e9dias quand je vis que que les Gauchos n&rsquo;\u00e9tais plus dans le top 15 des partis ! *Bruit de tambour* TAN TAN TAN ! Directement l&rsquo;image de Talisman me vint \u00e0 l&rsquo;esprit<\/p>\n<p><a href=\"http:\/\/vpmedias.fr\/wp-content\/uploads\/2016\/02\/Cb5ecTVWAAA_Gv2.jpg\"><img loading=\"lazy\" decoding=\"async\" class=\"aligncenter size-medium wp-image-24711\" alt=\"Cb5ecTVWAAA_Gv2\" src=\"http:\/\/vpmedias.fr\/wp-content\/uploads\/2016\/02\/Cb5ecTVWAAA_Gv2-300x196.jpg\" width=\"300\" height=\"196\" srcset=\"https:\/\/vpmedias.fr\/wp-content\/uploads\/2016\/02\/Cb5ecTVWAAA_Gv2-300x196.jpg 300w, https:\/\/vpmedias.fr\/wp-content\/uploads\/2016\/02\/Cb5ecTVWAAA_Gv2-150x98.jpg 150w, https:\/\/vpmedias.fr\/wp-content\/uploads\/2016\/02\/Cb5ecTVWAAA_Gv2.jpg 429w\" sizes=\"auto, (max-width: 300px) 100vw, 300px\" \/><\/a><\/p>\n<p>Oui ce jour je ne sais pas ce qu&rsquo;il y avais dans mon caf\u00e9 au lait mais il avait un gout assez \u00e9trange !<\/p>\n<hr \/>\n<h2>Mercredi 24 F\u00e9vrier : <strong>D\u00e9finition du Mercredi pour les ministres<\/strong><\/h2>\n<p>Jour de vote de d\u00e9bats. YOUHOU ! Mercredi synonyme de geste de la main de ton suzerain signifiant un d\u00e9part pr\u00e9matur\u00e9 d&rsquo;un ministre vir\u00e9 par le pr\u00e9sident pour soi aucune cause valable ou parce que t&rsquo;a pas vot\u00e9 contre son budget! Bah ce jour l\u00e0! WHAT&rsquo;S !!! Personne&#8230; Krusty \u00e9tait-il trop occup\u00e9 \u00e0 manger je sais pas *Sifflement* Mais ce jour l\u00e0 SCANDALE (Comme la s\u00e9rie) Krusty braque des gens !<\/p>\n<p><a href=\"http:\/\/vpmedias.fr\/wp-content\/uploads\/2016\/02\/Cb8OAwTWIAALrJg.jpg\"><img loading=\"lazy\" decoding=\"async\" class=\"aligncenter size-medium wp-image-24712\" alt=\"Cb8OAwTWIAALrJg\" src=\"http:\/\/vpmedias.fr\/wp-content\/uploads\/2016\/02\/Cb8OAwTWIAALrJg-300x213.jpg\" width=\"300\" height=\"213\" srcset=\"https:\/\/vpmedias.fr\/wp-content\/uploads\/2016\/02\/Cb8OAwTWIAALrJg-300x213.jpg 300w, https:\/\/vpmedias.fr\/wp-content\/uploads\/2016\/02\/Cb8OAwTWIAALrJg-150x106.jpg 150w, https:\/\/vpmedias.fr\/wp-content\/uploads\/2016\/02\/Cb8OAwTWIAALrJg-550x392.jpg 550w, https:\/\/vpmedias.fr\/wp-content\/uploads\/2016\/02\/Cb8OAwTWIAALrJg.jpg 951w\" sizes=\"auto, (max-width: 300px) 100vw, 300px\" \/><\/a><\/p>\n<p>Si sa m\u00e8re \u00e9tait au courant il serait priv\u00e9 de repas tout court<\/p>\n<hr \/>\n<h2>Jeudi 25 F\u00e9vrier : <strong>Krustry est un escroc<\/strong><\/h2>\n<p>Krusty passe son dernier jour comme pr\u00e9sident autant le dire \u00e0 la fin de son quinquennat on en voulait plus &lsquo;fin presque !<\/p>\n<p><a href=\"http:\/\/vpmedias.fr\/wp-content\/uploads\/2016\/02\/frame093.jpg\"><img loading=\"lazy\" decoding=\"async\" class=\"aligncenter size-medium wp-image-24713\" alt=\"frame093\" src=\"http:\/\/vpmedias.fr\/wp-content\/uploads\/2016\/02\/frame093-300x169.jpg\" width=\"300\" height=\"169\" srcset=\"https:\/\/vpmedias.fr\/wp-content\/uploads\/2016\/02\/frame093-300x169.jpg 300w, https:\/\/vpmedias.fr\/wp-content\/uploads\/2016\/02\/frame093-150x84.jpg 150w, https:\/\/vpmedias.fr\/wp-content\/uploads\/2016\/02\/frame093.jpg 426w\" sizes=\"auto, (max-width: 300px) 100vw, 300px\" \/><\/a><br \/>\nBon voyage jusqu&rsquo;au tribunal cher camarade !<\/p>\n<p>Voila c&rsquo;est la fin j&rsquo;esp\u00e8re que vous avez adh\u00e9r\u00e9 SINON&#8230; A+ dans le MiniBus !<\/p>\n<blockquote>\n<p style=\"text-align: center;\"><img loading=\"lazy\" decoding=\"async\" alt=\"Tribune aprouv\u00e9e\" src=\"http:\/\/vpmedias.fr\/wp-content\/uploads\/2015\/09\/logo-tribune-approuvee.png\" width=\"98\" height=\"93\" \/><\/p>\n<p style=\"text-align: center;\">Cet article de la <a href=\"http:\/\/tribune.vpmedias.fr\" target=\"_blank\"><strong>Tribune Libre<\/strong><\/a> a \u00e9t\u00e9 s\u00e9lectionn\u00e9 et plac\u00e9 \u00e0 la une de VPM\u00e9dias par les r\u00e9dacteurs en chef en reconnaissance de sa qualit\u00e9.<\/p>\n<\/blockquote>\n","protected":false},"excerpt":{"rendered":"<p>L&rsquo;actualit\u00e9 de VotezPourMoi du 19 au 25 f\u00e9vrier vue en images<\/p>\n","protected":false},"author":14,"featured_media":0,"comment_status":"open","ping_status":"open","sticky":false,"template":"","format":"standard","meta":{"site-container-style":"default","site-container-layout":"default","site-sidebar-layout":"default","disable-article-header":"default","disable-site-header":"default","disable-site-footer":"default","disable-content-area-spacing":"default","footnotes":""},"categories":[312,302],"tags":[482,551],"class_list":["post-24701","post","type-post","status-publish","format-standard","hentry","category-g-a-la-une","category-5-la-tribune-libre","tag-actualites","tag-une-semaine-vpmienne"],"_links":{"self":[{"href":"https:\/\/vpmedias.fr\/index.php?rest_route=\/wp\/v2\/posts\/24701","targetHints":{"allow":["GET"]}}],"collection":[{"href":"https:\/\/vpmedias.fr\/index.php?rest_route=\/wp\/v2\/posts"}],"about":[{"href":"https:\/\/vpmedias.fr\/index.php?rest_route=\/wp\/v2\/types\/post"}],"author":[{"embeddable":true,"href":"https:\/\/vpmedias.fr\/index.php?rest_route=\/wp\/v2\/users\/14"}],"replies":[{"embeddable":true,"href":"https:\/\/vpmedias.fr\/index.php?rest_route=%2Fwp%2Fv2%2Fcomments&post=24701"}],"version-history":[{"count":14,"href":"https:\/\/vpmedias.fr\/index.php?rest_route=\/wp\/v2\/posts\/24701\/revisions"}],"predecessor-version":[{"id":24705,"href":"https:\/\/vpmedias.fr\/index.php?rest_route=\/wp\/v2\/posts\/24701\/revisions\/24705"}],"wp:attachment":[{"href":"https:\/\/vpmedias.fr\/index.php?rest_route=%2Fwp%2Fv2%2Fmedia&parent=24701"}],"wp:term":[{"taxonomy":"category","embeddable":true,"href":"https:\/\/vpmedias.fr\/index.php?rest_route=%2Fwp%2Fv2%2Fcategories&post=24701"},{"taxonomy":"post_tag","embeddable":true,"href":"https:\/\/vpmedias.fr\/index.php?rest_route=%2Fwp%2Fv2%2Ftags&post=24701"}],"curies":[{"name":"wp","href":"https:\/\/api.w.org\/{rel}","templated":true}]}}