{"id":24852,"date":"2016-03-29T17:27:37","date_gmt":"2016-03-29T16:27:37","guid":{"rendered":"http:\/\/vpmedias.fr\/?p=24852"},"modified":"2016-03-29T17:27:37","modified_gmt":"2016-03-29T16:27:37","slug":"la-decheance-du-gouvernement-et-du-forum","status":"publish","type":"post","link":"https:\/\/vpmedias.fr\/?p=24852","title":{"rendered":"La d\u00e9ch\u00e9ance du gouvernement et du forum"},"content":{"rendered":"<p style=\"text-align: justify;\">L&rsquo;heure est grave messieurs, dames.<\/p>\n<p style=\"text-align: justify;\">Les VPMiens parlent aux VPMiens *bruissement de radio*<\/p>\n<p style=\"text-align: justify;\">Titre ravageur qui en dit long sur le futur de VPM. Si vous suivez un peu l&rsquo;actualit\u00e9 gouvernementale et le forum, vous sauriez que nous ne sommes pas dans de beaux draps! Je dois vous expliquer la suite et le futur de votre jeu pr\u00e9f\u00e9r\u00e9.<!--more--><\/p>\n<p style=\"text-align: justify;\">Le gouvernement actuel, men\u00e9 par Mme Camarga va nous amener droit vers la morosit\u00e9 et vers un ennui terrible. Le gouvernement va \u00eatre compl\u00e9ment verrouill\u00e9, les joueurs prometteurs et actifs sur le forum et les march\u00e9s n\u2019auront pas leur place au gouvernement. Car le futur pr\u00e9sident d\u00e9s la semaine prochaine, Broko, va nommer de amis et en finira avec les nouvelles nominations.<br \/>\nCe sera imp\u00f4t sur imp\u00f4t, les riches s\u2019enrichiront pendant que les taxes continuerons de pleuvoir sur les grands partis.<br \/>\nPreuve en est, Camarga \u00e0 pr\u00e9lev\u00e9 un imp\u00f4t samedi et ne s&rsquo;en ai m\u00eame pas justifi\u00e9. M\u00eame pas une petite phrase un peu RolePlay, rien, la dictature (et je p\u00e8se mes mots) est en marche !<\/p>\n<p style=\"text-align: justify;\">Cette m\u00eame Mme Camarga qui ne connais sans doute pas le respect et ne s&rsquo;ai justifi\u00e9 que par un \u00ab\u00a0lalalalala\u00a0\u00bb comme vulgaire r\u00e9ponse au ministre VPtomtom, sans aucun doute le prochain a \u00eatre expuls\u00e9 du gouvernement, devrais je dire de cette mascarade..<\/p>\n<p style=\"text-align: justify;\">Passons aux explications, pour ceux qui ne l&rsquo;aurait pas vu venir ou qui sont long a la d\u00e9tente : Broko a vu une faille dans le nouveau syst\u00e8me, datant de la r\u00e9volution du mois d&rsquo;octobre, et compte s&rsquo;engouffrer dedans avec toute sa fine \u00e9quipe.<\/p>\n<p style=\"text-align: justify;\">Le peuple VPMien ne pourra rien faire si ce n&rsquo;est que constater les d\u00e9g\u00e2ts et voir les primes tomb\u00e9s pour les m\u00eames.. Imp\u00f4t pr\u00e9lev\u00e9 dans la semaine et primes donn\u00e9 aux ministre seulement. Le forum deviendra inint\u00e9ressant et les joueurs ne seront plus r\u00e9compens\u00e9s!<\/p>\n<p style=\"text-align: justify;\">Clementleretour a d\u00e9j\u00e0 fait les frais de cette nouvelle g\u00e9rance, et notre Koala nationale serra le prochain. Ce sont pourtant ces deux derniers qui sont les plus comp\u00e9tents dans ce sombre gouvernement.<\/p>\n<p style=\"text-align: justify;\">Le syst\u00e8me gouvernemental aurais tr\u00e8s bien pu fonctionner, avec des ministres et un pr\u00e9sident honn\u00eate et droit ! Cela ne peut continuer ainsi. Le peuple doit en prendre conscience et boycotter ce sois disant gouvernement. Restez fort, Restez digne! Je vous parle depuis Londres, je vous tiens au courant de la suite a donner.<\/p>\n<p style=\"text-align: justify;\"><em>Auteur : Anonyme<\/em><\/p>\n","protected":false},"excerpt":{"rendered":"<p>Si vous suivez un peu l&rsquo;actualit\u00e9 gouvernementale et le forum, vous sauriez que nous ne sommes pas dans de beaux draps !<\/p>\n","protected":false},"author":14,"featured_media":0,"comment_status":"open","ping_status":"open","sticky":false,"template":"","format":"standard","meta":{"site-container-style":"default","site-container-layout":"default","site-sidebar-layout":"default","disable-article-header":"default","disable-site-header":"default","disable-site-footer":"default","disable-content-area-spacing":"default","footnotes":""},"categories":[302],"tags":[],"class_list":["post-24852","post","type-post","status-publish","format-standard","hentry","category-5-la-tribune-libre"],"_links":{"self":[{"href":"https:\/\/vpmedias.fr\/index.php?rest_route=\/wp\/v2\/posts\/24852","targetHints":{"allow":["GET"]}}],"collection":[{"href":"https:\/\/vpmedias.fr\/index.php?rest_route=\/wp\/v2\/posts"}],"about":[{"href":"https:\/\/vpmedias.fr\/index.php?rest_route=\/wp\/v2\/types\/post"}],"author":[{"embeddable":true,"href":"https:\/\/vpmedias.fr\/index.php?rest_route=\/wp\/v2\/users\/14"}],"replies":[{"embeddable":true,"href":"https:\/\/vpmedias.fr\/index.php?rest_route=%2Fwp%2Fv2%2Fcomments&post=24852"}],"version-history":[{"count":2,"href":"https:\/\/vpmedias.fr\/index.php?rest_route=\/wp\/v2\/posts\/24852\/revisions"}],"predecessor-version":[{"id":24854,"href":"https:\/\/vpmedias.fr\/index.php?rest_route=\/wp\/v2\/posts\/24852\/revisions\/24854"}],"wp:attachment":[{"href":"https:\/\/vpmedias.fr\/index.php?rest_route=%2Fwp%2Fv2%2Fmedia&parent=24852"}],"wp:term":[{"taxonomy":"category","embeddable":true,"href":"https:\/\/vpmedias.fr\/index.php?rest_route=%2Fwp%2Fv2%2Fcategories&post=24852"},{"taxonomy":"post_tag","embeddable":true,"href":"https:\/\/vpmedias.fr\/index.php?rest_route=%2Fwp%2Fv2%2Ftags&post=24852"}],"curies":[{"name":"wp","href":"https:\/\/api.w.org\/{rel}","templated":true}]}}