{"id":26,"date":"2008-10-21T06:17:00","date_gmt":"2008-10-21T06:17:00","guid":{"rendered":"http:\/\/pingouin2000.wordpress.com\/2008\/10\/21\/il-recit-dyves"},"modified":"2011-05-23T15:44:51","modified_gmt":"2011-05-23T13:44:51","slug":"il-recit-dyves","status":"publish","type":"post","link":"https:\/\/vpmedias.fr\/?p=26","title":{"rendered":"Il r\u00e9cit d&rsquo;Yves&#8230;"},"content":{"rendered":"<p style=\"text-align: justify;\"><span style=\"font-weight: bold; color: #006600;\">Auteur :<\/span> C.M.<br \/>\n<span style=\"font-size: 85%;\">Pas de <\/span><span style=\"font-weight: bold; color: #da3838; font-size: 85%;\">date<\/span><span style=\"font-size: 85%;\">, l&rsquo;auteur du message ayant pr\u00e9cis\u00e9 : <\/span><span style=\"font-style: italic; font-size: 85%;\">\u00a0\u00bb mettez la photo a la place du lien et surtout ne mettez pas l&rsquo;heure et la date \u00e0 laquelle je la poste &#8230;.. SINON&#8230;. \u00ab\u00a0<\/span><\/p>\n<div style=\"text-align: justify;\"><strong>Bonjour chers politiciens v\u00e9reux<\/strong><br \/>\n(je sais je fais un pl\u00e9onasme surtout sur vpm)<\/p>\n<p style=\"text-align: justify;\">&nbsp;<\/p>\n<p style=\"text-align: justify;\">Je vous ai pr\u00e9venu : que du faux, de l\u2019archi faux, sans fondement. Mais on dit toujours qu\u2019il n\u2019y a pas de fum\u00e9e sans feu. Bien que la m\u00eame l\u2019allumette est factice et que la fum\u00e9e on la cherche encore\u2026<\/p>\n<p style=\"text-align: justify;\">J\u2019ai toujours eu la conviction que le courage n\u2019est pas \u00e0 la port\u00e9e de tous et que la gentillesse n\u2019est que de la paresse. Il est plus facile d\u2019\u00eatre gentil, que d\u2019\u00eatre m\u00e9chant. Etre m\u00e9chant demande un travail a plein temps. Je peux en t\u00e9moigner. Pour du courage oui j\u2019en montre car je dis tout haut ce que tout le monde pense m\u00eame pas tout bas. Est ce un d\u00e9faut ? Je ne le crois pas.<\/p>\n<p style=\"text-align: justify;\">Mais je ne vais pas m\u2019\u00e9tendre sur mes \u00e9tats d\u2019\u00e2me.<\/p>\n<p style=\"text-align: justify;\">Je suis tout  \u00e9mue mon Dragounet  de tes commentaires \u00e7a me touche beaucoup. Mais t\u2019inqui\u00e8te pas  tu auras un jour ta part dans une de mes missives. HAHAHHAHAHAH. Demain je mettrais a jour mon calendrier et je f\u00eaterais la  St Dragounet.<\/p>\n<p style=\"text-align: justify;\">Beaucoup se plaignent que VPM sombre tout doucement comme le Titanic en son temps. Est ce une lubie ? Une folie ? Un doux r\u00eave ? Ou m\u00eame un cauchemar ? Quoi qu\u2019il en soit si le capitaine quitte le navire \u2026 on comprend que c\u2019est le d\u00e9but de la fin\u2026<\/p>\n<p style=\"text-align: justify;\">En tout cas ce qui est sur je peux vous apporter la preuve que cet \u00e9chec est li\u00e9 a son principal administrateur qui sous ses airs de Ma\u00eetre Capello nous cache sa vrai figure : J\u2019ai nomm\u00e9 Serge\u00ef.<\/p>\n<p style=\"text-align: justify;\">Voil\u00e0 l\u2019homme qui disait travailler plus pour gagner toujours plus,  mais ce n\u2019est pas vrai !<br \/>\nIl est pris en flagrant d\u00e9lit  et lui a m\u00eame a dit cette phrase qui d\u00e9sormais fera le tour de l\u2019univers de VPM<\/p>\n<p style=\"text-align: justify;\">Voil\u00e0 la preuve :<\/p>\n<div style=\"text-align: center;\"><a href=\"http:\/\/vpmedias.fr\/wp-content\/uploads\/2011\/02\/triste1.jpeg?w=283\"><img loading=\"lazy\" decoding=\"async\" style=\"border: 0pt none;\" src=\"http:\/\/vpmedias.fr\/wp-content\/uploads\/2011\/02\/triste1.jpeg?w=283\" alt=\"\" width=\"312\" height=\"330\" \/><\/a><\/div>\n<p style=\"text-align: justify;\">Oui que des excuses bidons mais tout le monde le savait. Maintenant vous savez pourquoi Serge\u00ef a en parti quitter VPM<\/p>\n<p style=\"text-align: justify;\">A la semaine prochaine pour de nouvelles r\u00e9v\u00e9lations\u2026.<\/p>\n<\/div>\n<div style=\"text-align: right;\"><span style=\"font-weight: bold;\"><span style=\"margin-right: 50px;\">Le Corbeau Masqu\u00e9<\/span><\/span><\/div>\n","protected":false},"excerpt":{"rendered":"<p>Auteur : C.M. Pas de date, l&rsquo;auteur du message ayant pr\u00e9cis\u00e9 : \u00a0\u00bb mettez la photo a la place du lien et surtout ne mettez pas l&rsquo;heure et la date \u00e0 laquelle je la poste &#8230;.. SINON&#8230;. \u00ab\u00a0 Bonjour chers politiciens v\u00e9reux (je sais je fais un pl\u00e9onasme surtout sur vpm) &nbsp; Je vous ai [&hellip;]<\/p>\n","protected":false},"author":14,"featured_media":0,"comment_status":"open","ping_status":"open","sticky":false,"template":"","format":"standard","meta":{"site-container-style":"default","site-container-layout":"default","site-sidebar-layout":"default","disable-article-header":"default","disable-site-header":"default","disable-site-footer":"default","disable-content-area-spacing":"default","footnotes":""},"categories":[304],"tags":[43,39,209],"class_list":["post-26","post","type-post","status-publish","format-standard","hentry","category-c-pilote","tag-fiction","tag-humour","tag-people"],"_links":{"self":[{"href":"https:\/\/vpmedias.fr\/index.php?rest_route=\/wp\/v2\/posts\/26","targetHints":{"allow":["GET"]}}],"collection":[{"href":"https:\/\/vpmedias.fr\/index.php?rest_route=\/wp\/v2\/posts"}],"about":[{"href":"https:\/\/vpmedias.fr\/index.php?rest_route=\/wp\/v2\/types\/post"}],"author":[{"embeddable":true,"href":"https:\/\/vpmedias.fr\/index.php?rest_route=\/wp\/v2\/users\/14"}],"replies":[{"embeddable":true,"href":"https:\/\/vpmedias.fr\/index.php?rest_route=%2Fwp%2Fv2%2Fcomments&post=26"}],"version-history":[{"count":0,"href":"https:\/\/vpmedias.fr\/index.php?rest_route=\/wp\/v2\/posts\/26\/revisions"}],"wp:attachment":[{"href":"https:\/\/vpmedias.fr\/index.php?rest_route=%2Fwp%2Fv2%2Fmedia&parent=26"}],"wp:term":[{"taxonomy":"category","embeddable":true,"href":"https:\/\/vpmedias.fr\/index.php?rest_route=%2Fwp%2Fv2%2Fcategories&post=26"},{"taxonomy":"post_tag","embeddable":true,"href":"https:\/\/vpmedias.fr\/index.php?rest_route=%2Fwp%2Fv2%2Ftags&post=26"}],"curies":[{"name":"wp","href":"https:\/\/api.w.org\/{rel}","templated":true}]}}