{"id":32320,"date":"2016-07-21T00:26:47","date_gmt":"2016-07-20T23:26:47","guid":{"rendered":"http:\/\/vpmedias.fr\/?p=32320"},"modified":"2016-07-22T12:02:07","modified_gmt":"2016-07-22T11:02:07","slug":"en-direct-le-budget-du-20-juillet","status":"publish","type":"post","link":"https:\/\/vpmedias.fr\/?p=32320","title":{"rendered":"[En Direct] Le budget du 20 Juillet"},"content":{"rendered":"<p style=\"text-align: justify;\">Est-ce la fin du mandat du Senji ? La question est aujourd&rsquo;hui pos\u00e9e avec la publication d&rsquo;un budget par d\u00e9faut. En effet <strong>Senji n&rsquo;a pas publi\u00e9 son budget<\/strong> dans les d\u00e9lais impartis par l&rsquo;administration, \u00e0 savoir <strong>Mardi Minuit<\/strong>. Comme pr\u00e9vu par les r\u00e8gles de la pr\u00e9sidence, un budget par d\u00e9faut \u00e0 donc \u00e9t\u00e9 g\u00e9n\u00e9r\u00e9 \u00e0 minuit automatiquement.<\/p>\n<p style=\"text-align: justify;\">Et ce dernier est simple : 100 000 plakass pour chaque ministre et le reste pour le pr\u00e9sident, comme en t\u00e9moigne cette capture d&rsquo;\u00e9cran :<\/p>\n<p style=\"text-align: justify;\"><a href=\"http:\/\/vpmedias.fr\/wp-content\/uploads\/2016\/07\/07-21-budget-senji-par-d\u00e9faut.png\"><img loading=\"lazy\" decoding=\"async\" class=\"aligncenter size-full wp-image-32321\" alt=\"07 - 21 budget senji par d\u00e9faut\" src=\"http:\/\/vpmedias.fr\/wp-content\/uploads\/2016\/07\/07-21-budget-senji-par-d\u00e9faut.png\" width=\"808\" height=\"254\" srcset=\"https:\/\/vpmedias.fr\/wp-content\/uploads\/2016\/07\/07-21-budget-senji-par-d\u00e9faut.png 1070w, https:\/\/vpmedias.fr\/wp-content\/uploads\/2016\/07\/07-21-budget-senji-par-d\u00e9faut-150x47.png 150w, https:\/\/vpmedias.fr\/wp-content\/uploads\/2016\/07\/07-21-budget-senji-par-d\u00e9faut-300x94.png 300w, https:\/\/vpmedias.fr\/wp-content\/uploads\/2016\/07\/07-21-budget-senji-par-d\u00e9faut-550x173.png 550w\" sizes=\"auto, (max-width: 808px) 100vw, 808px\" \/><\/a><\/p>\n<p style=\"text-align: justify;\">C&rsquo;est donc pr\u00e8s de <strong>1,7 Millions de Plakass<\/strong> qui devrait \u00eatre vers\u00e9 au pr\u00e9sident en cas de succ\u00e8s. Nous pouvons \u00e9galement remarqu\u00e9 un petit bug :<strong> le montant du budget n&rsquo;est pas affich\u00e9<\/strong>. VPM\u00e9dias en a donc profiter pour sortir sa calculatrice. Il est donc de <span style=\"color: #008000;\"><strong>2 700 000\u00a0 plakass<\/strong><\/span>. L&rsquo;indemnit\u00e9 de Senji, une somme importante, ne laisse \u00e0 l&rsquo;heure actuelle personne indiff\u00e9rent sur le forum. Je vous propose de revoir quelques avis quasiment unanimes :<\/p>\n<p style=\"text-align: justify;\"><a href=\"http:\/\/vpmedias.fr\/wp-content\/uploads\/2016\/07\/07-21-r\u00e9action-1.png\"><img loading=\"lazy\" decoding=\"async\" class=\"aligncenter size-full wp-image-32322\" alt=\"07 - 21 r\u00e9action 1\" src=\"http:\/\/vpmedias.fr\/wp-content\/uploads\/2016\/07\/07-21-r\u00e9action-1.png\" width=\"797\" height=\"204\" srcset=\"https:\/\/vpmedias.fr\/wp-content\/uploads\/2016\/07\/07-21-r\u00e9action-1.png 820w, https:\/\/vpmedias.fr\/wp-content\/uploads\/2016\/07\/07-21-r\u00e9action-1-150x38.png 150w, https:\/\/vpmedias.fr\/wp-content\/uploads\/2016\/07\/07-21-r\u00e9action-1-300x76.png 300w, https:\/\/vpmedias.fr\/wp-content\/uploads\/2016\/07\/07-21-r\u00e9action-1-550x140.png 550w\" sizes=\"auto, (max-width: 797px) 100vw, 797px\" \/><\/a><\/p>\n<p style=\"text-align: justify;\"><a href=\"http:\/\/vpmedias.fr\/wp-content\/uploads\/2016\/07\/07-21-r\u00e9action-2.png\"><img loading=\"lazy\" decoding=\"async\" class=\"aligncenter size-full wp-image-32324\" alt=\"07 - 21 r\u00e9action 2\" src=\"http:\/\/vpmedias.fr\/wp-content\/uploads\/2016\/07\/07-21-r\u00e9action-2.png\" width=\"813\" height=\"173\" srcset=\"https:\/\/vpmedias.fr\/wp-content\/uploads\/2016\/07\/07-21-r\u00e9action-2.png 1089w, https:\/\/vpmedias.fr\/wp-content\/uploads\/2016\/07\/07-21-r\u00e9action-2-150x31.png 150w, https:\/\/vpmedias.fr\/wp-content\/uploads\/2016\/07\/07-21-r\u00e9action-2-300x63.png 300w, https:\/\/vpmedias.fr\/wp-content\/uploads\/2016\/07\/07-21-r\u00e9action-2-550x117.png 550w\" sizes=\"auto, (max-width: 813px) 100vw, 813px\" \/><\/a><\/p>\n<p style=\"text-align: justify;\"><a href=\"http:\/\/vpmedias.fr\/wp-content\/uploads\/2016\/07\/07-21-r\u00e9action-3.png\"><img loading=\"lazy\" decoding=\"async\" class=\"aligncenter size-full wp-image-32325\" alt=\"07 - 21 r\u00e9action 3\" src=\"http:\/\/vpmedias.fr\/wp-content\/uploads\/2016\/07\/07-21-r\u00e9action-3.png\" width=\"780\" height=\"150\" srcset=\"https:\/\/vpmedias.fr\/wp-content\/uploads\/2016\/07\/07-21-r\u00e9action-3.png 1141w, https:\/\/vpmedias.fr\/wp-content\/uploads\/2016\/07\/07-21-r\u00e9action-3-150x28.png 150w, https:\/\/vpmedias.fr\/wp-content\/uploads\/2016\/07\/07-21-r\u00e9action-3-300x57.png 300w, https:\/\/vpmedias.fr\/wp-content\/uploads\/2016\/07\/07-21-r\u00e9action-3-550x106.png 550w\" sizes=\"auto, (max-width: 780px) 100vw, 780px\" \/><\/a><\/p>\n<p style=\"text-align: justify;\">Au del\u00e0 de ces r\u00e9actions, le vote est actuellement en cours en ce Jeudi 21 Juillet. A l&rsquo;heure o\u00f9 je vous parle (il est actuellement minuit et demi), 9 des 10 ministres ont fait leur choix et <strong>le sort de Senji semble sell\u00e9<\/strong>. En prenant en compte les points de popularit\u00e9, nous sommes en effet actuellement \u00e0 7 contre 5 pour le \u00ab\u00a0CONTRE\u00a0\u00bb. <strong>Le vote du dernier ministre, Sarkasme, ne peut donc plus influencer la situation<\/strong>. Seul un changement dans les ministres les plus populaires pourrait sauver Senji.<\/p>\n<p style=\"text-align: justify;\"><a href=\"http:\/\/vpmedias.fr\/wp-content\/uploads\/2016\/07\/07-21-votes-senji.png\"><img loading=\"lazy\" decoding=\"async\" class=\"aligncenter size-full wp-image-32326\" alt=\"07 - 21 votes senji\" src=\"http:\/\/vpmedias.fr\/wp-content\/uploads\/2016\/07\/07-21-votes-senji.png\" width=\"529\" height=\"93\" srcset=\"https:\/\/vpmedias.fr\/wp-content\/uploads\/2016\/07\/07-21-votes-senji.png 529w, https:\/\/vpmedias.fr\/wp-content\/uploads\/2016\/07\/07-21-votes-senji-150x26.png 150w, https:\/\/vpmedias.fr\/wp-content\/uploads\/2016\/07\/07-21-votes-senji-300x52.png 300w\" sizes=\"auto, (max-width: 529px) 100vw, 529px\" \/><\/a><\/p>\n<hr \/>\n<p>Pour suivre l&rsquo;actualit\u00e9 de cette journ\u00e9e, je vous invite \u00e0 consulter \u00e0 nouveau cette page, elle sera actualis\u00e9 en temps r\u00e9el pour suivre au plus pr\u00e8s la situation.<\/p>\n<h2 style=\"text-align: center;\"><span style=\"color: #ff6600;\">Le direct, minute apr\u00e8s minute<\/span><\/h2>\n<p><strong>10h44<\/strong> (20\/07) : Saladdin vote <span style=\"color: #ff0000;\"><strong>Contre<\/strong> <\/span>(1-0)<\/p>\n<p><strong>11h56<\/strong> (20\/07) : MrPatate vote <span style=\"color: #ff0000;\"><strong>Contre<\/strong> <\/span>(2-0)<\/p>\n<p><strong>12h22<\/strong> (20\/07) : Ourson vote <span style=\"color: #ff0000;\"><strong>Contre<\/strong> <\/span>(3-0)<\/p>\n<p><strong>12h32<\/strong> (20\/07) : Jackderly vote <span style=\"color: #ff0000;\"><strong>Contre<\/strong> <\/span>(4-0)<\/p>\n<p><strong>13h44<\/strong> (20\/07) : Sherreyre vote <span style=\"color: #ff0000;\"><strong>Contre<\/strong> <\/span>(5-0)<\/p>\n<p><strong>14h30<\/strong> (20\/07) : L&rsquo;arriv\u00e9e probable de Bouh \u00e0 la pr\u00e9sidence, redout\u00e9 par plusieurs joueurs.<span style=\"color: #3366ff;\"><strong> Sapina<\/strong> :<\/span> <em><span style=\"color: #3366ff;\">\u00ab\u00a0Soit, on prends acte. Mais vous allez le regretter am\u00e8rement, puisque sa derni\u00e8re pr\u00e9sidence l&rsquo;a vu se faire sanctionner par Bananus (quand m\u00eame) pour mettre un terme \u00e0 ce qui \u00e9tait devenue la p\u00e9riode la plus noire de VPM.\u00a0\u00bb<\/span><\/em><\/p>\n<p><strong>14h48<\/strong> (20\/07) : Bouh vote <span style=\"color: #008000;\"><strong>Pour<\/strong> <\/span>(5-1)<\/p>\n<p><strong>15h10<\/strong> (20\/07) : Batelky vote <span style=\"color: #008000;\"><strong>Pour<\/strong> <\/span>(5-2)<\/p>\n<p><strong>15h43<\/strong> (20\/07) : Il est toujours question de la possible succession de Senji, avec un peu moins de pessmisme.\u00a0 <span style=\"color: #3366ff;\"><strong>Saladdin :<\/strong> <em>\u00ab\u00a0on ne choisit pas d&rsquo;installer Bouh \u00e0 la pr\u00e9sidence ! on vote contre un budget. Ce n&rsquo;est pas nous qui nommons le Vice Pr\u00e9sident. On fera avec. Pour ma part je n&rsquo;ai pas connu Talisman en tant que pr\u00e9sident. Je ne vais donc pas le juger avant son mandat &#8230; Il aura sa chance comme si un autre joueur aurait \u00e9t\u00e9 vice-pr\u00e9si !\u00a0\u00bb<\/em><\/span><\/p>\n<p><strong>21h31<\/strong> (20\/07) : TheTrollman vote <span style=\"color: #008000;\"><strong>Pour<\/strong> <\/span>(5-3) et montre son int\u00e9r\u00eat pour ce budget : <em><span style=\"color: #3366ff;\">\u00ab\u00a0Ce budget est un \u00e9norme troll, senji a donc compris comment me s\u00e9duire&#8230;\u00a0\u00bb<\/span><\/em><\/p>\n<p><strong>21h58<\/strong> (20\/07)\u00a0 Sanghamaya vote <span style=\"color: #008000;\"><strong>Pour<\/strong> <\/span>(5-4)<\/p>\n<p><strong>00h59<\/strong> (21\/07) : Visite de Bouh, vice-pr\u00e9sident, sur les march\u00e9s. Il est confiant pour son avenir dans l&rsquo;animation gouvernementale.<\/p>\n<p><a href=\"http:\/\/vpmedias.fr\/wp-content\/uploads\/2016\/07\/07-21-talisman-se-pr\u00e9pare.png\"><img loading=\"lazy\" decoding=\"async\" class=\"aligncenter size-full wp-image-32327\" alt=\"07 - 21 talisman se pr\u00e9pare\" src=\"http:\/\/vpmedias.fr\/wp-content\/uploads\/2016\/07\/07-21-talisman-se-pr\u00e9pare.png\" width=\"267\" height=\"44\" srcset=\"https:\/\/vpmedias.fr\/wp-content\/uploads\/2016\/07\/07-21-talisman-se-pr\u00e9pare.png 267w, https:\/\/vpmedias.fr\/wp-content\/uploads\/2016\/07\/07-21-talisman-se-pr\u00e9pare-150x24.png 150w\" sizes=\"auto, (max-width: 267px) 100vw, 267px\" \/><\/a><\/p>\n<p><strong>14h59<\/strong> (21\/07) : Mais que fait donc <strong>Sarkasme<\/strong> ? Il est le dernier ministre \u00e0 ne pas avoir encore vot\u00e9. Cela commence d&rsquo;ailleurs \u00e0 inqui\u00e9ter ses coll\u00e8gues ministres comme <span style=\"color: #3366ff;\"><strong>Saladdin<\/strong> : <em>\u00ab\u00a0quelqu&rsquo;un peut r\u00e9veiller Sarkasme de sa sieste ?! ^^\u00a0\u00bb<\/em><\/span><\/p>\n<p>00h00 (22\/07) : Le dernier budget de Senji est refus\u00e9, <strong>sans le vote de Sarkasme<\/strong>. Bouh devient donc officiellement Pr\u00e9sident de VPM.<\/p>\n<p>[auteur]<\/p>\n","protected":false},"excerpt":{"rendered":"<p>Comment se d\u00e9roule le vote et le d\u00e9bat autour du 15\u00e8me budget de Senji ?<\/p>\n","protected":false},"author":91,"featured_media":0,"comment_status":"open","ping_status":"open","sticky":false,"template":"","format":"standard","meta":{"site-container-style":"default","site-container-layout":"default","site-sidebar-layout":"default","disable-article-header":"default","disable-site-header":"default","disable-site-footer":"default","disable-content-area-spacing":"default","footnotes":""},"categories":[312,4],"tags":[694,278,292],"class_list":["post-32320","post","type-post","status-publish","format-standard","hentry","category-g-a-la-une","category-2-vpmc","tag-budget","tag-direct","tag-gouvernement"],"_links":{"self":[{"href":"https:\/\/vpmedias.fr\/index.php?rest_route=\/wp\/v2\/posts\/32320","targetHints":{"allow":["GET"]}}],"collection":[{"href":"https:\/\/vpmedias.fr\/index.php?rest_route=\/wp\/v2\/posts"}],"about":[{"href":"https:\/\/vpmedias.fr\/index.php?rest_route=\/wp\/v2\/types\/post"}],"author":[{"embeddable":true,"href":"https:\/\/vpmedias.fr\/index.php?rest_route=\/wp\/v2\/users\/91"}],"replies":[{"embeddable":true,"href":"https:\/\/vpmedias.fr\/index.php?rest_route=%2Fwp%2Fv2%2Fcomments&post=32320"}],"version-history":[{"count":8,"href":"https:\/\/vpmedias.fr\/index.php?rest_route=\/wp\/v2\/posts\/32320\/revisions"}],"predecessor-version":[{"id":32334,"href":"https:\/\/vpmedias.fr\/index.php?rest_route=\/wp\/v2\/posts\/32320\/revisions\/32334"}],"wp:attachment":[{"href":"https:\/\/vpmedias.fr\/index.php?rest_route=%2Fwp%2Fv2%2Fmedia&parent=32320"}],"wp:term":[{"taxonomy":"category","embeddable":true,"href":"https:\/\/vpmedias.fr\/index.php?rest_route=%2Fwp%2Fv2%2Fcategories&post=32320"},{"taxonomy":"post_tag","embeddable":true,"href":"https:\/\/vpmedias.fr\/index.php?rest_route=%2Fwp%2Fv2%2Ftags&post=32320"}],"curies":[{"name":"wp","href":"https:\/\/api.w.org\/{rel}","templated":true}]}}