{"id":32391,"date":"2016-07-29T14:36:25","date_gmt":"2016-07-29T13:36:25","guid":{"rendered":"http:\/\/vpmedias.fr\/?p=32391"},"modified":"2016-07-29T14:36:25","modified_gmt":"2016-07-29T13:36:25","slug":"ourson-licencie-un-coup-detat-avorte","status":"publish","type":"post","link":"https:\/\/vpmedias.fr\/?p=32391","title":{"rendered":"Ourson licenci\u00e9, un coup d&rsquo;Etat avort\u00e9"},"content":{"rendered":"<p style=\"text-align: justify;\">Apr\u00e8s une adoption avec une large majorit\u00e9 du premier budget de la mandature de Talisman, qui a \u00e9t\u00e9 adopt\u00e9 9 voix contre 3, la journ\u00e9e d&rsquo;aujourd&rsquo;hui s&rsquo;annonce dynamique.<\/p>\n<p style=\"text-align: justify;\"><a href=\"http:\/\/vpmedias.fr\/wp-content\/uploads\/2016\/07\/07-29-juillet-1er-budget-bouh.png\"><img loading=\"lazy\" decoding=\"async\" class=\"aligncenter size-full wp-image-32392\" alt=\"07 - 29 juillet 1er budget bouh\" src=\"http:\/\/vpmedias.fr\/wp-content\/uploads\/2016\/07\/07-29-juillet-1er-budget-bouh.png\" width=\"765\" height=\"349\" srcset=\"https:\/\/vpmedias.fr\/wp-content\/uploads\/2016\/07\/07-29-juillet-1er-budget-bouh.png 765w, https:\/\/vpmedias.fr\/wp-content\/uploads\/2016\/07\/07-29-juillet-1er-budget-bouh-150x68.png 150w, https:\/\/vpmedias.fr\/wp-content\/uploads\/2016\/07\/07-29-juillet-1er-budget-bouh-300x136.png 300w, https:\/\/vpmedias.fr\/wp-content\/uploads\/2016\/07\/07-29-juillet-1er-budget-bouh-550x250.png 550w\" sizes=\"auto, (max-width: 765px) 100vw, 765px\" \/><\/a>Je vous rappelle bien s\u00fbr qu&rsquo;il s&rsquo;agit du <strong>premier budget adopt\u00e9<\/strong> \u00e0 la suite de l&rsquo;obligation de verser 100% des sommes aux membres du gouvernement. Pour la r\u00e9partition, elle provient d&rsquo;un vote qui avait \u00e9t\u00e9 organis\u00e9 durant le week-end. Les sommes propos\u00e9es \u00e0 chaque ministre sont donc vers\u00e9es. Je vous en rappelle la r\u00e9partition :<\/p>\n<p style=\"text-align: justify;\"><a href=\"http:\/\/vpmedias.fr\/wp-content\/uploads\/2016\/07\/Juillet-29-repartition-du-budget-bouh-numero-1.png\"><img loading=\"lazy\" decoding=\"async\" class=\"aligncenter size-full wp-image-32394\" alt=\"Juillet 29 repartition du budget bouh (numero 1)\" src=\"http:\/\/vpmedias.fr\/wp-content\/uploads\/2016\/07\/Juillet-29-repartition-du-budget-bouh-numero-1.png\" width=\"491\" height=\"231\" srcset=\"https:\/\/vpmedias.fr\/wp-content\/uploads\/2016\/07\/Juillet-29-repartition-du-budget-bouh-numero-1.png 491w, https:\/\/vpmedias.fr\/wp-content\/uploads\/2016\/07\/Juillet-29-repartition-du-budget-bouh-numero-1-150x70.png 150w, https:\/\/vpmedias.fr\/wp-content\/uploads\/2016\/07\/Juillet-29-repartition-du-budget-bouh-numero-1-300x141.png 300w\" sizes=\"auto, (max-width: 491px) 100vw, 491px\" \/><\/a>Ce budget adopt\u00e9, il est donc temps de passer \u00e0 la suite. En effet, le pr\u00e9sident Bouh est donc d\u00e9sormais sous statu<strong><\/strong>t\u00a0 <span style=\"color: #008000;\"><strong>Confiance<\/strong><\/span>. Il dispose donc de pr\u00e9rogatives sp\u00e9ciales que tout le monde connait d\u00e9sormais : limoger un ministre, en nommer un nouveau, changer de vice-pr\u00e9sident ou encore pr\u00e9lev\u00e9 un imp\u00f4t. Dans la limite de trois actions entre deux budgets.<strong><\/strong><\/p>\n<p style=\"text-align: justify;\">L&rsquo;une de ces premi\u00e8res actions est d\u00e9j\u00e0 r\u00e9alis\u00e9 : <strong>Ourson vient d&rsquo;\u00eatre limog\u00e9<\/strong>. Ce choix qui a \u00e9t\u00e9 pris \u00e0 la derni\u00e8re minute par le pr\u00e9sident permet de combattre contre un <strong>coup d&rsquo;Etat<\/strong> qui \u00e9tait en cours d&rsquo;organisation par ce ministre. Plusieurs VPMiens auraient inform\u00e9s le pr\u00e9sident de ces agissements. Esp\u00e9rons que le pr\u00e9sident Bouh ne fermera pas des m\u00e9dias comme son camarade Erdogan en Turquie !<\/p>\n<p style=\"text-align: justify;\">[auteur]<\/p>\n","protected":false},"excerpt":{"rendered":"<p>Le pr\u00e9sident vient de r\u00e9alis\u00e9 sa premi\u00e8re action, depuis sa nomination la semaine derni\u00e8re.<\/p>\n","protected":false},"author":91,"featured_media":0,"comment_status":"open","ping_status":"open","sticky":false,"template":"","format":"standard","meta":{"site-container-style":"default","site-container-layout":"default","site-sidebar-layout":"default","disable-article-header":"default","disable-site-header":"default","disable-site-footer":"default","disable-content-area-spacing":"default","footnotes":""},"categories":[312,4],"tags":[292,550,54],"class_list":["post-32391","post","type-post","status-publish","format-standard","hentry","category-g-a-la-une","category-2-vpmc","tag-gouvernement","tag-ministres","tag-president"],"_links":{"self":[{"href":"https:\/\/vpmedias.fr\/index.php?rest_route=\/wp\/v2\/posts\/32391","targetHints":{"allow":["GET"]}}],"collection":[{"href":"https:\/\/vpmedias.fr\/index.php?rest_route=\/wp\/v2\/posts"}],"about":[{"href":"https:\/\/vpmedias.fr\/index.php?rest_route=\/wp\/v2\/types\/post"}],"author":[{"embeddable":true,"href":"https:\/\/vpmedias.fr\/index.php?rest_route=\/wp\/v2\/users\/91"}],"replies":[{"embeddable":true,"href":"https:\/\/vpmedias.fr\/index.php?rest_route=%2Fwp%2Fv2%2Fcomments&post=32391"}],"version-history":[{"count":4,"href":"https:\/\/vpmedias.fr\/index.php?rest_route=\/wp\/v2\/posts\/32391\/revisions"}],"predecessor-version":[{"id":32401,"href":"https:\/\/vpmedias.fr\/index.php?rest_route=\/wp\/v2\/posts\/32391\/revisions\/32401"}],"wp:attachment":[{"href":"https:\/\/vpmedias.fr\/index.php?rest_route=%2Fwp%2Fv2%2Fmedia&parent=32391"}],"wp:term":[{"taxonomy":"category","embeddable":true,"href":"https:\/\/vpmedias.fr\/index.php?rest_route=%2Fwp%2Fv2%2Fcategories&post=32391"},{"taxonomy":"post_tag","embeddable":true,"href":"https:\/\/vpmedias.fr\/index.php?rest_route=%2Fwp%2Fv2%2Ftags&post=32391"}],"curies":[{"name":"wp","href":"https:\/\/api.w.org\/{rel}","templated":true}]}}