{"id":32593,"date":"2016-08-31T22:36:21","date_gmt":"2016-08-31T21:36:21","guid":{"rendered":"http:\/\/vpmedias.fr\/?p=32593"},"modified":"2016-08-31T22:43:56","modified_gmt":"2016-08-31T21:43:56","slug":"la-citation-de-la-semaine-0-lintroduction","status":"publish","type":"post","link":"https:\/\/vpmedias.fr\/?p=32593","title":{"rendered":"La citation de la semaine ! #0 &#8211; L&rsquo;introduction"},"content":{"rendered":"<p><em>\u00ab\u00a0Pourquoi renouveler quand on retrouve une bonne id\u00e9e perdue ?\u00a0\u00bb<\/em> &#8211; Valerie<\/p>\n<p><em>\u00ab\u00a0Tu n&rsquo;auras qu&rsquo;\u00e0 te pencher sur cette \u00a0\u00bbbonne id\u00e9e retrouv\u00e9e\u00a0\u00bb !\u00a0\u00bb<\/em> &#8211; magne<\/p>\n<p>Ces derniers temps je me suis lanc\u00e9e dans un fastidieux travail de recherche dans les archives vpmiennes. Ce travail m\u2019a entrain\u00e9 aussi loin qu\u2019au commencement des m\u00e9dias, un temps lointain o\u00f9 le terme \u00ab\u00a0vpmien\u00a0\u00bb n\u2019\u00e9tait pas encore d\u00e9termin\u00e9 et o\u00f9 on pouvait encore parfois lire \u00ab\u00a0vpmiste\u00a0\u00bb. Je parle bien du premier journal des joueurs sur VPM, soit le VPMnews.<\/p>\n<p>J\u2019y ai retrouv\u00e9 une rubrique que je reprendrai au courant des prochains mois, rubrique r\u00e9dig\u00e9e avec brio en\u00a0 2007 par l\u2019excellent (excellente?) Lecureuil. Je ne vous promets pas d\u2019avoir son humour, mais vous retrouverez chaque semaine une citation du forum avec mise en contexte. Une fa\u00e7on un peu plus agr\u00e9able de voir ce qui se passe dans la communaut\u00e9, sans avoir \u00e0 se taper toutes les inepties de nos confr\u00e8res.<\/p>\n<p>Pour commencer cette semaine, je vous offre un moment d&rsquo;archive.\u00a0En effet, en ces moments troubles d&rsquo;incertitudes pr\u00e9sidentielles et de m\u00e9contentement g\u00e9n\u00e9ralis\u00e9, il est bon de se rappeler les enseignements de nos anc\u00eatres :\u00a0<strong>\u00ab\u00a0VPM est un jeu\u00a0\u00bb\u00a0<\/strong>Sagi cit\u00e9 par lecureuil dans le VPMnews du 2007-12-03 (<a href=\"http:\/\/vpmedias.fr\/archives\/vpmnews\/03-12-07-2\">1\u00e8re \u00e9dition du VPMnews<\/a>). Nous nous rappellerons qu&rsquo;au moment o\u00f9 ces lignes avaient \u00e9t\u00e9 \u00e9crites, VPM se trouvait en crise post-pr\u00e9sidentielles suite \u00e0 une guerre entre les clans des 2 candidats de la derni\u00e8re \u00e9lection : les pro-izzie et les pro-piccolo. Les deux clans s&rsquo;\u00e9taient enflamm\u00e9s suite \u00e0 l&rsquo;accusation port\u00e9 contre piccolo d&rsquo;avoir supprim\u00e9 le compte d&rsquo;Izzie. Le forum \u00e9tait un r\u00e9el champs de bataille et l&rsquo;avenir des pr\u00e9sidentielles plut\u00f4t incertains. Int\u00e9ressant de noter qu&rsquo;aujourd&rsquo;hui l&rsquo;avenir des pr\u00e9sidentielles est encore incertaines, mais pour la raison compl\u00e8tement oppos\u00e9e : elle n&rsquo;attire plus les passions !<\/p>\n<p>*Pour consulter les archives compl\u00e8tes du VPMnews, visitez plut\u00f4t ce <a href=\"http:\/\/vpmedias.fr\/?page_id=857\">lien\u00a0<\/a>.<\/p>\n<hr \/>\n<p>Vous retrouverez cette<strong> nouvelle chronique<\/strong> toutes les semaines d\u00e9sormais. Valerie vous proposera chaque mercredi en fin d&rsquo;apr\u00e8s-midi une <strong>citation qui \u00e9claire l&rsquo;actualit\u00e9<\/strong> du forum ou des march\u00e9s.<strong> <\/strong><\/p>\n<h3 style=\"text-align: center;\">A la semaine prochaine !<\/h3>\n","protected":false},"excerpt":{"rendered":"<p>D\u00e9couvrez cette nouvelle rubrique hebdomadaire, avec une petite mise en bouche int\u00e9ressante ! <\/p>\n","protected":false},"author":38,"featured_media":0,"comment_status":"open","ping_status":"open","sticky":false,"template":"","format":"standard","meta":{"site-container-style":"default","site-container-layout":"default","site-sidebar-layout":"default","disable-article-header":"default","disable-site-header":"default","disable-site-footer":"default","disable-content-area-spacing":"default","footnotes":""},"categories":[312,4],"tags":[711,697],"class_list":["post-32593","post","type-post","status-publish","format-standard","hentry","category-g-a-la-une","category-2-vpmc","tag-6-archives","tag-citation-de-la-semaine"],"_links":{"self":[{"href":"https:\/\/vpmedias.fr\/index.php?rest_route=\/wp\/v2\/posts\/32593","targetHints":{"allow":["GET"]}}],"collection":[{"href":"https:\/\/vpmedias.fr\/index.php?rest_route=\/wp\/v2\/posts"}],"about":[{"href":"https:\/\/vpmedias.fr\/index.php?rest_route=\/wp\/v2\/types\/post"}],"author":[{"embeddable":true,"href":"https:\/\/vpmedias.fr\/index.php?rest_route=\/wp\/v2\/users\/38"}],"replies":[{"embeddable":true,"href":"https:\/\/vpmedias.fr\/index.php?rest_route=%2Fwp%2Fv2%2Fcomments&post=32593"}],"version-history":[{"count":18,"href":"https:\/\/vpmedias.fr\/index.php?rest_route=\/wp\/v2\/posts\/32593\/revisions"}],"predecessor-version":[{"id":32607,"href":"https:\/\/vpmedias.fr\/index.php?rest_route=\/wp\/v2\/posts\/32593\/revisions\/32607"}],"wp:attachment":[{"href":"https:\/\/vpmedias.fr\/index.php?rest_route=%2Fwp%2Fv2%2Fmedia&parent=32593"}],"wp:term":[{"taxonomy":"category","embeddable":true,"href":"https:\/\/vpmedias.fr\/index.php?rest_route=%2Fwp%2Fv2%2Fcategories&post=32593"},{"taxonomy":"post_tag","embeddable":true,"href":"https:\/\/vpmedias.fr\/index.php?rest_route=%2Fwp%2Fv2%2Ftags&post=32593"}],"curies":[{"name":"wp","href":"https:\/\/api.w.org\/{rel}","templated":true}]}}