{"id":32762,"date":"2016-10-04T18:22:44","date_gmt":"2016-10-04T17:22:44","guid":{"rendered":"http:\/\/vpmedias.fr\/?p=32762"},"modified":"2016-10-04T18:22:44","modified_gmt":"2016-10-04T17:22:44","slug":"pierreintello-pour-moi-le-plus-important-cest-le-forum","status":"publish","type":"post","link":"https:\/\/vpmedias.fr\/?p=32762","title":{"rendered":"Pierreintello : \u00ab Pour moi le plus important c&rsquo;est le forum \u00bb"},"content":{"rendered":"<p>Nous recvons aujourd&rsquo;hui dans les locaux de VPM\u00e9dias un joueur peu connu mais tr\u00e8s actif sur le communaut\u00e9 de VPM. Je peux bien s\u00fbr parler de Pierreintello. Apr\u00e8s Faustju le mois dernier, VPM\u00e9dias laisse la parole \u00e0 toute la communaut\u00e9, pour toujours mieux vous informer !<\/p>\n<p><strong>Bonjour Pierreintello, bienvenue sur VPM\u00e9dias ! Peux-tu te pr\u00e9senter pour nos lecteurs qui ne te conna\u00eetraient pas encore ?<\/strong><\/p>\n<p>Bonjour Magne !<br \/>\nC&rsquo;est avec un grand plaisir que je viens ici sur VPM\u00e9dias !<br \/>\nJe m&rsquo;appelle Pierreintello, je me suis inscrit le 04 juillet 2016. Je suis donc un jeune joueur !<\/p>\n<p><strong>Pour toi, le plus important, est-ce les campagnes municipales, ou l&rsquo;activit\u00e9 du forum ? Pourquoi ?<\/strong><\/p>\n<p>Pour moi le plus important c&rsquo;est le forum. Les campagnes sont bien s\u00fbr tr\u00e8s importantes, mais l&rsquo;on ne doit pas se focaliser uniquement l\u00e0 dessus.<br \/>\nJe suis dragalexiste, je donne la priorit\u00e9 au forum et \u00e0 la communaut\u00e9 !<\/p>\n<p><strong>Tu es encore dans ton parti intial (le \u00ab\u00a0parti de pierreintello\u00a0\u00bb), pourquoi ne pas rejoindre un autre parti ?<\/strong><\/p>\n<p>Le 12-08-2016, j&rsquo;int\u00e9gr\u00e9 le Parti National D\u00e9mocratique. je me suis fait exclure le 16 09 2016. Je me suis alli\u00e9 avec un autre exclu, je vais int\u00e9grer son parti ! il s&rsquo;agit du parti de compton. nous le renommerons \u00ab\u00a0les R\u00e9novateurs\u00a0\u00bb dans les prochains jours. je vous invite \u00e0 consulter la page wiki !<\/p>\n<p><strong>Comment se d\u00e9roule ta campagne actuelle ?<\/strong><\/p>\n<p>apr\u00e8s beaucoup de temps pass\u00e9 \u00e0 Angers, je suis actuellement \u00e0 Annonay. je suis en t\u00eate ; esp\u00e9rons que cela continue ainsi !<\/p>\n<p><strong>Nous sommes actuellement dans une p\u00e9riode sans grande activit\u00e9 pr\u00e9sidentielle. Est-ce que cette animation te manque aujourd&rsquo;hui ?<\/strong><\/p>\n<p>Oui l&rsquo;activit\u00e9 pr\u00e9sidentielle me manque ! cela fait un grand vide ! J&rsquo;attends avec impatience la d\u00e9cision de Bananus ! nous avons besoin d&rsquo;un chef !<\/p>\n<p><strong>Si une pr\u00e9sidentielle \u00e9tait organis\u00e9e prochainement, souhaiterais-tu \u00eatre candidat ? Pourquoi ?<\/strong><\/p>\n<p>Je ne clame pas sur tous les toits comme certaines personnes : Je suis candidat \u00e0 l&rsquo;\u00e9lection pr\u00e9sidentielle !!<br \/>\nNon, le moment venu je serai tr\u00e8s heureux de revenir sur VPM\u00e9dias pour annoncer ma d\u00e9cision de pr\u00e9senter ma candidature ou non \u00e0 la pr\u00e9sidentielle si elle a lieu bien \u00e9videmment.<\/p>\n<p><strong>Si oui, quel serait ton programme pour le forum et le jeu ?<\/strong><\/p>\n<p>Je compte nommer au sein du futur parti \u00ab\u00a0Les R\u00e9novateurs\u00a0\u00bb une commission charg\u00e9e d&rsquo;\u00e9tablir un programme. Ce sera le programme des R\u00e9novateurs. Je souhaite \u00e9galement organiser des primaires au sein des R\u00e9novateurs pour d\u00e9signer le candidat \u00e0 la pr\u00e9sidentielle si elle a lieu. Ce candidat pourra reprendre \u00e0 son compte le programme du parti !<\/p>\n<p><strong>Un dernier mot pour terminer ?<\/strong><\/p>\n<p>L&rsquo;alternance est en marche, rien ne l&rsquo;arr\u00eatera !<br \/>\nBonne journ\u00e9e \u00e0 tous !<\/p>\n","protected":false},"excerpt":{"rendered":"<p>Pierreintello r\u00e9pond aux questions de notre journaliste.<\/p>\n","protected":false},"author":91,"featured_media":0,"comment_status":"open","ping_status":"open","sticky":false,"template":"","format":"standard","meta":{"site-container-style":"default","site-container-layout":"default","site-sidebar-layout":"default","disable-article-header":"default","disable-site-header":"default","disable-site-footer":"default","disable-content-area-spacing":"default","footnotes":""},"categories":[312,4],"tags":[34],"class_list":["post-32762","post","type-post","status-publish","format-standard","hentry","category-g-a-la-une","category-2-vpmc","tag-interview"],"_links":{"self":[{"href":"https:\/\/vpmedias.fr\/index.php?rest_route=\/wp\/v2\/posts\/32762","targetHints":{"allow":["GET"]}}],"collection":[{"href":"https:\/\/vpmedias.fr\/index.php?rest_route=\/wp\/v2\/posts"}],"about":[{"href":"https:\/\/vpmedias.fr\/index.php?rest_route=\/wp\/v2\/types\/post"}],"author":[{"embeddable":true,"href":"https:\/\/vpmedias.fr\/index.php?rest_route=\/wp\/v2\/users\/91"}],"replies":[{"embeddable":true,"href":"https:\/\/vpmedias.fr\/index.php?rest_route=%2Fwp%2Fv2%2Fcomments&post=32762"}],"version-history":[{"count":4,"href":"https:\/\/vpmedias.fr\/index.php?rest_route=\/wp\/v2\/posts\/32762\/revisions"}],"predecessor-version":[{"id":32826,"href":"https:\/\/vpmedias.fr\/index.php?rest_route=\/wp\/v2\/posts\/32762\/revisions\/32826"}],"wp:attachment":[{"href":"https:\/\/vpmedias.fr\/index.php?rest_route=%2Fwp%2Fv2%2Fmedia&parent=32762"}],"wp:term":[{"taxonomy":"category","embeddable":true,"href":"https:\/\/vpmedias.fr\/index.php?rest_route=%2Fwp%2Fv2%2Fcategories&post=32762"},{"taxonomy":"post_tag","embeddable":true,"href":"https:\/\/vpmedias.fr\/index.php?rest_route=%2Fwp%2Fv2%2Ftags&post=32762"}],"curies":[{"name":"wp","href":"https:\/\/api.w.org\/{rel}","templated":true}]}}