{"id":32890,"date":"2016-10-16T16:16:49","date_gmt":"2016-10-16T15:16:49","guid":{"rendered":"http:\/\/vpmedias.fr\/?p=32890"},"modified":"2016-10-19T20:57:06","modified_gmt":"2016-10-19T19:57:06","slug":"suzaka-le-president-na-quun-seul-role-amuser-la-galerie","status":"publish","type":"post","link":"https:\/\/vpmedias.fr\/?p=32890","title":{"rendered":"Suzaka : \u00ab\u00a0Le pr\u00e9sident n&rsquo;a qu&rsquo;un seul r\u00f4le : amuser la galerie\u00a0\u00bb"},"content":{"rendered":"<p style=\"text-align: justify;\">La pr\u00e9sidentielle ancien syst\u00e8me est de retour sur VPM ! Lanc\u00e9e par Bananus ce 15 octobre, elle atteint une forte participation niveau candidature. Du c\u00f4t\u00e9 des soutiens, on les cherche toujours. Et tout cela donne un beau bordel ; m\u00eame les rebelles sont perdus. Durant cette phase parrainage, je me suis lanc\u00e9 le d\u00e9fi de faire des interviews de qualit\u00e9 non pas sur les candidats qu&rsquo;on entend d\u00e9j\u00e0 assez sur le forum et les march\u00e9s qui n&rsquo;ont pas de programmes <em>(\u00e7a peut \u00eatre normal pendant cette premi\u00e8re phase)<\/em>, des programmes identiques et tr\u00e8s peu d&rsquo;originalit\u00e9 ou d&rsquo;humour. Les silencieux, les discrets ou les ind\u00e9cis ont la parole sur VPM\u00e9dias !<\/p>\n<p style=\"text-align: justify;\"><span style=\"color: #800000;\">Bienvenue Suzaka dans les locaux de VPM\u00e9dias. Tu es la premi\u00e8re \u00e0 franchir cette porte. Ne salies pas la moquette.<\/span><br \/>\n<span style=\"color: #800000;\"> Pour te pr\u00e9senter aux lecteurs, je dirai que tu t&rsquo;es inscrite sur le jeu en 2014. Tu es connue pour tes talents en campagne que tu as su prouver dans les plus grandes villes du jeu. Tu es \u00e9galement connue pour tes phrases choc sur le forum. Tu as r\u00e9cemment fond\u00e9 ton propre parti, Mouvement de la Rhum Antique o\u00f9 tu as l&rsquo;ambition de r\u00e9unir les plus grands joueurs du jeu. Actuellement 13\u00e8me au top15, ce parti est parti pour un bel avenir.<\/span><br \/>\n<strong><span style=\"text-decoration: underline;\"><span style=\"color: #800000; text-decoration: underline;\"> Ne manque-t-il pas la plus mythique campagnarde du jeu, Felenon qui signe son retour sur le jeu ?<\/span><\/span><\/strong><\/p>\n<p style=\"text-align: justify;\">\u00a0Coucou Monsieur le repr\u00e9sentant des mod\u00e9racteurs bien-aim\u00e9s par la communaut\u00e9.\u00a0T&rsquo;as bien r\u00e9sum\u00e9 mon cas, merci.<br \/>\nIl manque pas mal de campagnards mythiques, Felenon en fait probablement partie bien que ce ne soit pas du tout ma g\u00e9n\u00e9ration. En fait, le but de ce parti, c&rsquo;est avant tout de r\u00e9unir des potes, des joueurs que je respecte et qui sont amusants. Les performances, tu sais, on s&rsquo;en balance. La preuve ? Artarriate est dans le parti&#8230;<\/p>\n<p style=\"text-align: justify;\">\u00a0<!--more--><\/p>\n<p style=\"text-align: justify;\"><span style=\"color: #800000;\">Bien, ne nous attardons pas sur les pr\u00e9sentations, passons \u00e0 la pr\u00e9sidentielle.<\/span><strong><span style=\"color: #800000;\"> <span style=\"text-decoration: underline;\">Pourquoi aucun de tes talentueux campagnards n&rsquo;est pr\u00e9sent \u00e0 la phase parrainage de la pr\u00e9sidentielle ?<\/span> <\/span><\/strong><span style=\"color: #800000;\">Il y a pourtant des campagnards qui sont impliqu\u00e9s dans la communaut\u00e9&#8230;<\/span><\/p>\n<p style=\"text-align: justify;\">Mes talentueux campagnards comme tu dis, ils font bien ce qu&rsquo;ils veulent ! Apr\u00e8s de mani\u00e8re pragmatique, il n&rsquo;est pas stupide de dire que la plupart des gros campagnards sont des forumers m\u00e9diocres. Sarkasme, art et kropo ont d\u00e9j\u00e0 \u00e9t\u00e9 pr\u00e9sidents, ils sont donc exclus de la campagne. Les autres y sont plus ou moins quand ils ont le temps ^^<\/p>\n<p style=\"text-align: justify;\"><!--more--><\/p>\n<p style=\"text-align: justify;\"><span style=\"color: #800000;\">En effet, quand tu les pr\u00e9sentes, ils ont de suite l&rsquo;air moins talentueux tant en campagne que dans la communaut\u00e9. ^^<br \/>\nDu coup, on va parler davantage du syst\u00e8me pr\u00e9sidentiel. <strong><span style=\"text-decoration: underline;\">Que penser du retour de l&rsquo;ancien syst\u00e8me pr\u00e9sidentiel ?<\/span> Est-ce le meilleur ?<\/strong><\/span><\/p>\n<p style=\"text-align: justify;\">Le retour de l&rsquo;ancien syst\u00e8me ? Bof, ce qui est bien c&rsquo;est la surprise, \u00e7a \u00e9vite que certains se pr\u00e9parent \u00e0 la pr\u00e9sidentielle 4 mois \u00e0 l&rsquo;avance #lesrebellesexistent3foisparan<\/p>\n<p style=\"text-align: justify;\">Il y a tant de choses \u00e0 faire pour la pr\u00e9sidentielle. Perso j&rsquo;ai envoy\u00e9 un projet \u00e0 un mod\u00e9racteur, un truc qui tient la route et reprend le meilleur de ce qu&rsquo;il s&rsquo;est fait jusque l\u00e0 en enlevant le moins bon. Pour ma part, je ne peux pas faire bien plus&#8230;<\/p>\n<p style=\"text-align: justify;\"><!--more--><\/p>\n<p style=\"text-align: justify;\"><span style=\"color: #800000;\">Pour toi, <strong><span style=\"text-decoration: underline;\">quelles sont les qualit\u00e9s requises pour devenir pr\u00e9sident ?<\/span> Quel joueur r\u00e9pond le mieux \u00e0 cette description ?<\/strong><\/span><\/p>\n<p style=\"text-align: justify;\">Le pr\u00e9sident pour moi n&rsquo;a qu&rsquo;un seul r\u00f4le : amuser la galerie. Il ne doit avoir en ce sens, que deux qualit\u00e9s indispensables : la pr\u00e9sence et l&rsquo;humour.<\/p>\n<p style=\"text-align: justify;\">Et rappelons que l&rsquo;humour, c&rsquo;est un peu HUmilit\u00e9 et beaucoup d&rsquo;aMOUR.<br \/>\nComprenne qui pourra ^^<\/p>\n<p style=\"text-align: justify;\">J&rsquo;ai parrain\u00e9 dens deux fois et il r\u00e9pond parfaitement \u00e0 ces crit\u00e8res (hum hum pr\u00e9sence). Sauvage aussi, talisman aussi, etc&#8230;<\/p>\n<p style=\"text-align: justify;\"><!--more--><\/p>\n<p style=\"text-align: justify;\"><strong><span style=\"color: #800000;\"><span style=\"text-decoration: underline;\">Quel est ton ressenti sur ce premier jour de parrainage ?<\/span> Comment vois-tu le d\u00e9roulement de la pr\u00e9sidentielle ?<\/span><\/strong><\/p>\n<p style=\"text-align: justify;\">Mon ressenti sur le premier jour de parrainage ? Bah, comme je disais juste avant, la surprise est l&rsquo;\u00e9l\u00e9ment le plus fort de cette pr\u00e9sidentielle. C&rsquo;est clairement le bordel aujourd&rsquo;hui et \u00e7a c&rsquo;est excellent, chapeau bas l&rsquo;admin qui arrive \u00e0 faire la meilleure pr\u00e9sidentielle que j&rsquo;ai vu en n&rsquo;en glandant pas une \u00b0L\u00b0<\/p>\n<p style=\"text-align: justify;\"><!--more--><\/p>\n<p style=\"text-align: justify;\"><strong><span style=\"color: #800000;\">Finissons cette interview en beaut\u00e9. <span style=\"text-decoration: underline;\">Quel est ton pronostic pour le second tour ou pour le r\u00e9sultat final ?<\/span><\/span><\/strong><\/p>\n<p style=\"text-align: justify;\">Mon pronostic ?<br \/>\nDur, tr\u00e8s compliqu\u00e9 \u00e0 ce jour. Je pourrais te dire exactement ceux dont je suis certaine qu&rsquo;ils ne gagneront pas. Mais pour savoir qui va gagner&#8230; Je mise sur arc mais je sens que je ne suis pas objective&#8230;<\/p>\n<p style=\"text-align: justify;\"><!--more--><\/p>\n<p style=\"text-align: justify;\"><span style=\"color: #800000;\">Merci Suzaka, votre taxi Hubert est en bas pour vous ramener \u00e0 votre mairie d&rsquo;Amiens. A la prochaine ! ;)<\/span><\/p>\n<p style=\"text-align: justify;\">Mon taxi ? Allez zou ! A la prochaine ! Dens est de retour, tu peux toujours lui demander comment on fait pour \u00eatre modo ! Je dis \u00e7a je dis rien !<\/p>\n<p style=\"text-align: justify;\">La bise !<\/p>\n","protected":false},"excerpt":{"rendered":"<p>Suzaka s&rsquo;installe dans nos locaux pour r\u00e9pondre \u00e0 nos questions sans langue de bois.<\/p>\n","protected":false},"author":149,"featured_media":14074,"comment_status":"open","ping_status":"open","sticky":false,"template":"","format":"standard","meta":{"site-container-style":"default","site-container-layout":"default","site-sidebar-layout":"default","disable-article-header":"default","disable-site-header":"default","disable-site-footer":"default","disable-content-area-spacing":"default","footnotes":""},"categories":[312,4],"tags":[34,701,418],"class_list":["post-32890","post","type-post","status-publish","format-standard","has-post-thumbnail","hentry","category-g-a-la-une","category-2-vpmc","tag-interview","tag-presi-25","tag-presidentielle"],"_links":{"self":[{"href":"https:\/\/vpmedias.fr\/index.php?rest_route=\/wp\/v2\/posts\/32890","targetHints":{"allow":["GET"]}}],"collection":[{"href":"https:\/\/vpmedias.fr\/index.php?rest_route=\/wp\/v2\/posts"}],"about":[{"href":"https:\/\/vpmedias.fr\/index.php?rest_route=\/wp\/v2\/types\/post"}],"author":[{"embeddable":true,"href":"https:\/\/vpmedias.fr\/index.php?rest_route=\/wp\/v2\/users\/149"}],"replies":[{"embeddable":true,"href":"https:\/\/vpmedias.fr\/index.php?rest_route=%2Fwp%2Fv2%2Fcomments&post=32890"}],"version-history":[{"count":18,"href":"https:\/\/vpmedias.fr\/index.php?rest_route=\/wp\/v2\/posts\/32890\/revisions"}],"predecessor-version":[{"id":33064,"href":"https:\/\/vpmedias.fr\/index.php?rest_route=\/wp\/v2\/posts\/32890\/revisions\/33064"}],"wp:featuredmedia":[{"embeddable":true,"href":"https:\/\/vpmedias.fr\/index.php?rest_route=\/wp\/v2\/media\/14074"}],"wp:attachment":[{"href":"https:\/\/vpmedias.fr\/index.php?rest_route=%2Fwp%2Fv2%2Fmedia&parent=32890"}],"wp:term":[{"taxonomy":"category","embeddable":true,"href":"https:\/\/vpmedias.fr\/index.php?rest_route=%2Fwp%2Fv2%2Fcategories&post=32890"},{"taxonomy":"post_tag","embeddable":true,"href":"https:\/\/vpmedias.fr\/index.php?rest_route=%2Fwp%2Fv2%2Ftags&post=32890"}],"curies":[{"name":"wp","href":"https:\/\/api.w.org\/{rel}","templated":true}]}}