{"id":33025,"date":"2016-10-19T13:11:33","date_gmt":"2016-10-19T12:11:33","guid":{"rendered":"http:\/\/vpmedias.fr\/?p=33025"},"modified":"2017-02-01T20:48:33","modified_gmt":"2017-02-01T19:48:33","slug":"tlsepink-tlsepink-president-du-renouveau-maintenant","status":"publish","type":"post","link":"https:\/\/vpmedias.fr\/?p=33025","title":{"rendered":"Tlsepink : \u00ab Tlsepink pr\u00e9sident, du renouveau maintenant !  \u00bb"},"content":{"rendered":"<p><strong>Bonjour Tlsepink, merci de m\u2019avoir accepter cette interview. Peux tu te pr\u00e9senter aux joueurs qui ne te connaissent pas ?<\/strong><br \/>\n<em>Bonjour Manimix et bonjour \u00e0 tous les \u00e9-lecteurs.<\/em><br \/>\n<em>Je suis un petit nouveau sur VPM (inscription en janvier 2016). Rep\u00e9r\u00e9 par baronci, j\u2019ai int\u00e9gr\u00e9 les Politocards au mois de mars pour y prendre mes quartiers sous les regards bienveillants de Rivoli et Tichon. Depuis mon arriv\u00e9, je participe \u00e0 la vie du parti (SG, PP) et surtout, j\u2019essaye de repr\u00e9senter au mieux notre parti dans la communaut\u00e9 VPMienne, avec un passage rapide de ministre sous la pr\u00e9sidence de Senji, en participant aux diff\u00e9rentes animations, en passant du temps sur les march\u00e9s. De temps en temps, je poste quelques billets d\u2019humour sur la vie du partie et peut \u00eatre qu\u2019en fait, sur VPM, c\u2019est ce que j\u2019aime : Le l\u00e2cher prise !\u00a0<\/em><\/p>\n<p><strong>Comment vis tu cette campagne ? Tu as trouv\u00e9 \u00e7a assez anim\u00e9 ?<\/strong><br \/>\n<em>Je d\u00e9couvre pour la 1\u00e8re fois ce format de Pr\u00e9sidentielle. Je n\u2019ai pas d\u2019exp\u00e9rience en tant qu\u2019ancien joueur sur le retour, je n\u2019ai pas de multi donc je n\u2019ai pas beaucoup de recul. Mais en comparaison, le forum pr\u00e9sidentiel, le march\u00e9 me para\u00eessent plus anim\u00e9s. Les messageries priv\u00e9es me semblent plus actives avec toutes les n\u00e9gociations en arri\u00e8re-cour. Et Dieu sait que \u00e7a n\u00e9gocie dur !!!.\u00a0<\/em><\/p>\n<p><strong>Parles-nous de ton programme si tu es \u00e9lu ?<\/strong><br \/>\n<em>Si je suis \u00e9lu, j\u2019esp\u00e8re faire un mandat participatif en r\u00e9compensant les joueurs et les partis qui sont le plus pr\u00e9sents dans la VPMie. Je ne parle pas forc\u00e9ment de ce qui lancent 2-3 messages par jours pour ne rien dire m\u00eame si je trouve que certains messages sont tr\u00e8s marrant (Parfois je ne comprends pas tout car je n\u2019ai pas l\u2019Historique\u2026). Mais je pense qu\u2019il est important de r\u00e9compenser ceux qui cr\u00e9ent des animations et qui y participent, ceux qui passent du temps sur les march\u00e9s pour discuter, renseigner les nouveaux, passer du bon temps. Et enfin aussi, ceux qui font aussi de bonnes campagnes. Puisque rappelons-le, VMP est un jeu de campagne.<\/em><\/p>\n<p><strong>Qui seront tes ministres en cas de victoire ?<\/strong><br \/>\n<em>Pour le moment, rien de concret. Je vais essayer de faire un gouvernement repr\u00e9sentatif de VPM en nommant des Ministres venant de gros partis et de plus petits. En essayant de mixer les anciens et les nouveaux joueurs. Je pense qu\u2019il est important d\u2019avoir un contrepouvoir, donc je nommerai 2 candidats s\u00e9lectionn\u00e9s au 1er tour de cette pr\u00e9sidentielle.\u00a0<\/em><br \/>\n<em>J\u2019ai d\u00e9j\u00e0 quelques noms en t\u00eate (au moins 2 ou 3) et il va falloir que je finalise le tout tr\u00e8s prochainement.<\/em><\/p>\n<p><strong>Donne-nous deux adjectifs qui te d\u00e9finissent ?<\/strong><br \/>\n<em>Fid\u00e8le et Fonceur. Oui, j\u2019aime la lettre F !\u00a0<\/em><\/p>\n<p><strong>Pourquoi devrait-on voter pour toi et pas un autre ?<\/strong><br \/>\n<em>Peut-\u00eatre pour montrer qu\u2019il n\u2019y a pas que les anciens joueurs qui existent. Lors des derni\u00e8res Pr\u00e9sidences, on critiquait le fait qu\u2019on voyait toujours les m\u00eames. Que les ministres \u00e9taient remplac\u00e9s par leurs multis.\u00a0<\/em><br \/>\n<em>Et bien justement, je veux montrer \u00e0 la VPMie que tout le monde \u00e0 sa chance. Et franchement, pour un candidat peu connu \u00e0 qui on a dit qu\u2019il avait peu de chance d\u2019avoir des parrainages, je suis assez fier de mes soutiens et j\u2019en profite pour les remercier.<\/em><\/p>\n<p><em>J\u2019appelle d\u2019ailleurs les VPMiens qui ne se sont pas encore prononc\u00e9 \u00e0 venir soutenir le candidat de leur choix.\u00a0<\/em><\/p>\n<p><strong>Qu\u2019est-ce qu\u2019un Pr\u00e9sident pour toi ? Qu\u2019est-ce qui t\u2019a pouss\u00e9 \u00e0 te pr\u00e9senter ?<\/strong><br \/>\n<em>Un Pr\u00e9sident, c\u2019est quelqu\u2019un qui reste pr\u00e9sent sur VPM pour les bons et les moins bons moments. C\u2019est surtout quelqu\u2019un qui met son parti entre parenth\u00e8se pour \u00eatre le Pr\u00e9sident de tous les VPMiens. C\u2019est aussi quelqu\u2019un qui essaye de r\u00e9unir autour de lui un gouvernement efficace pour insuffler du rythme et du dynamisme dans les forums, les march\u00e9s.\u00a0<\/em><br \/>\n<em>Personnellement, j\u2019ai d\u00e9cid\u00e9 de me pr\u00e9senter \u00e0 la Pr\u00e9sidence tout d\u2019abord pour relever un d\u00e9fi. Comme je l\u2019ai dit pr\u00e9c\u00e9demment, je suis un joueur nouveau, moyennement connu qui a quelques relations (mais sans plus) et je me suis dit, pourquoi pas essayer. Et puis, je me suis pris au jeu et maintenant mon esprit fonceur ne veut plus s\u2019arr\u00eater.<\/em><br \/>\n<em>Et puis ensuite, je voulais rendre aux Politocards tout ce qu\u2019ils m\u2019ont apport\u00e9 depuis le mois de mars. Je trouvais dommage qu\u2019il n\u2019y ait aucun repr\u00e9sentant de ce beau parti.\u00a0<\/em><br \/>\n<em>Et enfin, je vais le reconnaitre, comme tous les candidats je crois, j\u2019ai aussi pens\u00e9 \u00e0 moi :)<\/em><\/p>\n<p><strong>Un dernier mot pour la route ?<\/strong><br \/>\n<em>Merci et faites votre choix\u2026 mais le bon !<\/em><\/p>\n","protected":false},"excerpt":{"rendered":"<p>Et voici l&rsquo;interview pr\u00e9sidentielle de Tlsepink! <\/p>\n","protected":false},"author":198,"featured_media":0,"comment_status":"open","ping_status":"open","sticky":false,"template":"","format":"standard","meta":{"site-container-style":"default","site-container-layout":"default","site-sidebar-layout":"default","disable-article-header":"default","disable-site-header":"default","disable-site-footer":"default","disable-content-area-spacing":"default","footnotes":""},"categories":[312,4],"tags":[34,701,14],"class_list":["post-33025","post","type-post","status-publish","format-standard","hentry","category-g-a-la-une","category-2-vpmc","tag-interview","tag-presi-25","tag-presidentielles"],"_links":{"self":[{"href":"https:\/\/vpmedias.fr\/index.php?rest_route=\/wp\/v2\/posts\/33025","targetHints":{"allow":["GET"]}}],"collection":[{"href":"https:\/\/vpmedias.fr\/index.php?rest_route=\/wp\/v2\/posts"}],"about":[{"href":"https:\/\/vpmedias.fr\/index.php?rest_route=\/wp\/v2\/types\/post"}],"author":[{"embeddable":true,"href":"https:\/\/vpmedias.fr\/index.php?rest_route=\/wp\/v2\/users\/198"}],"replies":[{"embeddable":true,"href":"https:\/\/vpmedias.fr\/index.php?rest_route=%2Fwp%2Fv2%2Fcomments&post=33025"}],"version-history":[{"count":15,"href":"https:\/\/vpmedias.fr\/index.php?rest_route=\/wp\/v2\/posts\/33025\/revisions"}],"predecessor-version":[{"id":34061,"href":"https:\/\/vpmedias.fr\/index.php?rest_route=\/wp\/v2\/posts\/33025\/revisions\/34061"}],"wp:attachment":[{"href":"https:\/\/vpmedias.fr\/index.php?rest_route=%2Fwp%2Fv2%2Fmedia&parent=33025"}],"wp:term":[{"taxonomy":"category","embeddable":true,"href":"https:\/\/vpmedias.fr\/index.php?rest_route=%2Fwp%2Fv2%2Fcategories&post=33025"},{"taxonomy":"post_tag","embeddable":true,"href":"https:\/\/vpmedias.fr\/index.php?rest_route=%2Fwp%2Fv2%2Ftags&post=33025"}],"curies":[{"name":"wp","href":"https:\/\/api.w.org\/{rel}","templated":true}]}}