{"id":33143,"date":"2016-10-24T00:01:32","date_gmt":"2016-10-23T23:01:32","guid":{"rendered":"http:\/\/vpmedias.fr\/?p=33143"},"modified":"2016-10-24T00:22:10","modified_gmt":"2016-10-23T23:22:10","slug":"25eme-presidentielle-vptomtom-et-sauvage-au-second-tour","status":"publish","type":"post","link":"https:\/\/vpmedias.fr\/?p=33143","title":{"rendered":"25\u00e8me Pr\u00e9sidentielle : Vptomtom et Sauvage au second tour"},"content":{"rendered":"<p style=\"text-align: justify;\">Les r\u00e9sultats officiels du premier tour de la 25\u00e8me \u00e9lection pr\u00e9sidentielle de VotezPourMoi sont tomb\u00e9s. 4 candidats combattaient pour les premi\u00e8res places et la qualification au second tour. Ce sont finalement <strong>Vptomtom<\/strong> et <strong>Sauvage<\/strong> qui sont qualifi\u00e9s au d\u00e9triment de Arc et Lyonsuper, respectivement 3\u00e8me et 4\u00e8me.<\/p>\n<p style=\"text-align: justify;\"><span style=\"text-decoration: underline;\">Nous vous communiquons les r\u00e9sultats officiels de ce premier tour :<\/span><\/p>\n<table style=\"font-size: 1.3em font-family:Verdana;\" width=\"405\">\n<tbody>\n<tr style=\"font-size: 1.1em;\">\n<th>\n<h3>Candidat<\/h3>\n<\/th>\n<th style=\"text-align: center;\">\n<h3>% voix<\/h3>\n<\/th>\n<th>\n<h3>Nb de voix<\/h3>\n<\/th>\n<\/tr>\n<tr>\n<td><b>Vptomtom<\/b><\/td>\n<td align=\"right\" bgcolor=\"#77FFBB\">23.7 %<\/td>\n<td align=\"right\" bgcolor=\"#77FFBB\">90 voix<\/td>\n<\/tr>\n<tr>\n<td><b>Sauvage<\/b><\/td>\n<td align=\"right\" bgcolor=\"#77FFBB\">22.9 %<\/td>\n<td align=\"right\" bgcolor=\"#77FFBB\">87 voix<\/td>\n<\/tr>\n<tr>\n<td><b>Arc<\/b><\/td>\n<td align=\"right\">17.9 %<\/td>\n<td align=\"right\">68 voix<\/td>\n<\/tr>\n<tr>\n<td><b>Lyonsuper<\/b><\/td>\n<td align=\"right\">17.4 %<\/td>\n<td align=\"right\">66 voix<\/td>\n<\/tr>\n<tr>\n<td><b>Lensvolcan<\/b><\/td>\n<td align=\"right\">7.4 %<\/td>\n<td align=\"right\">28 voix<\/td>\n<\/tr>\n<tr>\n<td><b>Softpowers<\/b><\/td>\n<td align=\"right\">4.7 %<\/td>\n<td align=\"right\">18 voix<\/td>\n<\/tr>\n<tr>\n<td><b>Bikbik<\/b><\/td>\n<td align=\"right\">3.7 %<\/td>\n<td style=\"text-align: right;\" align=\"left\">14 voix<\/td>\n<\/tr>\n<tr>\n<td><b>Prikachu<\/b><\/td>\n<td align=\"right\">2.4 %<\/td>\n<td align=\"right\">9 voix<\/td>\n<\/tr>\n<tr>\n<td style=\"text-align: center;\" colspan=\"3\" bgcolor=\"#DDDDDD\">sur 380 suffrages exprim\u00e9s<\/td>\n<\/tr>\n<\/tbody>\n<\/table>\n<h2>Succ\u00e8s du gouvernement r\u00e9volutionnaire<\/h2>\n<p style=\"text-align: justify;\">Ils \u00e9taient les premiers \u00e0 rejoindre le nouveau syst\u00e8me en Octobre 2015, ils seront les premiers \u00e0 inaugurer le retour \u00e0 l&rsquo;ancien syst\u00e8me pr\u00e9sidentiel. <strong>Sauvage et Vptomtom<\/strong> incarneront le \u00ab\u00a0changement\u00a0\u00bb voulu par Bananus lors de cette 25\u00e8me Pr\u00e9sidentielle. Ces deux candidats vont devoir consacrer toutes leurs forces dans la course \u00e0 la pr\u00e9sidence, et notememnt lors du <strong>d\u00e9bat du Second Tour qui sera organis\u00e9 Lundi 24 Octobre 2016 \u00e0 21h30<\/strong>.<\/p>\n<p style=\"text-align: justify;\">Les candidats qualifi\u00e9s pour le second tour ont tenu \u00e0 adresser un petit message pour les <strong>lecteurs de VPM\u00e9dias<\/strong> :<\/p>\n<blockquote>\n<p style=\"text-align: justify;\">\u00ab\u00a0Et bah merci \u00e0 tout ceux qui me soutiennent, et en route vers la victoire!!!!!!!!!!!!!!!!!\u00a0\u00bb, <em>Vptomtom<\/em><\/p>\n<\/blockquote>\n<blockquote>\n<p style=\"text-align: justify;\">\u00ab\u00a0ON EST ON EST ON EST AU SECOND TOUR LALA DIRLA DADA\u00a0\u00bb, <em>Sauvage<\/em><\/p>\n<p style=\"text-align: justify;\"><span style=\"text-decoration: underline;\">\u00ab\u00a0Tourn\u00e9e g\u00e9n\u00e9rale de Bi\u00e8re blonde<\/span> : (prix 1800 pk.)\u00a0\u00bb, <em>Sauvage<\/em><\/p>\n<\/blockquote>\n<h2 style=\"text-align: justify;\">Naufrage des candidats \u00ab\u00a0Rebelles\u00a0\u00bb<\/h2>\n<p style=\"text-align: justify;\">Avec un score cumul\u00e9 de 13,5%, les trois candidats rebelles que sont <strong>Lensvolcan, Bikbik et Prikachu<\/strong> ont connu un gros \u00e9chec lors de cette campagne. Malgr\u00e9 un long travail de communication au cours de cette campagne, le manque de pr\u00e9paration a \u00e9t\u00e9 fatal pour ces 3 candidats qui vont d\u00e9sormais devoir annoncer leur \u00e9ventuel report, qui aura finalement un impact assez modeste sur le Second Tour, qui aura lieu dans quelques jours.<\/p>\n<h2 style=\"text-align: justify;\">Les anciens en bonne posture<\/h2>\n<p style=\"text-align: justify;\">La \u00ab\u00a0vieille g\u00e9n\u00e9ration\u00a0\u00bb VPMienne est finalement en bonne posture lors de ce scrutin qu&rsquo;elle connait bien. <strong>Arc et Lyonsuper<\/strong>, les deux candidats recueillent 35% des suffrages exprim\u00e9s \u00e0 eux deux. Lyonsuper s&rsquo;est d&rsquo;ailleurs dit ravi d&rsquo;un score tout \u00e0 fait convenable : 17,4% des voix. Cet apport de voix important s&rsquo;annonce d&rsquo;ors et d\u00e9j\u00e0 capital pour les deux candidats qualifi\u00e9 dans la course \u00e0 la victoire.<\/p>\n<p style=\"text-align: justify;\">Gageons que des n\u00e9gociations d\u00e9buteront tr\u00e8s rapidement dans l\u2019int\u00e9r\u00eat de capter cet \u00e9lectorat.<\/p>\n<p style=\"text-align: justify;\">\n","protected":false},"excerpt":{"rendered":"<p>Les r\u00e9sultats du premier tour sont d\u00e9sormais connus. Analyse des r\u00e9sultats et premi\u00e8res r\u00e9action au programme.<\/p>\n","protected":false},"author":91,"featured_media":0,"comment_status":"open","ping_status":"open","sticky":false,"template":"","format":"standard","meta":{"site-container-style":"default","site-container-layout":"default","site-sidebar-layout":"default","disable-article-header":"default","disable-site-header":"default","disable-site-footer":"default","disable-content-area-spacing":"default","footnotes":""},"categories":[312,4],"tags":[421,701,418,438],"class_list":["post-33143","post","type-post","status-publish","format-standard","hentry","category-g-a-la-une","category-2-vpmc","tag-candidats","tag-presi-25","tag-presidentielle","tag-resultats"],"_links":{"self":[{"href":"https:\/\/vpmedias.fr\/index.php?rest_route=\/wp\/v2\/posts\/33143","targetHints":{"allow":["GET"]}}],"collection":[{"href":"https:\/\/vpmedias.fr\/index.php?rest_route=\/wp\/v2\/posts"}],"about":[{"href":"https:\/\/vpmedias.fr\/index.php?rest_route=\/wp\/v2\/types\/post"}],"author":[{"embeddable":true,"href":"https:\/\/vpmedias.fr\/index.php?rest_route=\/wp\/v2\/users\/91"}],"replies":[{"embeddable":true,"href":"https:\/\/vpmedias.fr\/index.php?rest_route=%2Fwp%2Fv2%2Fcomments&post=33143"}],"version-history":[{"count":12,"href":"https:\/\/vpmedias.fr\/index.php?rest_route=\/wp\/v2\/posts\/33143\/revisions"}],"predecessor-version":[{"id":33161,"href":"https:\/\/vpmedias.fr\/index.php?rest_route=\/wp\/v2\/posts\/33143\/revisions\/33161"}],"wp:attachment":[{"href":"https:\/\/vpmedias.fr\/index.php?rest_route=%2Fwp%2Fv2%2Fmedia&parent=33143"}],"wp:term":[{"taxonomy":"category","embeddable":true,"href":"https:\/\/vpmedias.fr\/index.php?rest_route=%2Fwp%2Fv2%2Fcategories&post=33143"},{"taxonomy":"post_tag","embeddable":true,"href":"https:\/\/vpmedias.fr\/index.php?rest_route=%2Fwp%2Fv2%2Ftags&post=33143"}],"curies":[{"name":"wp","href":"https:\/\/api.w.org\/{rel}","templated":true}]}}