{"id":33225,"date":"2016-10-30T19:20:34","date_gmt":"2016-10-30T18:20:34","guid":{"rendered":"http:\/\/vpmedias.fr\/?p=33225"},"modified":"2016-10-31T00:37:41","modified_gmt":"2016-10-30T23:37:41","slug":"confidences-avec-le-nouveaux-president-vptomtom","status":"publish","type":"post","link":"https:\/\/vpmedias.fr\/?p=33225","title":{"rendered":"Confidences avec le nouveau Pr\u00e9sident Vptomtom"},"content":{"rendered":"<p style=\"text-align: justify;\">Sur VPM aussi, le pr\u00e9sident fait des confessions avec les journalistes ! Sauf que notre bon pr\u00e9sident, Vptomtom a fait le choix de commencer d\u00e8s le d\u00e9but de son mandat. Le pr\u00e9sident nouvellement \u00e9lu nous raconte ses sentiments, ses impressions sur la pr\u00e9sidentielle qui vient de s&rsquo;achever, et nous parle des premi\u00e8res actions de la mandature.<\/p>\n<p style=\"text-align: justify;\"><em>Cet entretien a \u00e9t\u00e9 enregistr\u00e9 avant la publication du gouvernement par le pr\u00e9sident Vptomtom.<\/em><\/p>\n<p style=\"text-align: justify;\"><strong>Bonjour Mr le Pr\u00e9sident, bienvenue ici \u00e0 VPM\u00e9dias. Voulez-vous adresser un petit message \u00e0 nos lecteurs, qui ont peut-\u00eatre contribu\u00e9 \u00e0 votre \u00e9lection ?<\/strong><\/p>\n<p style=\"text-align: justify;\"><strong><\/strong>Salut ! Et bien encore merci \u00e0 toute les crapules qui ont fait triompher l&rsquo;eucalyptus !!!<\/p>\n<p><strong> Lorsque vous avez pu lire que vous \u00e9tiez le nouveau pr\u00e9sident de VPM, quelle \u00e0 \u00e9t\u00e9 votre premi\u00e8re pens\u00e9e ?<\/strong><\/p>\n<p style=\"text-align: justify;\">Un m\u00e9lange de joie, de soulagement et de surprise^^<\/p>\n<p><strong> Vous avez lanc\u00e9 la premi\u00e8re animation de votre mandat : l&rsquo;\u00e9lection de 2 ministres. L&rsquo;un d&rsquo;entre eux sera obligatoirement un jeune joueur. Est-ce la premi\u00e8re \u00e9tape d&rsquo;une v\u00e9ritable int\u00e9gration de cette cat\u00e9gorie de joueur \u00e0 votre politique ?<\/strong><\/p>\n<p style=\"text-align: justify;\">Tout \u00e0 fait, votre saintet\u00e9 ;)! En plus d\u2019int\u00e9grer un nouveau au gouvernement, \u00e7a permet \u00e0 un certain nombre de jeunes vpmiens qui ne seront pas \u00e9lus ministres de s&rsquo;investir davantage dans la communaut\u00e9. Certains des candidats ont fait campagne sur le forum ou sur les march\u00e9s, ce qui a pu leur donner le gout de rester actif dans la communaut\u00e9 m\u00eame apr\u00e8s l\u2019\u00e9lection.<\/p>\n<p style=\"text-align: justify;\">D&rsquo;autres encore ont incit\u00e9s d&rsquo;autre nouveau \u00e0 voter pour eux et donc \u00e0 se rendre sur le forum, ce qui a pu permettre \u00e0 certains de d\u00e9couvrir cette partie du jeu.<\/p>\n<p style=\"text-align: justify;\">Et ce n&rsquo;est qu&rsquo;un d\u00e9but, bien d&rsquo;autres animations seront organis\u00e9es dans les mois \u00e0 venir ;)!<\/p>\n<p><strong> Cette animation connait un grand succ\u00e8s : beaucoup de candidats et de votes. \u00cates-vous satisfait de ce d\u00e9but de mandat ?<\/strong><\/p>\n<p style=\"text-align: justify;\">Satisfait du succ\u00e8s de l&rsquo;anim ouaip, un peu moins d&rsquo;avoir eu tout \u00e0 calculer (a)<\/p>\n<p style=\"text-align: justify;\">Non s\u00e9rieusement j&rsquo;ai \u00e9t\u00e9 agr\u00e9ablement surpris du succ\u00e8s de l&rsquo;anim, ca prouve que la communaut\u00e9 est loin d&rsquo;\u00eatre morte et que si on la bouge un peu y&rsquo;a moyen de bien animer VPM ;)!<\/p>\n<p><strong> L&rsquo;annonce \u00e0 \u00e9t\u00e9 faite il y a quelques heures : l&rsquo;imp\u00f4t ne sera pr\u00e9lev\u00e9 que la semaine prochaine. Mais comment allez-vous verser cette premi\u00e8re enveloppe ?<\/strong><\/p>\n<p style=\"text-align: justify;\">Ma premi\u00e8re enveloppe sera revers\u00e9e au Parti DTC, pour Sauvage. Il a organis\u00e9s ces derniers mois plusieurs anims sans jamais \u00eatre r\u00e9compens\u00e9, sans compter l&rsquo;\u00e9lection pr\u00e9sidentielle qu&rsquo;il a particip\u00e9 \u00e0 animer.<\/p>\n<p style=\"text-align: justify;\">Je pense que pour cel\u00e0, il m\u00e9rite bien une p&rsquo;tite enveloppe ;)<\/p>\n<p style=\"text-align: justify;\">Bon \u00e7a c&rsquo;est la raison officielle, la vraie raison c&rsquo;est que c&rsquo;est pour faire taire l&rsquo;opposition (a)<\/p>\n<p><strong> Votre gouvernement va \u00eatre annonc\u00e9 ce week-end, \u00e0 la suite du vote actuellement en pr\u00e9paration. Pouvez-vous nous donner en avant-premi\u00e8re le nom de l&rsquo;un de vos ministres ?<\/strong><\/p>\n<p style=\"text-align: justify;\">J&rsquo;en ai d\u00e9j\u00e0 annonc\u00e9 2 sur le forum, Sarkasme et Samarinho^^ Pour le reste, je garde la surprise ;)<\/p>\n<p><strong> Un peu moins officiel, nous pouvons lire comme topic de votre forum \u00ab\u00a0pr\u00e9sidentielle\u00a0\u00bb de ce type : \u00ab\u00a0Erection des ministres, le vote.\u00a0\u00bb ou \u00ab\u00a0Plein la cr\u00eate !! je montre ma qu\u00e9quette\u00a0\u00bb. Comment r\u00e9agissez-vous face \u00e0 cet humour plus que douteux ?<\/strong><\/p>\n<p style=\"text-align: justify;\">Je suis poutr\u00e9 heu outr\u00e9 (a)<\/p>\n<p><strong> Vous avez d\u00e9j\u00e0 certainement discut\u00e9 avec Bananus, notre administrateur. Comment se sont d\u00e9roul\u00e9es ces premi\u00e8res discussions ?<\/strong><\/p>\n<p style=\"text-align: justify;\">Ouaip bien sur ! \u00c7a c&rsquo;est tr\u00e8s bien pass\u00e9, l&rsquo;eucalyptus \u00e0 l&rsquo;air de lui plaire^^!<\/p>\n<p><strong> Pouvez-vous nous indiquer quelques \u00e9l\u00e9ments techniques concernant la d\u00e9but de votre mandat, au del\u00e0 de ce qui est d\u00e9j\u00e0 en cours ?<\/strong><\/p>\n<p style=\"text-align: justify;\">Le gouvernement sera nomm\u00e9 demain ;)! <em>(aujourd&rsquo;hui, dimanche, donc)<\/em><\/p>\n<p><strong> Un petit dernier message ?<\/strong><\/p>\n<p style=\"text-align: justify;\">Encore merci \u00e0 tous et gloire \u00e0 l&rsquo;eucalyptus !!!!!!!!!<\/p>\n<hr \/>\n<h2 style=\"text-align: center;\">Annonce du gouvernement<\/h2>\n<p>En ce dimanche, la composition gouvernementale \u00e0 \u00e9t\u00e9 annonc\u00e9e.<\/p>\n<ul>\n<li><span style=\"color: #008000;\"><strong>Samarinho<\/strong> <\/span>:<strong> Premier Ministre<\/strong>, ministre charg\u00e9 des <strong>melons, des past\u00e8ques et des courges<\/strong><\/li>\n<li><strong><span style=\"color: #008000;\">Sarkasme<\/span> <\/strong>: Ministre charg\u00e9 de la <strong>paix<\/strong>, de l\u2019<strong>amour<\/strong>, de la <strong>joie<\/strong>, du <strong>bonheur<\/strong>, de la <strong>volupt\u00e9<\/strong> et de l\u2019<strong>all\u00e9gresse<\/strong><\/li>\n<li><strong><span style=\"color: #800080;\">Lensvolcan<\/span> <\/strong>: Ministre de l\u2019<strong>animation<\/strong>, charg\u00e9 de <strong>blanchir les enveloppes pr\u00e9sidentielles<\/strong> et de <strong>noircir la composition du gouvernement<\/strong><\/li>\n<li><span style=\"color: #800080;\"><strong>Lorstin<\/strong> <\/span>: Ministre charg\u00e9 de <strong>nettoyer le portrait pr\u00e9sidentiel<\/strong> et de<strong> passer la serpill\u00e8re dans le Palais<\/strong><\/li>\n<li><strong><span style=\"color: #0000ff;\">Artarriate<\/span> <\/strong>: Ministre \u00e9lu par le peuple, charg\u00e9 du <strong>Champagne<\/strong>, du <strong>Rhum<\/strong> et de la<strong> promotion de l\u2019alcoolisme<\/strong><\/li>\n<li><span style=\"color: #0000ff;\"><strong>Baaaronne<\/strong> <\/span>: Ministre \u00e9lue par le peuple, charg\u00e9e de la <strong>jeunesse<\/strong>, des<strong> f\u00eates de fin d\u2019ann\u00e9es<\/strong> et de l\u2019<strong>entretien des fours du Palais<\/strong><\/li>\n<\/ul>\n<p>[auteur]<\/p>\n","protected":false},"excerpt":{"rendered":"<p>\u00ab Merci \u00e0 toute les crapules qui ont fait triompher l&rsquo;eucalyptus \u00bb<\/p>\n","protected":false},"author":91,"featured_media":0,"comment_status":"open","ping_status":"open","sticky":false,"template":"","format":"standard","meta":{"site-container-style":"default","site-container-layout":"default","site-sidebar-layout":"default","disable-article-header":"default","disable-site-header":"default","disable-site-footer":"default","disable-content-area-spacing":"default","footnotes":""},"categories":[312,4],"tags":[292,34,54],"class_list":["post-33225","post","type-post","status-publish","format-standard","hentry","category-g-a-la-une","category-2-vpmc","tag-gouvernement","tag-interview","tag-president"],"_links":{"self":[{"href":"https:\/\/vpmedias.fr\/index.php?rest_route=\/wp\/v2\/posts\/33225","targetHints":{"allow":["GET"]}}],"collection":[{"href":"https:\/\/vpmedias.fr\/index.php?rest_route=\/wp\/v2\/posts"}],"about":[{"href":"https:\/\/vpmedias.fr\/index.php?rest_route=\/wp\/v2\/types\/post"}],"author":[{"embeddable":true,"href":"https:\/\/vpmedias.fr\/index.php?rest_route=\/wp\/v2\/users\/91"}],"replies":[{"embeddable":true,"href":"https:\/\/vpmedias.fr\/index.php?rest_route=%2Fwp%2Fv2%2Fcomments&post=33225"}],"version-history":[{"count":3,"href":"https:\/\/vpmedias.fr\/index.php?rest_route=\/wp\/v2\/posts\/33225\/revisions"}],"predecessor-version":[{"id":33232,"href":"https:\/\/vpmedias.fr\/index.php?rest_route=\/wp\/v2\/posts\/33225\/revisions\/33232"}],"wp:attachment":[{"href":"https:\/\/vpmedias.fr\/index.php?rest_route=%2Fwp%2Fv2%2Fmedia&parent=33225"}],"wp:term":[{"taxonomy":"category","embeddable":true,"href":"https:\/\/vpmedias.fr\/index.php?rest_route=%2Fwp%2Fv2%2Fcategories&post=33225"},{"taxonomy":"post_tag","embeddable":true,"href":"https:\/\/vpmedias.fr\/index.php?rest_route=%2Fwp%2Fv2%2Ftags&post=33225"}],"curies":[{"name":"wp","href":"https:\/\/api.w.org\/{rel}","templated":true}]}}