{"id":34551,"date":"2017-03-08T19:32:47","date_gmt":"2017-03-08T18:32:47","guid":{"rendered":"http:\/\/vpmedias.fr\/?p=34551"},"modified":"2017-03-08T22:22:49","modified_gmt":"2017-03-08T21:22:49","slug":"bigbaba-%c2%admon-programme-il-est-original-dans-le-sens-que-je-nen-ai-pas","status":"publish","type":"post","link":"https:\/\/vpmedias.fr\/?p=34551","title":{"rendered":"Bigbaba : \u00ad\u00ab Mon programme est original dans le sens que je n&rsquo;en ai pas ! \u00bb"},"content":{"rendered":"<p style=\"text-align: justify;\">En pleine campagne pr\u00e9sidentielle, les candidats r\u00e9pondent aux questions des journalistes de VPM\u00e9dias. Les candidats peuvent ainsi pr\u00e9senter leur programme et leurs id\u00e9es devant vous, de quoi vous faire une id\u00e9e pr\u00e9cise de chacun des concurrents \u00e0 cette 26\u00e8me pr\u00e9sidentielle de VPM ! Aujourd&rsquo;hui, nous recevons <strong>Bigbaba<\/strong>.<\/p>\n<p style=\"text-align: justify;\"><strong>Bonjour Bigbaba, merci d&rsquo;avoir accept\u00e9 cette interview. Peux tu te pr\u00e9senter aux joueurs qui ne te connaissent pas ?<\/strong><\/p>\n<p>Je suis une joueuse inscrite depuis moins d&rsquo;un an. Je suis plut\u00f4t bonasse en campagne et rentable pour un parti. Et j aime bien ouvrir mon bec r\u00e9guli\u00e8rement sur le forum&#8230; histoire qu on ne s endorme pas !<\/p>\n<p><strong> Comment vis-tu cette campagne ? Tu as trouv\u00e9 \u00e7a assez anim\u00e9 ?<\/strong><\/p>\n<p>C&rsquo;est ma premi\u00e8re. Je suis d\u00e9\u00e7ue. Je trouve que globalement la communaut\u00e9 fait une fixation sur certains candidats &#8230; ceux des gros clans&#8230;. et s indiff\u00e8re royalement de la campagne en elle m\u00eame et des candidats.<br \/>\n\u00c7a doit \u00eatre le r\u00e9sultat d&rsquo;une longue attente de 4 mois pleine de frustrations.<\/p>\n<p><strong> Peux-tu nous parler de ton programme ?<\/strong><\/p>\n<p>Bin mon programme il est original dans le sens que je n&rsquo;en ai pas ! A part remplir ma fonction de pr\u00e9sidente !<br \/>\nLes promesses \u00e7a me gonfle et je ne sais pas en faire. Par contre je suis honn\u00eate.<br \/>\nJe peux m&rsquo;engager cependant \u00e0 faire de mon mieux pour que les anciennes querelles&#8230; puissent laisser un peu \u00e0 des nouvelles ! Et \u00e0 participer activement \u00e0 la vie de la communaut\u00e9 et \u00e0 son a\u00e9ration !<\/p>\n<p><strong> Quels seraient les deux adjectifs qui te d\u00e9crivent le mieux ?<\/strong><\/p>\n<p>Libre et rock n&rsquo;roll<\/p>\n<p><strong> Pourquoi devrait-on voter pour toi et pas un autre ?<\/strong><\/p>\n<p>Parce que je suis la candidate id\u00e9ale pour comprendre les probl\u00e9matiques d&rsquo;un nouveau et celui d&rsquo;un ancien&#8230; puisque je suis entre les 2 et que je ne manque pas de toupet !<\/p>\n<p><strong> Qu\u2019est-ce qu\u2019un Pr\u00e9sident (ou une pr\u00e9sidente) pour toi ? Qu\u2019est-ce qui t\u2019a pouss\u00e9 \u00e0 te pr\u00e9senter ?<\/strong><\/p>\n<p>C&rsquo;est celui qui donne un go\u00fbt et un ton \u00e0 une p\u00e9riode de 4 mois dans l&rsquo;histoire de VPM.<\/p>\n<p><strong> Te d\u00e9cris-tu plut\u00f4t comme une \u00ab\u00a0campagnarde\u00a0\u00bb ou une \u00ab\u00a0communautaire\u00a0\u00bb ? Quels sont tes priorit\u00e9s sur VPM ?<\/strong><\/p>\n<p>Je suis campagnarde. J&rsquo;adore \u00e7a ! Et je suis communautaire, j&rsquo;adore \u00e7a!<\/p>\n<p>Ma priorit\u00e9 c est de m&rsquo;amuser et de faire en sorte que \u00e7a dire le plus longtemps possible.<\/p>\n<p><strong> Un mot pour terminer ?<\/strong><\/p>\n<p>Comme je suis une pintade&#8230; tu me feras le plaisir de mettre ce questionnaire au f\u00e9minin ! [<em>Note: C&rsquo;est fait :p<\/em>]<\/p>\n<p>COIN COIN !<\/p>\n<p style=\"text-align: justify;\"><strong>Merci pour tes r\u00e9ponses, \u00e0 bient\u00f4t sur VPM\u00e9dias !<\/strong><\/p>\n","protected":false},"excerpt":{"rendered":"<p>Bigbaba r\u00e9pond aux questions de notre journaliste \u00e0 l&rsquo;occasion de l&rsquo;\u00e9lection pr\u00e9sidentielle.<\/p>\n","protected":false},"author":91,"featured_media":0,"comment_status":"open","ping_status":"open","sticky":false,"template":"","format":"standard","meta":{"site-container-style":"default","site-container-layout":"default","site-sidebar-layout":"default","disable-article-header":"default","disable-site-header":"default","disable-site-footer":"default","disable-content-area-spacing":"default","footnotes":""},"categories":[4],"tags":[421,34,704,418],"class_list":["post-34551","post","type-post","status-publish","format-standard","hentry","category-2-vpmc","tag-candidats","tag-interview","tag-presi-26","tag-presidentielle"],"_links":{"self":[{"href":"https:\/\/vpmedias.fr\/index.php?rest_route=\/wp\/v2\/posts\/34551","targetHints":{"allow":["GET"]}}],"collection":[{"href":"https:\/\/vpmedias.fr\/index.php?rest_route=\/wp\/v2\/posts"}],"about":[{"href":"https:\/\/vpmedias.fr\/index.php?rest_route=\/wp\/v2\/types\/post"}],"author":[{"embeddable":true,"href":"https:\/\/vpmedias.fr\/index.php?rest_route=\/wp\/v2\/users\/91"}],"replies":[{"embeddable":true,"href":"https:\/\/vpmedias.fr\/index.php?rest_route=%2Fwp%2Fv2%2Fcomments&post=34551"}],"version-history":[{"count":5,"href":"https:\/\/vpmedias.fr\/index.php?rest_route=\/wp\/v2\/posts\/34551\/revisions"}],"predecessor-version":[{"id":34559,"href":"https:\/\/vpmedias.fr\/index.php?rest_route=\/wp\/v2\/posts\/34551\/revisions\/34559"}],"wp:attachment":[{"href":"https:\/\/vpmedias.fr\/index.php?rest_route=%2Fwp%2Fv2%2Fmedia&parent=34551"}],"wp:term":[{"taxonomy":"category","embeddable":true,"href":"https:\/\/vpmedias.fr\/index.php?rest_route=%2Fwp%2Fv2%2Fcategories&post=34551"},{"taxonomy":"post_tag","embeddable":true,"href":"https:\/\/vpmedias.fr\/index.php?rest_route=%2Fwp%2Fv2%2Ftags&post=34551"}],"curies":[{"name":"wp","href":"https:\/\/api.w.org\/{rel}","templated":true}]}}