{"id":355,"date":"2009-11-28T09:05:38","date_gmt":"2009-11-28T07:05:38","guid":{"rendered":"http:\/\/vpmedias.fr\/?p=355"},"modified":"2011-04-04T23:01:47","modified_gmt":"2011-04-04T21:01:47","slug":"editorial-bonjour-tristesse","status":"publish","type":"post","link":"https:\/\/vpmedias.fr\/?p=355","title":{"rendered":"[\u00c9ditorial] Bonjour Tristesse ou Au Revoir Oubli ?"},"content":{"rendered":"<p style=\"text-align: justify;\">Ce matin, j&rsquo;ai d\u00e9cid\u00e9 de me lancer le d\u00e9fi d&rsquo;\u00e9crire un \u00e9ditorial encore plus pessimiste et d\u00e9prim\u00e9\/d\u00e9primant que la semaine derni\u00e8re, ce qui est en soit un exploit. Et pourtant je rel\u00e8ve le d\u00e9fi. Pr\u00eats ? Et bien, en fait, non, puisque je me rebelle contre le lobby des antid\u00e9presseurs.<\/p>\n<p style=\"text-align: justify;\"><!--more--><\/p>\n<p style=\"text-align: justify;\">Cette semaine sur VPM, quand je r\u00e9fl\u00e9chis \u00e0 ce qu&rsquo;il s&rsquo;est pass\u00e9, je suis tr\u00e8s tent\u00e9 de dire&#8230;qu&rsquo;il ne s&rsquo;est rien pass\u00e9. Le Forum est moribond calme et la plupart de ses sujets manque d&rsquo;int\u00e9r\u00eat. VPM\u00e9dias &amp; la Cohu Bohu refl\u00e8tent l&rsquo;ennui total que semble susciter le jeu ces derniers temps. Les Forums externes eux-m\u00eames sont de moins en moins int\u00e9ressants (si on peut encore consid\u00e9rer qu&rsquo;ils parlent de VPM). Le jeu manque de personnalit\u00e9s fortes, charismatiques, de d\u00e9bats, de mouvement, d&rsquo;enthousiasme.<\/p>\n<p style=\"text-align: justify;\">\n<p style=\"text-align: justify;\">Tout au plus pourrais-je relever l&rsquo;annonce d&rsquo;une Pr\u00e9sidentielle sur le Forum par Bananus pour ce week-end. Mais tr\u00e8s honn\u00eatement, l&rsquo;effet de surprise pass\u00e9, je pense que cette Pr\u00e9sidentielle va terriblement m&rsquo;ennuyer et me d\u00e9sint\u00e9resser totalement. J&rsquo;ai d\u00e9j\u00e0 \u00e9voqu\u00e9 <a title=\"Article de VPM\u00e9dias\" href=\"http:\/\/vpmedias.fr\/?p=37\" target=\"_blank\">ma vision sur les Pr\u00e9sidentielles de VPM<\/a>, mais l\u00e0, je ne puis que confirmer cette position, tant j&rsquo;ai l&rsquo;impression que cet \u00e9v\u00e8nement ne passionnera pas les foules et passera quasiment inaper\u00e7u. L\u00e0-aussi, tout manque de saveur. Tous ceux qui, comme moi, ont connu la Pr\u00e9sidentielle qui a vu l&rsquo;av\u00e8nement de MrBanana, savent de quoi je veux parler. Rien que d&rsquo;y penser, j&rsquo;en ai des fourmis dans les doigts. Mais quand je pense \u00e0 l&rsquo;insipide Pr\u00e9sidentielle qui s&rsquo;annonce, d\u00e9fil\u00e9 inutile de candidats favoris et de joueurs m\u00e9diocres et inconnus qui tentent leur chance, sans enjeu, sans confrontation d&rsquo;id\u00e9es, elle m&rsquo;arrache un b\u00e2illement. Si vous ne pensez pas comme moi, n&rsquo;h\u00e9sitez pas \u00e0 me contredire par commentaires, mais&#8230; Esp\u00e9rons au moins que les candidats feront preuve d&rsquo;humour et d&rsquo;originalit\u00e9. VPM en a bien besoin. Mais il manque quelque chose, un enjeu, pour que les Pr\u00e9sidentielles constituent r\u00e9ellement un \u00e9v\u00e8nement de taille. Il y a peut-\u00eatre quelque chose \u00e0 faire&#8230;<\/p>\n<p style=\"text-align: justify;\">\n<p style=\"text-align: justify;\">Cela dit, je me r\u00e9jouis est d&rsquo;avoir enfin \u00e9t\u00e9 entendu. Enfin, Bananus a pris la d\u00e9cision d&rsquo;annoncer les Pr\u00e9sidentielles un peu \u00e0 l&rsquo;avance. Par <a title=\"Sujet du Forum de VPM\" href=\"http:\/\/www.votezpourmoi.com\/forum_msg.php?idsujet=10488&amp;id=5\" target=\"_blank\">ce sujet<\/a>, il r\u00e9alise ce que je demande depuis plus d&rsquo;un an. Voil\u00e0 toujours un peu plus de r\u00e9alisme, puisque les partis sont amen\u00e9s \u00e0 s&rsquo;organiser, \u00e0 choisir plus finement leur candidat (ou pas). C&rsquo;est mieux que le \u00ab\u00a0le premier qui se connecte et qui voit le truc est candidat lol\u00a0\u00bb. C&rsquo;est vrai. C&rsquo;est bien. Ca change. Et peut-\u00eatre en ressentirons-nous les b\u00e9n\u00e9fices cette fois-ci.<\/p>\n<p style=\"text-align: justify;\">Sinon, la tr\u00e8s grande nouvelle du jour est que le lien de VPM\u00e9dias est enfin affich\u00e9 dans l&rsquo;onglet \u00ab\u00a0forum\u00a0\u00bb sur VPM. Depuis le temps que nous esp\u00e9rions un minimum de soutien envers notre projet, nous voil\u00e0 combl\u00e9s. Mon <span style=\"text-decoration: line-through;\">laquais<\/span> cher Spolioz a d&rsquo;ailleurs ouvert <a title=\"Sujet du Forum de VPM\" href=\"http:\/\/www.votezpourmoi.com\/forum_msg.php?idsujet=10502&amp;id=1\" target=\"_blank\">un sujet pour VPM\u00e9dias sur le Forum<\/a>, en esp\u00e9rant que nous avons le droit.<\/p>\n<p style=\"text-align: justify;\">\n<p style=\"text-align: justify;\">Que dire d&rsquo;autre ? Je pourrais mettre un r\u00e9sum\u00e9 du roman de Sagan, vous parler d&rsquo;\u00e9lectron\u00e9gativit\u00e9, de la fin du monde, me livrer \u00e0 une critique en r\u00e8gle du Pacte Social de Rousseau, coller un article de Wikipedia&#8230;ou simplement placer une conclusion. Derni\u00e8re solution.<\/p>\n<p style=\"text-align: justify;\">\n<p style=\"text-align: justify;\">Vous l&rsquo;aurez compris : la semaine fut moyennement int\u00e9ressante. Et celle qui vient, \u00e0 mon avis, sera gu\u00e8re plus dynamique. Bonne Pr\u00e9sidentielle quand m\u00eame. ^^<\/p>\n","protected":false},"excerpt":{"rendered":"<p>Ce matin, j&rsquo;ai d\u00e9cid\u00e9 de me lancer le d\u00e9fi d&rsquo;\u00e9crire un \u00e9ditorial encore plus pessimiste et d\u00e9prim\u00e9\/d\u00e9primant que la semaine derni\u00e8re, ce qui est en soit un exploit. Et pourtant je rel\u00e8ve le d\u00e9fi. Pr\u00eats ? Et bien, en fait, non, puisque je me rebelle contre le lobby des antid\u00e9presseurs.<\/p>\n","protected":false},"author":2,"featured_media":0,"comment_status":"open","ping_status":"open","sticky":false,"template":"","format":"standard","meta":{"site-container-style":"default","site-container-layout":"default","site-sidebar-layout":"default","disable-article-header":"default","disable-site-header":"default","disable-site-footer":"default","disable-content-area-spacing":"default","footnotes":""},"categories":[3],"tags":[21,15,32,18,24,14],"class_list":["post-355","post","type-post","status-publish","format-standard","hentry","category-1-vpmi","tag-administration","tag-debat","tag-editorial","tag-forum","tag-medias","tag-presidentielles"],"_links":{"self":[{"href":"https:\/\/vpmedias.fr\/index.php?rest_route=\/wp\/v2\/posts\/355","targetHints":{"allow":["GET"]}}],"collection":[{"href":"https:\/\/vpmedias.fr\/index.php?rest_route=\/wp\/v2\/posts"}],"about":[{"href":"https:\/\/vpmedias.fr\/index.php?rest_route=\/wp\/v2\/types\/post"}],"author":[{"embeddable":true,"href":"https:\/\/vpmedias.fr\/index.php?rest_route=\/wp\/v2\/users\/2"}],"replies":[{"embeddable":true,"href":"https:\/\/vpmedias.fr\/index.php?rest_route=%2Fwp%2Fv2%2Fcomments&post=355"}],"version-history":[{"count":0,"href":"https:\/\/vpmedias.fr\/index.php?rest_route=\/wp\/v2\/posts\/355\/revisions"}],"wp:attachment":[{"href":"https:\/\/vpmedias.fr\/index.php?rest_route=%2Fwp%2Fv2%2Fmedia&parent=355"}],"wp:term":[{"taxonomy":"category","embeddable":true,"href":"https:\/\/vpmedias.fr\/index.php?rest_route=%2Fwp%2Fv2%2Fcategories&post=355"},{"taxonomy":"post_tag","embeddable":true,"href":"https:\/\/vpmedias.fr\/index.php?rest_route=%2Fwp%2Fv2%2Ftags&post=355"}],"curies":[{"name":"wp","href":"https:\/\/api.w.org\/{rel}","templated":true}]}}