{"id":35505,"date":"2017-08-11T08:00:05","date_gmt":"2017-08-11T06:00:05","guid":{"rendered":"http:\/\/vpmedias.fr\/?p=35505"},"modified":"2017-08-17T18:56:29","modified_gmt":"2017-08-17T16:56:29","slug":"zalou-je-me-vois-bien-vice-presidente","status":"publish","type":"post","link":"https:\/\/vpmedias.fr\/?p=35505","title":{"rendered":"Zalou : \u00abJe me vois bien vice-pr\u00e9sidente !\u00bb"},"content":{"rendered":"<p style=\"text-align: justify;\"><strong>Bonjour Zalou, peux-tu te pr\u00e9senter \u00e0 ceux qui ne te connaissent pas ?<\/strong><\/p>\n<p style=\"text-align: justify;\"><span style=\"color: #ff00ff;\">Zalou<\/span> : Ceux qui ne me connaissent pas ? Il y en a ??? Honte \u00e0 eux !!<br \/>\nBref, je suis Zalou, vraiment sur le jeu depuis mai 2015. Je suis une femme, une vraie de vrai, promis, \u00e2g\u00e9e de 28 ans.<br \/>\nJe suis entr\u00e9e au Clan des Sauvages durant l&rsquo;\u00e9t\u00e9 2015, et celui-ci est devenu le Harem de Zalou en d\u00e9cembre 2015, et je fus nomm\u00e9e SG par ses membres au m\u00eame moment ! Depuis, je donne tout pour mon parti, et j&rsquo;essaye d&rsquo;apporter de la fra\u00eecheur et de la f\u00e9minit\u00e9 f\u00e9line \u00e0 ce jeu !<\/p>\n<p style=\"text-align: justify;\"><strong>Comment d\u00e9cris-tu ton parcours de ministre ?<\/strong><\/p>\n<p style=\"text-align: justify;\"><span style=\"color: #ff00ff;\">Zalou<\/span> : Mon parcours de ministre est assez calme, dans l&rsquo;ensemble je m&rsquo;entends bien avec mes co\u00e9quipiers, et la population VPMienne semble satisfaite de mon travail !<br \/>\nUne partie tumultueuse, la pr\u00e9sidence de Marsien, pour qui je souhaitais absolument qu&rsquo;il garde ses habitudes de mandats les plus courts de VPM ! Pour cela, je n&rsquo;ai pas h\u00e9sit\u00e9 \u00e0 participer \u00e0 son \u00e9viction !<\/p>\n<p style=\"text-align: justify;\"><strong>Comment se passe une semaine de ministre ?<\/strong><\/p>\n<p style=\"text-align: justify;\"><span style=\"color: #ff00ff;\">Zalou<\/span> : Une semaine de ministre commence par la pr\u00e9sentation du budget par notre pr\u00e9sident (ou actuellement, notre magnifique pr\u00e9sidente). Avec certains pr\u00e9sidents, j&rsquo;avais la chance de recevoir le budget avant sa publication, pour pouvoir donner mon opinion et moduler certaines primes, mais ce n&rsquo;est plus le cas. De l\u00e0 d\u00e9coulent quelques discussions entre ministres, afin d&rsquo;arriver au vote ! Et de l\u00e0, on serre les fesses pour que les choses se passent dans notre sens !!<br \/>\nPuis les n\u00e9gociations continuent, pour savoir comment les pr\u00e9rogatives vont \u00eatre utilis\u00e9es. Entre temps, il fait partie de notre r\u00f4le de r\u00e9pondre aux interviews, d&rsquo;\u00eatre pr\u00e9sents sur les march\u00e9s pour pouvoir parler avec les VPMiens, et bien s\u00fbr, d&rsquo;\u00eatre actifs sur le forum tant que possible !<\/p>\n<p style=\"text-align: justify;\"><strong>Comment envisages-tu ton avenir au gouvernement ?<\/strong><\/p>\n<p style=\"text-align: justify;\"><span style=\"color: #ff00ff;\">Zalou<\/span> : Mon avenir au gouv ??? Eh bien comme le propose la maman de notre Bel Oeuf pr\u00e9sidente, je me vois bien vice-pr\u00e9sidente !<\/p>\n<p style=\"text-align: justify;\"><strong>Merci Zalou pour cette petite mais int\u00e9ressante interview<\/strong><\/p>\n<p style=\"text-align: justify;\"><span style=\"color: #ff00ff;\">Zalou<\/span> : Mais de rien, ce fut un plaisir !<br \/>\nBisous bisous, et VIVE LE HAREM !<\/p>\n","protected":false},"excerpt":{"rendered":"<p>Portrait exclusif de Zalou dress\u00e9 dans le cadre d&rsquo;une interview express de la plus c\u00e9l\u00e8bre tigresse de VPM.<\/p>\n","protected":false},"author":213,"featured_media":0,"comment_status":"open","ping_status":"open","sticky":false,"template":"","format":"standard","meta":{"site-container-style":"default","site-container-layout":"default","site-sidebar-layout":"default","disable-article-header":"default","disable-site-header":"default","disable-site-footer":"default","disable-content-area-spacing":"default","footnotes":""},"categories":[302],"tags":[292,34,550,49,54],"class_list":["post-35505","post","type-post","status-publish","format-standard","hentry","category-5-la-tribune-libre","tag-gouvernement","tag-interview","tag-ministres","tag-portrait","tag-president"],"_links":{"self":[{"href":"https:\/\/vpmedias.fr\/index.php?rest_route=\/wp\/v2\/posts\/35505","targetHints":{"allow":["GET"]}}],"collection":[{"href":"https:\/\/vpmedias.fr\/index.php?rest_route=\/wp\/v2\/posts"}],"about":[{"href":"https:\/\/vpmedias.fr\/index.php?rest_route=\/wp\/v2\/types\/post"}],"author":[{"embeddable":true,"href":"https:\/\/vpmedias.fr\/index.php?rest_route=\/wp\/v2\/users\/213"}],"replies":[{"embeddable":true,"href":"https:\/\/vpmedias.fr\/index.php?rest_route=%2Fwp%2Fv2%2Fcomments&post=35505"}],"version-history":[{"count":3,"href":"https:\/\/vpmedias.fr\/index.php?rest_route=\/wp\/v2\/posts\/35505\/revisions"}],"predecessor-version":[{"id":35531,"href":"https:\/\/vpmedias.fr\/index.php?rest_route=\/wp\/v2\/posts\/35505\/revisions\/35531"}],"wp:attachment":[{"href":"https:\/\/vpmedias.fr\/index.php?rest_route=%2Fwp%2Fv2%2Fmedia&parent=35505"}],"wp:term":[{"taxonomy":"category","embeddable":true,"href":"https:\/\/vpmedias.fr\/index.php?rest_route=%2Fwp%2Fv2%2Fcategories&post=35505"},{"taxonomy":"post_tag","embeddable":true,"href":"https:\/\/vpmedias.fr\/index.php?rest_route=%2Fwp%2Fv2%2Ftags&post=35505"}],"curies":[{"name":"wp","href":"https:\/\/api.w.org\/{rel}","templated":true}]}}