{"id":35611,"date":"2017-08-20T15:46:03","date_gmt":"2017-08-20T13:46:03","guid":{"rendered":"http:\/\/vpmedias.fr\/?p=35611"},"modified":"2017-08-21T23:43:31","modified_gmt":"2017-08-21T21:43:31","slug":"baronci-jaurai-prefere-franchement-remplacer-un-autre-ministre","status":"publish","type":"post","link":"https:\/\/vpmedias.fr\/?p=35611","title":{"rendered":"Baronci : \u00ab J&rsquo;aurais pr\u00e9f\u00e9r\u00e9 remplacer un autre ministre \u00bb"},"content":{"rendered":"<p style=\"text-align: justify;\">Aujourd&rsquo;hui nous vous proposons l&rsquo;interview de <strong>Baronci<\/strong>, le nouveau ministre de VotezPourMoi, dans cette nouvelle chronique sur VPM\u00e9dias : L&rsquo;interview Gouvernementale.<\/p>\n<p><strong>Baronci, tu es le nouveaux ministre du gouvernement Tlsepink, T&rsquo;attendais-tu \u00e0 cette nomiation ?<\/strong><\/p>\n<p style=\"text-align: justify;\"><strong><span style=\"color: #008000;\">Baronci :<\/span><\/strong> Oui, je m&rsquo;y attendais vu la lettre anonyme que j&rsquo;ai envoy\u00e9 \u00e0 mon retour sur le jeu. Il n&rsquo;avait pas le choix. C&rsquo;\u00e9tait \u00e7a ou la ville de Toulouse \u00e9tait ray\u00e9e de la carte.<br \/>\nPlus s\u00e9rieusement Tlse, c&rsquo;est le tr\u00e9sorier des tocards. Il fait partie comme moi des fondateurs du parti. J&rsquo;\u00e9tais ministrable du coup oui je m&rsquo;y attendais, mieux encore, je l&rsquo;attendais.<\/p>\n<p><strong>Que comptes-tu faire en tant que ministre ?<\/strong><\/p>\n<p style=\"text-align: justify;\"><strong><span style=\"color: #008000;\">Baronci :<\/span><\/strong> Prendre du fric pardi ! C&rsquo;est le but non? Je suis toujours pr\u00e9sent sur le forum de toute fa\u00e7on ministre ou pas donc \u00e7a va rien changer sauf que je peux esp\u00e9rer prendre un peu de sousous &#8230;<\/p>\n<p><strong>Tu as pris le poste de Jesusgris, Tu as de bonnes relations avec lui ?<\/strong><\/p>\n<p style=\"text-align: justify;\"><span style=\"color: #008000;\"><strong>Baronci :<\/strong><\/span> Ce d\u00e9part m&rsquo;a attrist\u00e9. J&rsquo;aime beaucoup Jesus alors qu&rsquo;\u00e0 mes d\u00e9but sur le jeu ce n&rsquo;\u00e9tait pas tasse de caf\u00e9 (a). On \u00e9tait des ennemis m\u00eame. Puis on s&rsquo;est r\u00e9concili\u00e9. Jesus est mon ami, il le restera. J&rsquo;aurai pr\u00e9f\u00e9r\u00e9 franchement remplacer un autre ministre. Mais Tlse m\u00e8ne le jeu comme il l&rsquo;entend. Et PERSONNE ne peut lui dicter sa conduite.<\/p>\n<p><strong>Trouves-tu bon le syst\u00e8me r\u00e9volutionnaire ou penses-tu que l&rsquo;ancien syst\u00e8me \u00e9tait mieux ?<\/strong><\/p>\n<p style=\"text-align: justify;\"><strong><span style=\"color: #008000;\">Baronci :<\/span><\/strong> J&rsquo;aime bien les 2. Apr\u00e8s lors de la derni\u00e8re campagne pr\u00e9si j&rsquo;ai \u00e9t\u00e9 d\u00e9cu de l&rsquo;ambiance. Je m&rsquo;\u00e9tais investis \u00e0 fond derri\u00e8re ath\u00e9e et puis j&rsquo;ai \u00e9t\u00e9 tres pris par des activit\u00e9s IRL, et j&rsquo;ai du quitter le jeu provisoirement.<\/p>\n<p><strong>Tu te pr\u00e9senteras \u00e0 la prochaine pr\u00e9sidentielle ?<\/strong><\/p>\n<p><strong><span style=\"color: #008000;\">Baronci :<\/span><\/strong> Non je ne pense pas mais \u00e7a c&rsquo;est aujourd&rsquo;hui demain sera un autre jour &#8230; On verra bien.<\/p>\n<p><strong>Merci pour cette courte mais int\u00e9ressante interview du nouveau ministre de VPM<br \/>\n<\/strong><\/p>\n","protected":false},"excerpt":{"rendered":"<p>Cette interview gouvernementale nous permet de d\u00e9couvrir Baronci le nouveau ministre r\u00e9cemment nomm\u00e9.<\/p>\n","protected":false},"author":213,"featured_media":0,"comment_status":"open","ping_status":"open","sticky":false,"template":"","format":"standard","meta":{"site-container-style":"default","site-container-layout":"default","site-sidebar-layout":"default","disable-article-header":"default","disable-site-header":"default","disable-site-footer":"default","disable-content-area-spacing":"default","footnotes":""},"categories":[312,4],"tags":[292,34,640,550],"class_list":["post-35611","post","type-post","status-publish","format-standard","hentry","category-g-a-la-une","category-2-vpmc","tag-gouvernement","tag-interview","tag-interview-express","tag-ministres"],"_links":{"self":[{"href":"https:\/\/vpmedias.fr\/index.php?rest_route=\/wp\/v2\/posts\/35611","targetHints":{"allow":["GET"]}}],"collection":[{"href":"https:\/\/vpmedias.fr\/index.php?rest_route=\/wp\/v2\/posts"}],"about":[{"href":"https:\/\/vpmedias.fr\/index.php?rest_route=\/wp\/v2\/types\/post"}],"author":[{"embeddable":true,"href":"https:\/\/vpmedias.fr\/index.php?rest_route=\/wp\/v2\/users\/213"}],"replies":[{"embeddable":true,"href":"https:\/\/vpmedias.fr\/index.php?rest_route=%2Fwp%2Fv2%2Fcomments&post=35611"}],"version-history":[{"count":10,"href":"https:\/\/vpmedias.fr\/index.php?rest_route=\/wp\/v2\/posts\/35611\/revisions"}],"predecessor-version":[{"id":35818,"href":"https:\/\/vpmedias.fr\/index.php?rest_route=\/wp\/v2\/posts\/35611\/revisions\/35818"}],"wp:attachment":[{"href":"https:\/\/vpmedias.fr\/index.php?rest_route=%2Fwp%2Fv2%2Fmedia&parent=35611"}],"wp:term":[{"taxonomy":"category","embeddable":true,"href":"https:\/\/vpmedias.fr\/index.php?rest_route=%2Fwp%2Fv2%2Fcategories&post=35611"},{"taxonomy":"post_tag","embeddable":true,"href":"https:\/\/vpmedias.fr\/index.php?rest_route=%2Fwp%2Fv2%2Ftags&post=35611"}],"curies":[{"name":"wp","href":"https:\/\/api.w.org\/{rel}","templated":true}]}}