{"id":36073,"date":"2017-09-03T14:34:34","date_gmt":"2017-09-03T12:34:34","guid":{"rendered":"http:\/\/vpmedias.fr\/?p=36073"},"modified":"2017-09-03T18:34:52","modified_gmt":"2017-09-03T16:34:52","slug":"flash-info-coup-detat-papal-sur-vpm","status":"publish","type":"post","link":"https:\/\/vpmedias.fr\/?p=36073","title":{"rendered":"Flash info : coup d&rsquo;\u00c9tat papal sur VPM !"},"content":{"rendered":"<p style=\"text-align: justify\">C&rsquo;est un v\u00e9ritable coup de th\u00e9\u00e2tre. Alors que la Pr\u00e9sid&rsquo;oeuf est plus s\u00e9v\u00e8re que jamais avec ses ministres, que l&rsquo;opposition gronde et que Diplodocus la gronde, un v\u00e9ritable tsunami vient chambouler l&rsquo;organisation politique de VPM.<\/p>\n<p style=\"text-align: justify\">Tout a commenc\u00e9 avant-hier, lorsque Magne adressait un avertissement au gouvernement en place :<\/p>\n<blockquote><p>A titre personnelle, je licencierais l&rsquo;ensemble du gouvernement pour partir sur une nouvelle base bien plus seine.<\/p>\n<p>Et vous connaissez ma grande bont\u00e9 ! Je me propose pour diriger ce nouveau gouvernement, pas simple objectif d&rsquo;offrir le meilleur \u00e0 VPM.<\/p>\n<p>A tr\u00e8s bient\u00f4t.<\/p><\/blockquote>\n<p style=\"text-align: justify\">Plus tard dans la soir\u00e9e, suite \u00e0 une soir\u00e9e alcoolis\u00e9e avec ses fid\u00e8les, le Pape Magne a pris une d\u00e9cision qui pourrait bien s&rsquo;av\u00e9rer terrible pour la l\u00e9gitimit\u00e9 de Tlsepink vis-\u00e0-vis des VPMiens : la cr\u00e9ation d&rsquo;un gouvernement d\u00e9mocratique sous l&rsquo;\u00e9gide de notre bon pape Magne 1er, la <strong>R\u00e9publique D\u00e9mocratique Papale de la VPMie<\/strong> est n\u00e9e.<\/p>\n<p style=\"text-align: justify\"><img loading=\"lazy\" decoding=\"async\" class=\"aligncenter\" src=\"http:\/\/www.votezpourmoi.com\/photos\/5673449.jpg\" alt=\"\" width=\"191\" height=\"223\" \/><\/p>\n<p style=\"text-align: justify\">Sous l&rsquo;\u00e9gide de Magne 1er, qui s&rsquo;est ainsi auto-proclam\u00e9 Pr\u00e9sident Supr\u00eame et Gardien du Savoir, un gouvernement a \u00e9t\u00e9 form\u00e9. Toutes les semaines, notre Chef supr\u00eame l\u00e8vera l&rsquo;imp\u00f4t papal qui sera pr\u00e9lev\u00e9 \u00e0 hauteur de 50% de la caisse des 100 joueurs et partis les plus pauvres. Il obtiendra ainsi un budget cons\u00e9quent pour r\u00e9compenser ses ministres, secr\u00e9taires d&rsquo;\u00e9tats, et sujets les plus comp\u00e9tents. Mais ne tardons plus, voici la composition de ce nouveau gouvernement, annonc\u00e9e par notre Pape en personne.<\/p>\n<p style=\"text-align: justify\">Commen\u00e7ons par l&rsquo;\u00e9quipe minist\u00e9rielle, compos\u00e9e de 8 ministres, conform\u00e9ment \u00e0 la Constitution Talisman.<\/p>\n<ul style=\"text-align: justify\">\n<li>Girard, Vice-Pr\u00e9sident, Ministre des Canards et de la Propagande.<\/li>\n<li>Zalou, Ministre de l&rsquo;Amiti\u00e9, des Bonbons et de la Pina Colada.<\/li>\n<li>Ledoc, Ministre des R\u00e2leurs et de la Coh\u00e9sion Gouvernementale.<\/li>\n<li>Valerie, Ministre des Affaires, des Patates et de la BAI.<\/li>\n<li>Renardtb, Ministre aux Nouveaux, aux Anciens et de la Convivialit\u00e9.<\/li>\n<li>Krustyisback, Ministre de l&rsquo;Arm\u00e9e, de la R\u00e9pression et des Ch\u00e2taignes.<\/li>\n<li>Quentinlefort, Ministre de la Culture, des poires et des quiches.<\/li>\n<li>Arc, Ministre de l&rsquo;Embrigadement, de l&rsquo;Enfermement et des Camps de la Joie.<\/li>\n<\/ul>\n<p>&nbsp;<\/p>\n<p style=\"text-align: justify\">Mais qui dit Pape dit Dieu, qui dit Dieu dit Magne et qui dit Magne dit larbins. Voici donc les 12 secr\u00e9taires d&rsquo;Etat en charge d&rsquo;aider les ministres et de servir sa magne-ificience supr\u00eame.<\/p>\n<ul>\n<li style=\"text-align: justify\">Anetheron, Secr\u00e9taire d&rsquo;Etat \u00e0 l&rsquo;opposition et aux bac \u00e0 fleurs<\/li>\n<li style=\"text-align: justify\">Nicolassport, Secr\u00e9taire d&rsquo;Etat aux p\u00e9ruques et \u00e0 la nouveaut\u00e9.<\/li>\n<li style=\"text-align: justify\">Bananus, Secr\u00e9taire d&rsquo;Etat en charge des mod\u00e9rateurs et du pudding.<\/li>\n<li style=\"text-align: justify\">Diplodocus, Secr\u00e9taire d&rsquo;Etat aux Dinosaures et aux Antiquit\u00e9s.<\/li>\n<li style=\"text-align: justify\">Fysk, Secr\u00e9taire d&rsquo;Etat \u00e0 la t\u00e9l\u00e9vision d&rsquo;Etat et \u00e0 la orientation sexuelle.<\/li>\n<li style=\"text-align: justify\">Josette, Secr\u00e9taire d&rsquo;Etat \u00e0 la recherche et \u00e0 la beaut\u00e9 f\u00e9minine.<\/li>\n<li style=\"text-align: justify\">Hercule, Secr\u00e9taire d&rsquo;Etat aux Campagnes, aux Conseils et \u00e0 la force.<\/li>\n<li style=\"text-align: justify\">Zerozerosix, Secr\u00e9taire d&rsquo;Etat au Sport et \u00e0 la gymastique dans le lit.<\/li>\n<li style=\"text-align: justify\">Lorn, Secr\u00e9taire d&rsquo;Etat de l&rsquo;Education VPMienne et du S\u00e9rieux.<\/li>\n<li style=\"text-align: justify\">Talisman, Secr\u00e9taire d&rsquo;Etat, Conseiller du Pr\u00e9sident Supr\u00eame de VPM.<\/li>\n<li style=\"text-align: justify\">Vptomtom, Secr\u00e9taire d&rsquo;Etat des Drogues et de la r\u00e9colte des tomates.<\/li>\n<li style=\"text-align: justify\">BobMorane, Secr\u00e9taire d&rsquo;Etat au Rhum, aux f\u00eates et \u00e0 l&rsquo;Alcool.<\/li>\n<li>Starman, Secr\u00e9taire d&rsquo;Etat au Culte Papal et aux Messes<\/li>\n<\/ul>\n<p style=\"text-align: justify\">Le Pr\u00e9sident Supr\u00eame nous a d\u00e9j\u00e0 inform\u00e9 sur les premiers d\u00e9crets (les fameuses<em> bulles papales<\/em>) qu&rsquo;il ferait, notamment sur la censure des m\u00e9dias VPMiens, plac\u00e9s sous la tutelle du minist\u00e8re de la Propagande et des canards, et selon des sources proches de la papaut\u00e9, la pina colada deviendrait la boisson rituelle des pri\u00e8res divines adress\u00e9es \u00e0 notre Pr\u00e9sident Supr\u00eame et grand Gardien du Savoir.<\/p>\n<p>&nbsp;<\/p>\n<p>Nous attendons maintenant avec impatience la d\u00e9claration solennelle de notre bon Pape qui devrait s&rsquo;exprimer dans la journ\u00e9e.<\/p>\n<p>&nbsp;<\/p>\n<p>Bonne fin de journ\u00e9e \u00e0 tous et coin coin \u00e0 vous !<\/p>\n<p>&nbsp;<\/p>\n<p>euh&#8230; amen ! <em>vive Magne !<\/em><\/p>\n<p>&nbsp;<\/p>\n<p><span class=\"spoiler\"><span class=\"hidden-content\">CET ARTICLE \u00c9TAIT SPONSORIS\u00c9 PAR LA R\u00c9PUBLIQUE PAPALE DE VPMIE<\/span><\/span><\/p>\n","protected":false},"excerpt":{"rendered":"<p>Le pape est d\u00e9sormais au pouvoir chers lecteurs !<\/p>\n","protected":false},"author":212,"featured_media":0,"comment_status":"open","ping_status":"open","sticky":false,"template":"","format":"standard","meta":{"site-container-style":"default","site-container-layout":"default","site-sidebar-layout":"default","disable-article-header":"default","disable-site-header":"default","disable-site-footer":"default","disable-content-area-spacing":"default","footnotes":""},"categories":[302],"tags":[659,292,54],"class_list":["post-36073","post","type-post","status-publish","format-standard","hentry","category-5-la-tribune-libre","tag-flash-info","tag-gouvernement","tag-president"],"_links":{"self":[{"href":"https:\/\/vpmedias.fr\/index.php?rest_route=\/wp\/v2\/posts\/36073","targetHints":{"allow":["GET"]}}],"collection":[{"href":"https:\/\/vpmedias.fr\/index.php?rest_route=\/wp\/v2\/posts"}],"about":[{"href":"https:\/\/vpmedias.fr\/index.php?rest_route=\/wp\/v2\/types\/post"}],"author":[{"embeddable":true,"href":"https:\/\/vpmedias.fr\/index.php?rest_route=\/wp\/v2\/users\/212"}],"replies":[{"embeddable":true,"href":"https:\/\/vpmedias.fr\/index.php?rest_route=%2Fwp%2Fv2%2Fcomments&post=36073"}],"version-history":[{"count":17,"href":"https:\/\/vpmedias.fr\/index.php?rest_route=\/wp\/v2\/posts\/36073\/revisions"}],"predecessor-version":[{"id":36093,"href":"https:\/\/vpmedias.fr\/index.php?rest_route=\/wp\/v2\/posts\/36073\/revisions\/36093"}],"wp:attachment":[{"href":"https:\/\/vpmedias.fr\/index.php?rest_route=%2Fwp%2Fv2%2Fmedia&parent=36073"}],"wp:term":[{"taxonomy":"category","embeddable":true,"href":"https:\/\/vpmedias.fr\/index.php?rest_route=%2Fwp%2Fv2%2Fcategories&post=36073"},{"taxonomy":"post_tag","embeddable":true,"href":"https:\/\/vpmedias.fr\/index.php?rest_route=%2Fwp%2Fv2%2Ftags&post=36073"}],"curies":[{"name":"wp","href":"https:\/\/api.w.org\/{rel}","templated":true}]}}