{"id":37125,"date":"2017-12-16T21:09:03","date_gmt":"2017-12-16T20:09:03","guid":{"rendered":"https:\/\/vpmedias.fr\/?p=37125"},"modified":"2017-12-15T18:18:50","modified_gmt":"2017-12-15T17:18:50","slug":"vpm-dor-2017-ministre-de-lannee","status":"publish","type":"post","link":"https:\/\/vpmedias.fr\/?p=37125","title":{"rendered":"VPM d&rsquo;OR 2017 : Ministre de l&rsquo;ann\u00e9e"},"content":{"rendered":"<h1 style=\"text-align: center\"><span style=\"color: #ff0000\">Ministre de l&rsquo;ann\u00e9e 2017<br \/>\n<\/span><\/h1>\n<p style=\"text-align: center\"><em>R\u00e9compense subjective bas\u00e9e sur les r\u00e9sultats des sondages organis\u00e9s par Prikachu.<br \/>\n<\/em><\/p>\n<p style=\"text-align: center\">Rejoignez le salon de discussion Discord gr\u00e2ce \u00e0 ce lien : <a href=\"https:\/\/discord.gg\/qsnBzk3\"><span style=\"font-size: 18pt\"><strong>Lien vers le salon Discord<\/strong><\/span><\/a>\n<\/p>\n<p>&nbsp;<\/p>\n<table align=\"center\">\n<tbody>\n<tr>\n<td align=\"center\"><span style=\"color: #0000ff;font-size: 18px\"><strong>Lyonsuper<br \/>\nRudach<br \/>\n<span style=\"font-size: 12pt;color: #ff6600\"><em>16.1%<\/em><\/span><br \/>\n<\/strong><\/span><img decoding=\"async\" src=\"http:\/\/vpmedias.fr\/wp-content\/uploads\/2016\/01\/Img-Podium-2.png\" alt=\"\" width=\"140\" \/><\/td>\n<td align=\"center\"><span style=\"color: #0000ff;font-size: 18px\"><strong>Girard<br \/>\n<span style=\"color: #ff6600;font-size: 12pt\"><em>19.35%<\/em><\/span><br \/>\n<\/strong><\/span><img decoding=\"async\" src=\"http:\/\/vpmedias.fr\/wp-content\/uploads\/2016\/01\/Img-Podium-1.png\" alt=\"\" width=\"140\" \/><\/td>\n<\/tr>\n<\/tbody>\n<\/table>\n<blockquote>\n<p style=\"text-align: center\">Ministre ayant marqu\u00e9 l&rsquo;ann\u00e9e 2017.<\/p>\n<\/blockquote>\n","protected":false},"excerpt":{"rendered":"<p>Ministre de l&rsquo;ann\u00e9e 2017 R\u00e9compense subjective bas\u00e9e sur les r\u00e9sultats des sondages organis\u00e9s par Prikachu. Rejoignez le salon de discussion Discord gr\u00e2ce \u00e0 ce lien : Lien vers le salon Discord &nbsp; Lyonsuper Rudach 16.1% Girard 19.35% Ministre ayant marqu\u00e9 l&rsquo;ann\u00e9e 2017.<\/p>\n","protected":false},"author":194,"featured_media":0,"comment_status":"open","ping_status":"open","sticky":false,"template":"","format":"standard","meta":{"site-container-style":"default","site-container-layout":"default","site-sidebar-layout":"default","disable-article-header":"default","disable-site-header":"default","disable-site-footer":"default","disable-content-area-spacing":"default","footnotes":""},"categories":[268],"tags":[256],"class_list":["post-37125","post","type-post","status-publish","format-standard","hentry","category-4-breves","tag-vpm-dor"],"_links":{"self":[{"href":"https:\/\/vpmedias.fr\/index.php?rest_route=\/wp\/v2\/posts\/37125","targetHints":{"allow":["GET"]}}],"collection":[{"href":"https:\/\/vpmedias.fr\/index.php?rest_route=\/wp\/v2\/posts"}],"about":[{"href":"https:\/\/vpmedias.fr\/index.php?rest_route=\/wp\/v2\/types\/post"}],"author":[{"embeddable":true,"href":"https:\/\/vpmedias.fr\/index.php?rest_route=\/wp\/v2\/users\/194"}],"replies":[{"embeddable":true,"href":"https:\/\/vpmedias.fr\/index.php?rest_route=%2Fwp%2Fv2%2Fcomments&post=37125"}],"version-history":[{"count":2,"href":"https:\/\/vpmedias.fr\/index.php?rest_route=\/wp\/v2\/posts\/37125\/revisions"}],"predecessor-version":[{"id":37166,"href":"https:\/\/vpmedias.fr\/index.php?rest_route=\/wp\/v2\/posts\/37125\/revisions\/37166"}],"wp:attachment":[{"href":"https:\/\/vpmedias.fr\/index.php?rest_route=%2Fwp%2Fv2%2Fmedia&parent=37125"}],"wp:term":[{"taxonomy":"category","embeddable":true,"href":"https:\/\/vpmedias.fr\/index.php?rest_route=%2Fwp%2Fv2%2Fcategories&post=37125"},{"taxonomy":"post_tag","embeddable":true,"href":"https:\/\/vpmedias.fr\/index.php?rest_route=%2Fwp%2Fv2%2Ftags&post=37125"}],"curies":[{"name":"wp","href":"https:\/\/api.w.org\/{rel}","templated":true}]}}