{"id":37212,"date":"2017-12-23T12:37:56","date_gmt":"2017-12-23T11:37:56","guid":{"rendered":"https:\/\/vpmedias.fr\/?p=37212"},"modified":"2017-12-23T12:40:55","modified_gmt":"2017-12-23T11:40:55","slug":"le-portrait-de-clementleretour-le-nouveau-president","status":"publish","type":"post","link":"https:\/\/vpmedias.fr\/?p=37212","title":{"rendered":"Le portrait de Clementleretour, le nouveau Pr\u00e9sident"},"content":{"rendered":"<p style=\"text-align: justify;\"><em>Hola ! Aujourd&rsquo;hui on dresse le portrait du nouveau pr\u00e9sident !<\/em><\/p>\n<p style=\"text-align: justify;\"><strong>Monsieur le Pr\u00e9sident pouvez-vous en quelque lignes nous expliquer votre \u00ab\u00a0vie\u00a0\u00bb sur VPM ?<\/strong><\/p>\n<p style=\"text-align: justify;\"><span style=\"color: #008080;\">Tout d&rsquo;abord bonjour \u00e0 vous !<\/span><br \/>\n<span style=\"color: #008080;\"> Je suis arriv\u00e9 sur VPM en mars 2007, alors que je cherchais un site de politique, chose qui m&rsquo;a toujours int\u00e9ress\u00e9. J&rsquo;ai \u00e9t\u00e9 boost\u00e9 par l&rsquo;\u00e9lection pr\u00e9sidentielle de 2007, qui fut la premi\u00e8re o\u00f9 je pouvais voter. J&rsquo;ai trouv\u00e9 VPM et je ne l&rsquo;ai gu\u00e8re quitt\u00e9 depuis, sauf entre 2013 et 2015.<\/span><br \/>\n<span style=\"color: #008080;\"> Ayant remport\u00e9 plusieurs fois Paris, Lyon, Strasbourg, etc.. <strong>j&rsquo;ai atteint tous les objectifs que je m&rsquo;\u00e9tais fix\u00e9s sur ce jeu<\/strong> !<\/span><\/p>\n<p style=\"text-align: justify;\"><strong>Pensiez vous atteindre le poste supr\u00eame un jour ?<\/strong><\/p>\n<p style=\"text-align: justify;\"><span style=\"color: #008080;\"><strong>L&rsquo;ancienne version de la pr\u00e9sidentielle ne m&rsquo;a jamais int\u00e9ress\u00e9<\/strong>. D&rsquo;ailleurs, je n&rsquo;\u00e9tais nullement communautaire. Mais cette version m&rsquo;a attir\u00e9 l&rsquo;oeil et j&rsquo;ai pu \u00eatre ministre lors du premier gouvernement r\u00e9volutionnaire. Mais mon pr\u00e9c\u00e9dent parcours m&rsquo;a d\u00e9plu et il me fallait retenter ma chance, avec, je l&rsquo;esp\u00e9rais, plus de succ\u00e8s ! Et c&rsquo;est le cas !<\/span><\/p>\n<p style=\"text-align: justify;\"><strong>Que comptez vous faire en tant que pr\u00e9sident ?<\/strong><\/p>\n<p style=\"text-align: justify;\"><span style=\"color: #008080;\">Si l&rsquo;animation a besoin d&rsquo;opposition pour subsister, je pense n\u00e9anmoins que l&rsquo;opposition st\u00e9rile n&rsquo;a aucune utilit\u00e9. Ma volont\u00e9 est de rassembler autant que possible, m\u00eame si la t\u00e2che est ardue. Et surtout, ma volont\u00e9 est d&rsquo;\u00eatre surprenant ! <strong>Casser les codes, les volont\u00e9s habituelles qui ont fait qu&rsquo;au fil des mois, l&rsquo;animation est devenue ennuyante.<\/strong> Des surprises, autant que possible, voil\u00e0 mon souhait, m\u00eame si visiblement, c&rsquo;est difficile et que certains sont bien ancr\u00e9s dans le pass\u00e9.<\/span><\/p>\n<p style=\"text-align: justify;\"><strong>Quel avenir envisagez vous pour vous ?<\/strong><\/p>\n<p style=\"text-align: justify;\"><span style=\"color: #008080;\">Aucune id\u00e9e.<\/span><br \/>\n<span style=\"color: #008080;\"> Comme je l&rsquo;ai dis, tous les objectifs sont atteints, que ce soit niveau communautaire ou niveau campagnes.<\/span><br \/>\n<span style=\"color: #008080;\"> Je verrai bien o\u00f9 le vent m&#8217;emportera !<\/span><\/p>\n<p style=\"text-align: justify;\"><strong>Que dites-vous \u00e0 vos \u00e9ventuel d\u00e9tracteurs ?<\/strong><\/p>\n<p style=\"text-align: justify;\"><span style=\"color: #008080;\">Apprenez \u00e0 me conna\u00eetre avant de me juger. Je peux \u00eatre tr\u00e8s rancunier quand j&rsquo;estime qu&rsquo;on m&rsquo;a fait du mal au-del\u00e0 de ce qui est un jeu. Mais en dehors de \u00e7a, je ne suis pas le grand m\u00e9chant loup^^.<\/span><\/p>\n<p style=\"text-align: justify;\"><strong>Comptez-vous rester le plus longtemps au pouvoir ou votre passage n&rsquo;est qu&rsquo;\u00e9ph\u00e9m\u00e8re ?<\/strong><\/p>\n<p style=\"text-align: justify;\"><span style=\"color: #008080;\">J&rsquo;aimerais pouvoir rester un peu afin de prouver \u00e0 certains que je ne suis pas celui qu&rsquo;ils croient et afin que l&rsquo;animation, entach\u00e9e de soup\u00e7ons bien dommageables, puisse voir un vainqueur diff\u00e9rent, duquel je suis assez proche en terme de plakass (crit\u00e8re que retient bananus concernant la victoire).<\/span><br \/>\n<span style=\"color: #008080;\"> Mais de cela, je n&rsquo;en suis point le ma\u00eetre&#8230;<\/span><\/p>\n<p>&nbsp;<\/p>\n","protected":false},"excerpt":{"rendered":"<p>Ne bougeons plus !<\/p>\n","protected":false},"author":14,"featured_media":0,"comment_status":"open","ping_status":"open","sticky":false,"template":"","format":"standard","meta":{"site-container-style":"default","site-container-layout":"default","site-sidebar-layout":"default","disable-article-header":"default","disable-site-header":"default","disable-site-footer":"default","disable-content-area-spacing":"default","footnotes":""},"categories":[302],"tags":[34,49,54],"class_list":["post-37212","post","type-post","status-publish","format-standard","hentry","category-5-la-tribune-libre","tag-interview","tag-portrait","tag-president"],"_links":{"self":[{"href":"https:\/\/vpmedias.fr\/index.php?rest_route=\/wp\/v2\/posts\/37212","targetHints":{"allow":["GET"]}}],"collection":[{"href":"https:\/\/vpmedias.fr\/index.php?rest_route=\/wp\/v2\/posts"}],"about":[{"href":"https:\/\/vpmedias.fr\/index.php?rest_route=\/wp\/v2\/types\/post"}],"author":[{"embeddable":true,"href":"https:\/\/vpmedias.fr\/index.php?rest_route=\/wp\/v2\/users\/14"}],"replies":[{"embeddable":true,"href":"https:\/\/vpmedias.fr\/index.php?rest_route=%2Fwp%2Fv2%2Fcomments&post=37212"}],"version-history":[{"count":3,"href":"https:\/\/vpmedias.fr\/index.php?rest_route=\/wp\/v2\/posts\/37212\/revisions"}],"predecessor-version":[{"id":37229,"href":"https:\/\/vpmedias.fr\/index.php?rest_route=\/wp\/v2\/posts\/37212\/revisions\/37229"}],"wp:attachment":[{"href":"https:\/\/vpmedias.fr\/index.php?rest_route=%2Fwp%2Fv2%2Fmedia&parent=37212"}],"wp:term":[{"taxonomy":"category","embeddable":true,"href":"https:\/\/vpmedias.fr\/index.php?rest_route=%2Fwp%2Fv2%2Fcategories&post=37212"},{"taxonomy":"post_tag","embeddable":true,"href":"https:\/\/vpmedias.fr\/index.php?rest_route=%2Fwp%2Fv2%2Ftags&post=37212"}],"curies":[{"name":"wp","href":"https:\/\/api.w.org\/{rel}","templated":true}]}}