{"id":37592,"date":"2018-03-07T08:00:48","date_gmt":"2018-03-07T07:00:48","guid":{"rendered":"https:\/\/vpmedias.fr\/?p=37592"},"modified":"2018-03-07T12:31:30","modified_gmt":"2018-03-07T11:31:30","slug":"6-questions-a-un-ministre","status":"publish","type":"post","link":"https:\/\/vpmedias.fr\/?p=37592","title":{"rendered":"6 questions \u00e0 un ministre"},"content":{"rendered":"<p style=\"text-align: center;\"><span style=\"font-size: 18pt; color: #ff6600;\"><strong>6 Questions \u00e0 un Ministre<\/strong><\/span><\/p>\n<p style=\"text-align: justify;\">Bonjour \u00e0 tous, aujourd&rsquo;hui, nous sommes en compagnie de \u00ab\u00a0inconnusurvpm\u00a0\u00bb.<br \/>\nVoil\u00e0 six questions que je lui ai pos\u00e9es.<\/p>\n<p style=\"text-align: justify;\"><strong><span style=\"color: #008000;\">Pour commencer, peux tu nous d\u00e9crire ton parcours sur VPM ?<\/span><\/strong><\/p>\n<p style=\"text-align: justify;\">&#8211;&gt; Salut ! je suis inconnusurvpm, j&rsquo;ai commenc\u00e9 V.P.M. en 2010 avec mon multi Megapizz.<br \/>\nCette p\u00e9riode n&rsquo;a pas \u00e9t\u00e9 propice \u00e0 ma carri\u00e8re.<br \/>\nMon retour en 2015, est marqu\u00e9 par de belles victoires surtout celle de mon one shot sur lille.<\/p>\n<p style=\"text-align: justify;\"><span style=\"color: #008000;\"><strong>C&rsquo;est donc gr\u00e2ce \u00e0 ces victoires que tu es devenu Ministre ?<\/strong><\/span><\/p>\n<p style=\"text-align: justify;\">&#8211;&gt; Mon entr\u00e9e en tant que ministre est due surtout au poste que j&rsquo;ai occup\u00e9 aux warthogs et les diff\u00e9rents postes obtenus au cours de la carri\u00e8re d&rsquo;inconnu.<\/p>\n<p style=\"text-align: justify;\"><strong><span style=\"color: #008000;\">D&rsquo;apr\u00e8s toi, quelle est la cl\u00e9 pour r\u00e9ussir sur VPM ?<\/span><\/strong><\/p>\n<p style=\"text-align: justify;\">&#8211;&gt; D&rsquo;apr\u00e8s moi, se constituer un r\u00e9seau, une bonne entente au sein du parti est la cl\u00e9 pour r\u00e9ussir. Le salaire joue \u00e9galement son r\u00f4le.<\/p>\n<p style=\"text-align: justify;\"><strong><span style=\"color: #008000;\">Comptes-tu un jour devenir pr\u00e9sident ?<\/span><\/strong><\/p>\n<p style=\"text-align: justify;\">&#8211;&gt; Ce serait formidable d&rsquo;\u00eatre pr\u00e9sident, mais je n&rsquo;en fais pas un objectif pour autant.<br \/>\nMon but, c&rsquo;est de donner mon maximum \u00e0 mes partis.<\/p>\n<p style=\"text-align: justify;\"><strong><span style=\"color: #008000;\">Et enfin pour terminer, si tu devais donner un conseil aux d\u00e9butants, ce serait quoi ?<\/span><\/strong><\/p>\n<p style=\"text-align: justify;\">&#8211;&gt; Pers\u00e9v\u00e9rez, et vous r\u00e9ussirez vos objectifs.<\/p>\n<p style=\"text-align: justify;\"><strong><span style=\"color: #008000;\">Merci \u00e0 inconnusurvpm pour avoir consacr\u00e9 de son temps \u00e0 cette interview, avant de partir, que penses tu du gouvernement, ainsi que des autres ministres qui t&rsquo;entourent ?<\/span><\/strong><\/p>\n<p style=\"text-align: justify;\">&#8211;&gt;Je trouve que le gouvernement a une belle brochette de ministres, malgr\u00e9 la d\u00e9mission d&rsquo;attilalehun, nous r\u00e9cuperons talisman, un vieux de \u00ab\u00a0la vieille\u00a0\u00bb.<\/p>\n<p style=\"text-align: justify;\"><em>Merci beaucoup et \u00e0 bient\u00f4t !<\/em><\/p>\n<p style=\"text-align: justify;\">Auteur : Alexonstage<\/p>\n","protected":false},"excerpt":{"rendered":"<p>Vous attendiez une interview d&rsquo;un nouveau ministre? Entrez! C&rsquo;est par ici<\/p>\n","protected":false},"author":14,"featured_media":0,"comment_status":"open","ping_status":"open","sticky":false,"template":"","format":"standard","meta":{"site-container-style":"default","site-container-layout":"default","site-sidebar-layout":"default","disable-article-header":"default","disable-site-header":"default","disable-site-footer":"default","disable-content-area-spacing":"default","footnotes":""},"categories":[312,302],"tags":[292,34,550,552],"class_list":["post-37592","post","type-post","status-publish","format-standard","hentry","category-g-a-la-une","category-5-la-tribune-libre","tag-gouvernement","tag-interview","tag-ministres","tag-tribune-libre"],"_links":{"self":[{"href":"https:\/\/vpmedias.fr\/index.php?rest_route=\/wp\/v2\/posts\/37592","targetHints":{"allow":["GET"]}}],"collection":[{"href":"https:\/\/vpmedias.fr\/index.php?rest_route=\/wp\/v2\/posts"}],"about":[{"href":"https:\/\/vpmedias.fr\/index.php?rest_route=\/wp\/v2\/types\/post"}],"author":[{"embeddable":true,"href":"https:\/\/vpmedias.fr\/index.php?rest_route=\/wp\/v2\/users\/14"}],"replies":[{"embeddable":true,"href":"https:\/\/vpmedias.fr\/index.php?rest_route=%2Fwp%2Fv2%2Fcomments&post=37592"}],"version-history":[{"count":5,"href":"https:\/\/vpmedias.fr\/index.php?rest_route=\/wp\/v2\/posts\/37592\/revisions"}],"predecessor-version":[{"id":37598,"href":"https:\/\/vpmedias.fr\/index.php?rest_route=\/wp\/v2\/posts\/37592\/revisions\/37598"}],"wp:attachment":[{"href":"https:\/\/vpmedias.fr\/index.php?rest_route=%2Fwp%2Fv2%2Fmedia&parent=37592"}],"wp:term":[{"taxonomy":"category","embeddable":true,"href":"https:\/\/vpmedias.fr\/index.php?rest_route=%2Fwp%2Fv2%2Fcategories&post=37592"},{"taxonomy":"post_tag","embeddable":true,"href":"https:\/\/vpmedias.fr\/index.php?rest_route=%2Fwp%2Fv2%2Ftags&post=37592"}],"curies":[{"name":"wp","href":"https:\/\/api.w.org\/{rel}","templated":true}]}}