{"id":391,"date":"2009-04-30T08:54:54","date_gmt":"2009-04-30T06:54:54","guid":{"rendered":"http:\/\/vpmedias.e3b.org\/?p=391"},"modified":"2009-04-30T08:54:54","modified_gmt":"2009-04-30T06:54:54","slug":"bestou-nouvelle-moderatrice","status":"publish","type":"post","link":"https:\/\/vpmedias.fr\/?p=391","title":{"rendered":"Bestou nouvelle mod\u00e9ratrice"},"content":{"rendered":"<p><img loading=\"lazy\" decoding=\"async\" src=\"\/images\/logovpmc.png\" alt=\"logovpmc.png\" title=\"logovpmc.png\" align=\"right\" width=\"225\" height=\"58\" border=\"0\" \/><\/p>\n<p style=\"text-align: justify;\"><em>Apr\u00e8s le d\u00e9part de Sagi et de la mod\u00e9ratrice Kewijane, une nouvelle mod\u00e9ratrice a \u00e9t\u00e9 nomm\u00e9e : Bestou. Nous l&rsquo;avons interview\u00e9e \u00e0\u00a0 ce sujet, mais aussi \u00e0\u00a0 propos de sa pr\u00e9sence sur VPM&#8230; <\/em><\/p>\n<p style=\"text-align: justify;\"><!--more--><\/p>\n<p style=\"text-align: justify;\"><strong>Peux-tu nous retracer bri\u00e8vement ta carri\u00e8re VPMienne ?<\/strong><\/p>\n<p style=\"text-align: justify;\">Je joue environ depuis deux ans avec mes plus anciens comptes (Best-Bestouille) que j&rsquo;ai supprim\u00e9s car je n&rsquo;avais pas assez de temps pour m&rsquo;occuper de trois compte. Ces deux comptes \u00e9taient respectivement \u00e0\u00a0 \u00ab\u00a0parti de l&rsquo;\u00e9galit\u00e9 des chances\u00a0\u00bb et \u00e0\u00a0 la \u00ab\u00a0fmb\u00a0\u00bb&#8230;Puis avec ce compte (Bestou), j&rsquo;ai \u00e9t\u00e9 \u00e0\u00a0 \u00ab\u00a0Political factory\u00a0\u00bb (ou un truc comme \u00e7a Mdr!) puis chez \u00ab\u00a0Les licornes\u00a0\u00bb&#8230;Pour enfin cr\u00e9er mon parti avec Shamir et Val\u00e9rie (au d\u00e9part)^^.<\/p>\n<p style=\"text-align: justify;\"><strong>Tu sembles avoir \u00e9t\u00e9 nomm\u00e9e Mod\u00e9ratrice. Peux-tu nous le confirmer ?<\/strong><\/p>\n<p style=\"text-align: justify;\">Oui, je te le confirme, j&rsquo;ai \u00e9t\u00e9 nomm\u00e9e mod\u00e9ratrice.<\/p>\n<p style=\"text-align: justify;\"><strong>Sais-tu pourquoi tu as \u00e9t\u00e9 choisie ?<\/strong><\/p>\n<p style=\"text-align: justify;\">Heu&#8230;parce que je suis Bestou? (mdr!) plus s\u00e9rieusement&#8230;parce que je suis plut\u00f4t pr\u00e9sente sur les fofos&#8230;<\/p>\n<p style=\"text-align: justify;\"><strong>Selon toi, qu&rsquo;est-ce qu&rsquo;un bon mod\u00e9rateur ?<\/strong><\/p>\n<p style=\"text-align: justify;\">Un bon modo?&#8230;Un m\u00e9lange de Winnie, Mariem et Syrfox&#8230;c&rsquo;est m\u00eame un \u00eatre un excellent modo d&rsquo;\u00eatre ainsi nan? (mdr!) Toutes les qualit\u00e9s requises!Mdr<\/p>\n<p style=\"text-align: justify;\"><strong>Penses-tu r\u00e9unir toutes les qualit\u00e9s n\u00e9cessaires ?<\/strong><\/p>\n<p style=\"text-align: justify;\">Bonne question, le temps nous le dira&#8230;(j&rsquo;espere!xd)&#8230;mais je ferai au mieux^.<\/p>\n<p style=\"text-align: justify;\"><strong>R\u00e9cemment, les Be Cool ont connu des difficult\u00e9s, en perdant leurs adh\u00e9rents parisiens durement acquis. Est-ce que \u00e7a a \u00e9t\u00e9 un coup dur ? Comment l&rsquo;as-tu pris ? As-tu pens\u00e9 \u00e0\u00a0 abandonner ?<\/strong><\/p>\n<p style=\"text-align: justify;\">Oh oui!&#8230;on ne peux pas savoir des qu&rsquo;on ne le vit pas mdr! On peux le d\u00e9finir comme un gros coup de massue^^. Oui, j&rsquo;ai plus que pens\u00e9 \u00e0\u00a0 abandonner le jeu en m\u00eame temps que Val\u00e9rie, au moment de la perte de Paris (et la chute des Be Cool) j&rsquo;avais un probl\u00e8me d&rsquo;ordi&#8230;donc mon d\u00e9part de Vpm \u00e9tait d\u00e9j\u00e0\u00a0 fait pour moi&#8230;il ne me manquait plus que mon message d&rsquo;adieu pour les Be Cooliens (que j&rsquo;ai fait et envoy\u00e9!mdr). Mais je suis revenue sur ma d\u00e9cision gr\u00e2ce \u00e0\u00a0 une belle rencontre&#8230;et \u00e7a m&rsquo;a donn\u00e9e envie de continuer.<\/p>\n<p style=\"text-align: justify;\"><strong><\/strong><\/p>\n<p style=\"text-align: justify;\"><strong>Tu sembles avoir un attachement particulier pour les Pr\u00e9sidentielles, pour lesquelles tu sembles beaucoup t&rsquo;investir. Peux-tu nous l&rsquo;expliquer ?<\/strong><\/p>\n<p style=\"text-align: justify;\">Oui, je m&rsquo;investis beaucoup pendant les pr\u00e9sidentielles&#8230;Pourquoi? Je ne saurais l&rsquo;expliquer xd&#8230;\u00e7a m&rsquo;attire mdr!<\/p>\n<p style=\"text-align: justify;\"><strong>Pourquoi ne pas t&rsquo;\u00eatre pr\u00e9sent\u00e9e ?<\/strong><\/p>\n<p style=\"text-align: justify;\">Peut-\u00eatre parce que je  me suis d\u00e9j\u00e0\u00a0 pr\u00e9senter xd&#8230;et je ne pense pas avoir de chance d&rsquo;\u00eatre \u00e9lue.<\/p>\n<p style=\"text-align: justify;\"><strong>Quels sont tes objectifs \u00e0\u00a0 court et moyen terme sur VPM ?<\/strong><\/p>\n<p style=\"text-align: justify;\">Faire remonter les Be Cool au top 5!(mdr)&#8230;enfin \u00e7a va prendre du temps mais on a une super \u00e9quipe. Et retrouver Paris (\u00e7a m&rsquo;a manqu\u00e9 mdr!)&#8230;Puis m&rsquo;amuser un max!<\/p>\n<p style=\"text-align: justify;\"><strong>Maintenant, tu peux le dire&#8230; Pour qui as-tu vot\u00e9 au Premier Tour ? Et au Deuxi\u00e8me ?<\/strong><\/p>\n<p style=\"text-align: justify;\">Au premier tour, j&rsquo;ai vot\u00e9 pour Easy (les femmes au pouvoir!mdr!)&#8230;Puis pareil au second.<\/p>\n<p style=\"text-align: justify;\"><strong>Tu as souvent des probl\u00e8mes avec la limite de MP. Mais pourquoi et pour qui envoies-tu tous ces MP ?! ^^<\/strong><\/p>\n<p style=\"text-align: justify;\">Ah oui&#8230;c&rsquo;est affreux!xd&#8230;Je suis une vraie pipelette&#8230;mais trop!xd&#8230;Oh je parle un peu de tout, les potins, la vie, les affaires (xd!&#8230;h\u00e9 oui!).<\/p>\n<p style=\"text-align: justify;\">J&rsquo;vais comme m\u00eame pas vous le dire non mais! (c&rsquo;est secret xd).<\/p>\n<p style=\"text-align: justify;\"><strong>L&rsquo;\u00e9criture \u00ab fashion \u00bb&#8230; Comment la r\u00e9ussir ? Comptes-tu d\u00e9poser un Brevet ? :p<\/strong><\/p>\n<p style=\"text-align: justify;\">L\u00e0\u00a0 r\u00e9ussir&#8230;cr\u00e9er son propre style mdr! J&rsquo;ai cr\u00e9er ce sujet pour Cocoo&#8230;il y a quelques jours c&rsquo;\u00e9tait un apprenti et le voil\u00e0\u00a0 maintenant expert en la mati\u00e8re! J&rsquo;suis fi\u00e8re de lui il a fait d&rsquo;\u00e9norme progr\u00e8s lol.<\/p>\n<p style=\"text-align: justify;\">J&rsquo;attends encore un peu !&#8230;pour parler Business(top secret!xd)<\/p>\n","protected":false},"excerpt":{"rendered":"<p>Apr\u00e8s le d\u00e9part de Sagi et de la mod\u00e9ratrice Kewijane, une nouvelle mod\u00e9ratrice a \u00e9t\u00e9 nomm\u00e9e : Bestou. Nous l&rsquo;avons interview\u00e9e \u00e0\u00a0 ce sujet, mais aussi \u00e0\u00a0 propos de sa pr\u00e9sence sur VPM&#8230;<\/p>\n","protected":false},"author":2,"featured_media":0,"comment_status":"open","ping_status":"open","sticky":false,"template":"","format":"standard","meta":{"site-container-style":"default","site-container-layout":"default","site-sidebar-layout":"default","disable-article-header":"default","disable-site-header":"default","disable-site-footer":"default","disable-content-area-spacing":"default","footnotes":""},"categories":[302],"tags":[],"class_list":["post-391","post","type-post","status-publish","format-standard","hentry","category-5-la-tribune-libre"],"_links":{"self":[{"href":"https:\/\/vpmedias.fr\/index.php?rest_route=\/wp\/v2\/posts\/391","targetHints":{"allow":["GET"]}}],"collection":[{"href":"https:\/\/vpmedias.fr\/index.php?rest_route=\/wp\/v2\/posts"}],"about":[{"href":"https:\/\/vpmedias.fr\/index.php?rest_route=\/wp\/v2\/types\/post"}],"author":[{"embeddable":true,"href":"https:\/\/vpmedias.fr\/index.php?rest_route=\/wp\/v2\/users\/2"}],"replies":[{"embeddable":true,"href":"https:\/\/vpmedias.fr\/index.php?rest_route=%2Fwp%2Fv2%2Fcomments&post=391"}],"version-history":[{"count":0,"href":"https:\/\/vpmedias.fr\/index.php?rest_route=\/wp\/v2\/posts\/391\/revisions"}],"wp:attachment":[{"href":"https:\/\/vpmedias.fr\/index.php?rest_route=%2Fwp%2Fv2%2Fmedia&parent=391"}],"wp:term":[{"taxonomy":"category","embeddable":true,"href":"https:\/\/vpmedias.fr\/index.php?rest_route=%2Fwp%2Fv2%2Fcategories&post=391"},{"taxonomy":"post_tag","embeddable":true,"href":"https:\/\/vpmedias.fr\/index.php?rest_route=%2Fwp%2Fv2%2Ftags&post=391"}],"curies":[{"name":"wp","href":"https:\/\/api.w.org\/{rel}","templated":true}]}}