{"id":399,"date":"2009-05-01T17:29:43","date_gmt":"2009-05-01T15:29:43","guid":{"rendered":"http:\/\/vpmedias.e3b.org\/?p=399"},"modified":"2009-05-01T17:29:43","modified_gmt":"2009-05-01T15:29:43","slug":"les-presidentielles-en-question","status":"publish","type":"post","link":"https:\/\/vpmedias.fr\/?p=399","title":{"rendered":"Les Pr\u00e9sidentielles en question&#8230;"},"content":{"rendered":"<p><img loading=\"lazy\" decoding=\"async\" src=\"\/images\/logovpmi.png\" alt=\"logovpmi.png\" title=\"logovpmi.png\" align=\"right\" width=\"225\" height=\"58\" border=\"0\" \/><\/p>\n<p style=\"text-align: justify;\">Il y a peu, Jog lan\u00e7ait \u00e0\u00a0 nouveau le D\u00e9bat \u00e0\u00a0 propos des Pr\u00e9sidentielles&#8230; En l&rsquo;\u00e9tat actuel des choses, sont-elles utiles ? Doit-on revenir \u00e0\u00a0 l&rsquo;ancien syst\u00e8me ? Doit-on les supprimer ? Et au-del\u00e0\u00a0, quel est aujourd&rsquo;hui le r\u00f4le du Pr\u00e9sident de VPM ?<\/p>\n<p style=\"text-align: justify;\"><!--more--><\/p>\n<ul style=\"text-align: justify;\">\n<li>Petit rappel des faits :<\/li>\n<\/ul>\n<p style=\"text-align: justify;\">En Juillet dernier a eu lieu la 4e \u00e9lection Pr\u00e9sidentielle de VPM. Apr\u00e8s Syrfox, Izzie et Euskadi, c&rsquo;est MrBanana qui a \u00e9t\u00e9 \u00e9lu Pr\u00e9sident, pour on programme et ses propositions de r\u00e9formes novatrices. Cependant, des conflits estivaux avec l&rsquo;administration ont men\u00e9 irr\u00e9m\u00e9diablement \u00e0\u00a0 la perte de ce syst\u00e8me. Depuis lors, les 2 \u00e9lections pr\u00e9sidentielles qui ont eu lieu, celle de l&rsquo;\u00e9lection de Sagi et celle, plus r\u00e9cente, de la d\u00e9signation de Flyorbine ont \u00e9t\u00e9 bas\u00e9es sur un principe tout-\u00e0\u00a0-fait diff\u00e9rent.<\/p>\n<p style=\"text-align: justify;\">En lieu et place des ardents d\u00e9bats autour des propositions de r\u00e9formes, un d\u00e9bat humoristique. L&rsquo;\u00e9lection se veut \u00ab\u00a0fun\u00a0\u00bb, pour \u00e9lire un \u00ab\u00a0miss ou mister VPM\u00a0\u00bb. Pas de pol\u00e9mique, mais uniquement de l&rsquo;humour et la popularit\u00e9 des diff\u00e9rents candidats, qui leur est conf\u00e9r\u00e9e par leur activit\u00e9 ou leur exp\u00e9rience.<\/p>\n<ul style=\"text-align: justify;\">\n<li>Prenons part au D\u00e9bat :<\/li>\n<\/ul>\n<p style=\"text-align: justify;\">Parmi les nombreuses affirmations et id\u00e9es formul\u00e9es sur ce sujet : <a href=\"http:\/\/www.votezpourmoi.com\/forum_msg.php?idsujet=9178&amp;id=5\" target=\"_blank\">http:\/\/www.votezpourmoi.com\/forum_msg.php?idsujet=9178&amp;id=5<\/a> , et avant de vous livrer ma vision des choses, permettez-moi de r\u00e9agir \u00e0\u00a0 certaines d&rsquo;entre elles.<\/p>\n<p style=\"text-align: justify;\">Jog dit : \u00ab\u00a0<em>Pour ma part, je n&rsquo;ai pas vu la diff\u00e9rence avec une p\u00e9riode habituelle : donc hors pr\u00e9si.<\/em><\/p>\n<p style=\"text-align: justify;\"><em>O\u00f9 \u00e9taient l&rsquo;ambiance et la participation plus accrues ?<\/em><\/p>\n<p style=\"text-align: justify;\"><em>Sans oublier que l&rsquo;avant derni\u00e8re avait aussi montr\u00e9 des signes de participation peu importante par rapport \u00e0\u00a0 ses anc\u00eatres.<\/em><\/p>\n<p style=\"text-align: justify;\"><em>On peut donc dire qu&rsquo;aujourd&rsquo;hui les pr\u00e9sidentielles perdent du souffle, ne permettent plus de relancer une ambiance plus active<\/em>.\u00a0\u00bb<\/p>\n<p style=\"text-align: justify;\">Peut-\u00eatre faudrait-il temp\u00e9rer un petit peu ce jugement. Il me semble que la fr\u00e9quentation des march\u00e9s s&rsquo;est l\u00e9g\u00e8rement accrue, parall\u00e8lement \u00e0\u00a0 celle du Forum. Cela dit, rien d&rsquo;\u00e9tonnant \u00e0\u00a0 cela dans la mesure o\u00f9 ce qui d\u00e9cha\u00eenait les passions dans ce que nous appellerons \u00ab\u00a0l&rsquo;ancienne formule\u00a0\u00bb pr\u00e9sidentielle est justement ce que Jog appelle \u00ab\u00a0des clivages\u00a0\u00bb. Ces p\u00e9riodes, parfois pol\u00e9miques, mais toujours tr\u00e8s dynamiques, au-del\u00e0\u00a0 d&rsquo;\u00eatre celles de l&rsquo;\u00e9lection d&rsquo;un Pr\u00e9sident, \u00e9taient un v\u00e9ritable fourmillement d&rsquo;id\u00e9es, dans lesquelles l&rsquo;administrateur pouvait largement trouver des projets pertinents, devant la richesse des r\u00e9flexions men\u00e9es, et d\u00e8s lors que les discussions n&rsquo;\u00e9taient pas digne d&rsquo;un poulailler mafieux. Ce besoin de D\u00e9bat non-assouvi a d&rsquo;ailleurs pouss\u00e9 beaucoup de joueurs \u00e0\u00a0 d\u00e9battre sur le Forum.<\/p>\n<p style=\"text-align: justify;\">Cela dit, j&rsquo;ai \u00e9t\u00e9 personnellement tr\u00e8s frapp\u00e9 par le peu d&rsquo;engouement suscit\u00e9 par l&rsquo;\u00e9lection de Flyorbine, que ce soit parmi les joueurs ou sur les March\u00e9s. j&rsquo;ai trouv\u00e9 VPM \u00e9teint l\u00e0\u00a0 o\u00f9 je l&rsquo;attendais passionn\u00e9 et impatient.<\/p>\n<p style=\"text-align: justify;\">Jog dit aussi : \u00ab\u00a0<em>Je vous pose donc la question de savoir, s&rsquo;il est pr\u00e9f\u00e9rable d&rsquo;avoir \u00e0\u00a0 nouveau des \u00ab candidats \u00e0\u00a0 programmes \u00bb qui pourraient tout en remettant de la participation sans obligatoirement rendre l&rsquo;ambiance meilleure et m\u00eame avec tout le respect que je dois \u00e0\u00a0 l&rsquo;admin le jeu n&rsquo;est pas enti\u00e8rement abouti et m\u00eame dans ce cas on peut toujours ajouter ou modifier certains l\u00e9gers d\u00e9tails<\/em>.\u00a0\u00bb<\/p>\n<p style=\"text-align: justify;\">Qui ne le souhaiterait pas ? Tr\u00e8s honn\u00eatement, ce serait l&rsquo;id\u00e9al. Les VPMiens ont toujours d\u00e9montr\u00e9 leur attachement pour l&rsquo;\u00e9change d&rsquo;id\u00e9es. Il reste \u00e0\u00a0 savoir si cette d\u00e9sir serait applicable. Il semble peu cr\u00e9dible que l&rsquo;administrateur revienne \u00e0\u00a0 l&rsquo;ancien syst\u00e8me. Il a lui-m\u00eame affirm\u00e9 qu&rsquo;il ne voulait plus de pol\u00e9miques autour des r\u00e9formes, qu&rsquo;il ne voulait plus s&rsquo;investir trop dans l&rsquo;\u00e9volution de VPM. Pourquoi cette situation aurait-elle chang\u00e9 ? Par contre, on peut tr\u00e8s bien consid\u00e9rer autrement le r\u00f4le du Pr\u00e9sident. Mais on y reviendra.<\/p>\n<p style=\"text-align: justify;\">Jog propose aussi de \u00ab\u00a0<em>tout simplement supprimer les pr\u00e9sidentielles qui n&rsquo;aboutissent plus \u00e0\u00a0 rien sauf \u00e0\u00a0 montrer la popularit\u00e9 actuelle des candidats.<\/em>\u00ab\u00a0<\/p>\n<p style=\"text-align: justify;\">Je ne pense pas que ce soit la solution. M\u00eame si elles ne semblent pas autant qu&rsquo;auparavant favoriser l&rsquo;ambiance, un pareil \u00e9v\u00e8nement permet de briser la routine des campagnes. Si on y r\u00e9fl\u00e9chit bien, et en sch\u00e9matisant, VPM n&rsquo;a pour but que d&rsquo;encha\u00eener des campagnes. Une Pr\u00e9sidentielle tous les quelques mois peut permettre de changer d&rsquo;air, d&rsquo;avoir un nouvel objectif pour certains joueurs. Les supprimer renforcerait la monotonie du jeu.<\/p>\n<p style=\"text-align: justify;\">BobMorane souligne que \u00ab\u00a0<em>Comme il est dit, les \u00e9lections sont boucl\u00e9es (!) en 9(?) jours.<\/em>\u00ab\u00a0<\/p>\n<p style=\"text-align: justify;\">Voil\u00e0\u00a0. Je ne sais pas vous, mais moi, cette mani\u00e8re de pr\u00e9senter les choses m&rsquo;a assez choqu\u00e9. Tout est dit comme si les Pr\u00e9sidentielles \u00e9taient une corv\u00e9e, un fardeau dont il faut se d\u00e9barrasser au plus vite, parce qu&rsquo;on n&rsquo;a pas le choix. (\u00ab\u00a0boucler\u00a0\u00bb ?!) C&rsquo;est assez dommage, tant les Pr\u00e9sidentielles pourraient \u00eatre abord\u00e9es de mani\u00e8re plus positive et ouverte, comme un \u00e9v\u00e8nement, une chance, et non pas comme une t\u00e2che r\u00e9p\u00e9titive qu&rsquo;il incombe d&rsquo;organiser.<\/p>\n<p style=\"text-align: justify;\">Se pose ensuite la question de la dur\u00e9e des Pr\u00e9sidentielles, actuellement de 9 jours. Il est \u00e9vident que les derni\u00e8res Pr\u00e9sidentielles ont \u00e9t\u00e9 rat\u00e9es par les M\u00e9dias, il faut bien l&rsquo;avouer. La couverture m\u00e9diatique des Pr\u00e9sidentielles a toujours apport\u00e9 un dynamisme suppl\u00e9mentaire \u00e0\u00a0 l&rsquo;\u00e9v\u00e8nement. Or l\u00e0\u00a0, elles sont tomb\u00e9es dans une triste p\u00e9riode de \u00ab\u00a0trou m\u00e9diatique\u00a0\u00bb, celui de la transition entre les M\u00e9dias dits anciens (Kronik &amp; Le Pilote) et les nouveaux M\u00e9dias (VPM\u00e9dias), qui se traduit forc\u00e9ment par une baisse d&rsquo;activit\u00e9 des dits M\u00e9dias, puisque les anciens \u00e9taient \u00ab\u00a0morts\u00a0\u00bb et les nouveaux \u00ab\u00a0non-lanc\u00e9s\u00a0\u00bb. Force est de constater que si les M\u00e9dias avaient pu \u00eatre actifs, organiser des D\u00e9bats, des Interviews, publier des analyses, des r\u00e9actions, les 9 jours auraient \u00e9t\u00e9 bien remplis et utilis\u00e9s. Maintenant, a-t-on vraiment besoin de plus de temps ? Pendant, je pense que non, avant, oui. Et l\u00e0\u00a0, je rebondis sur les propos de BobMorane : \u00ab\u00a0Il faudrait donc une petite semaine avant les primaires pour que les partis s&rsquo;organisent vis \u00e0\u00a0 vis de leur candidat officiel, pour commencer.\u00a0\u00bb (propos que je vais faire graver dans de l&rsquo;or massif et suspendre au-dessus de ma chemin\u00e9e !). Cette demande d&rsquo;\u00eatre pr\u00e9venus ne serait-ce qu&rsquo;une semaine \u00e0\u00a0 l&rsquo;avance des Pr\u00e9sidentielles \u00e0\u00a0 venir, je la clame depuis des mois. Elle permettrait aux Partis de s&rsquo;organiser pour envoyer un candidat, celui le plus capable de r\u00e9ussir. Elle \u00e9viterait aux partis de pr\u00e9senter involontairement plusieurs candidats ! Du point de <\/p>\n","protected":false},"excerpt":{"rendered":"<p>Il y a peu, Jog lan\u00e7ait \u00e0\u00a0 nouveau le D\u00e9bat \u00e0\u00a0 propos des Pr\u00e9sidentielles&#8230; En l&rsquo;\u00e9tat actuel des choses, sont-elles utiles ? Doit-on revenir \u00e0\u00a0 l&rsquo;ancien syst\u00e8me ? Doit-on les supprimer ? Et au-del\u00e0\u00a0, quel est aujourd&rsquo;hui le r\u00f4le du Pr\u00e9sident de VPM ?<\/p>\n","protected":false},"author":2,"featured_media":0,"comment_status":"open","ping_status":"closed","sticky":false,"template":"","format":"standard","meta":{"site-container-style":"default","site-container-layout":"default","site-sidebar-layout":"default","disable-article-header":"default","disable-site-header":"default","disable-site-footer":"default","disable-content-area-spacing":"default","footnotes":""},"categories":[302],"tags":[],"class_list":["post-399","post","type-post","status-publish","format-standard","hentry","category-5-la-tribune-libre"],"_links":{"self":[{"href":"https:\/\/vpmedias.fr\/index.php?rest_route=\/wp\/v2\/posts\/399","targetHints":{"allow":["GET"]}}],"collection":[{"href":"https:\/\/vpmedias.fr\/index.php?rest_route=\/wp\/v2\/posts"}],"about":[{"href":"https:\/\/vpmedias.fr\/index.php?rest_route=\/wp\/v2\/types\/post"}],"author":[{"embeddable":true,"href":"https:\/\/vpmedias.fr\/index.php?rest_route=\/wp\/v2\/users\/2"}],"replies":[{"embeddable":true,"href":"https:\/\/vpmedias.fr\/index.php?rest_route=%2Fwp%2Fv2%2Fcomments&post=399"}],"version-history":[{"count":0,"href":"https:\/\/vpmedias.fr\/index.php?rest_route=\/wp\/v2\/posts\/399\/revisions"}],"wp:attachment":[{"href":"https:\/\/vpmedias.fr\/index.php?rest_route=%2Fwp%2Fv2%2Fmedia&parent=399"}],"wp:term":[{"taxonomy":"category","embeddable":true,"href":"https:\/\/vpmedias.fr\/index.php?rest_route=%2Fwp%2Fv2%2Fcategories&post=399"},{"taxonomy":"post_tag","embeddable":true,"href":"https:\/\/vpmedias.fr\/index.php?rest_route=%2Fwp%2Fv2%2Ftags&post=399"}],"curies":[{"name":"wp","href":"https:\/\/api.w.org\/{rel}","templated":true}]}}