{"id":40296,"date":"2018-09-28T13:30:34","date_gmt":"2018-09-28T11:30:34","guid":{"rendered":"https:\/\/vpmedias.fr\/?p=40296"},"modified":"2018-09-27T23:36:28","modified_gmt":"2018-09-27T21:36:28","slug":"presidentielle-vivez-ce-soir-a-21h-le-debat-du-second-tour-en-direct","status":"publish","type":"post","link":"https:\/\/vpmedias.fr\/?p=40296","title":{"rendered":"Pr\u00e9sidentielle : Vivez ce soir \u00e0 21h le d\u00e9bat du second tour en direct"},"content":{"rendered":"<p style=\"text-align: justify;\"><a href=\"https:\/\/wiki.vpmedias.fr\/Anetheron\">Anetheron <\/a>(23,4%) et <a href=\"https:\/\/wiki.vpmedias.fr\/Od\">Od <\/a>(18,8%) sont les deux qualifi\u00e9s au second tour de cette nouvelle \u00e9lection pr\u00e9sidentielle, la premi\u00e8re de cette ann\u00e9e 2018. 11 ans apr\u00e8s son introduction sur le jeu, <a href=\"https:\/\/wiki.vpmedias.fr\/Pr%C3%A9sident\">ce module d&rsquo;\u00e9lection<\/a> du pr\u00e9sident perdure apr\u00e8s plusieurs phases de <a href=\"https:\/\/wiki.vpmedias.fr\/Pr%C3%A9sident_r%C3%A9volutionnaire\">syst\u00e8me r\u00e9volutionnaire<\/a>.<!--more--><\/p>\n<p style=\"text-align: justify;\"><strong>Ce soir, \u00e0 21h<\/strong>, les deux joueurs s&rsquo;affronteront verbalement ce soir en direct devant les VPMiens&#8230; mais finalement indirectement. En effet, actuellement \u00e0 l&rsquo;\u00e9tranger, Od ne peut pas participer et sera donc repr\u00e9sent\u00e9 par <a href=\"https:\/\/wiki.vpmedias.fr\/Joshparker\">Joshparker<\/a>, actuellement SG des Barbouzes.<\/p>\n<p style=\"text-align: justify;\"><strong>Tous les joueurs de VPM<\/strong> sont invit\u00e9s \u00e0 assister \u00e0 la joute oratoire sur le salon de tchat Discord. Ils auront la possibilit\u00e9 de poser\u00a0 leurs questions en direct aux candidats. Le d\u00e9bat devrait probablement \u00eatre anim\u00e9 par la toute nouvelle mod\u00e9ratrice <strong>Bellazelda<\/strong>.<\/p>\n<p>Un d\u00e9bat n&rsquo;est pas amusant que du fait des deux participants, mais aussi gr\u00e2ce aux questions du public, alors n&rsquo;h\u00e9sitez pas \u00e0 venir nombreux !<\/p>\n<p><strong>Pour rejoindre le d\u00e9bat :<\/strong><\/p>\n<p>Rendez-vous sur le salon Discord en <a href=\"https:\/\/discord.gg\/7cvfF6Q\">suivant ce lien<\/a>, ou en cliquant sur <em>Connect<\/em> sur la page d&rsquo;accueil de VPM\u00e9dias !<\/p>\n<p style=\"text-align: justify;\"><strong>Pour en savoir plus sur les candidats :<\/strong><\/p>\n<ul style=\"text-align: justify;\">\n<li><a href=\"https:\/\/wiki.vpmedias.fr\/Od\">Page WikiVPM de Od<\/a><\/li>\n<li><a href=\"https:\/\/wiki.vpmedias.fr\/Anetheron\">Page WikiVPM de Anetheron<\/a><\/li>\n<\/ul>\n<p style=\"text-align: justify;\"><strong>Rappelons les r\u00e9sultats du premier tour :<\/strong><\/p>\n<p style=\"text-align: justify;\"><img loading=\"lazy\" decoding=\"async\" class=\"aligncenter size-full wp-image-40297\" src=\"https:\/\/vpmedias.fr\/wp-content\/uploads\/2018\/09\/presi2018.png\" alt=\"\" width=\"757\" height=\"426\" srcset=\"https:\/\/vpmedias.fr\/wp-content\/uploads\/2018\/09\/presi2018.png 757w, https:\/\/vpmedias.fr\/wp-content\/uploads\/2018\/09\/presi2018-150x84.png 150w, https:\/\/vpmedias.fr\/wp-content\/uploads\/2018\/09\/presi2018-300x169.png 300w, https:\/\/vpmedias.fr\/wp-content\/uploads\/2018\/09\/presi2018-550x310.png 550w\" sizes=\"auto, (max-width: 757px) 100vw, 757px\" \/><\/p>\n<p style=\"text-align: justify;\">[auteur]<\/p>\n","protected":false},"excerpt":{"rendered":"<p>Comment assister en direct au d\u00e9bat du second tour sur Discord.<\/p>\n","protected":false},"author":5,"featured_media":0,"comment_status":"open","ping_status":"open","sticky":false,"template":"","format":"standard","meta":{"site-container-style":"default","site-container-layout":"default","site-sidebar-layout":"default","disable-article-header":"default","disable-site-header":"default","disable-site-footer":"default","disable-content-area-spacing":"default","footnotes":""},"categories":[312,3],"tags":[15,418],"class_list":["post-40296","post","type-post","status-publish","format-standard","hentry","category-g-a-la-une","category-1-vpmi","tag-debat","tag-presidentielle"],"_links":{"self":[{"href":"https:\/\/vpmedias.fr\/index.php?rest_route=\/wp\/v2\/posts\/40296","targetHints":{"allow":["GET"]}}],"collection":[{"href":"https:\/\/vpmedias.fr\/index.php?rest_route=\/wp\/v2\/posts"}],"about":[{"href":"https:\/\/vpmedias.fr\/index.php?rest_route=\/wp\/v2\/types\/post"}],"author":[{"embeddable":true,"href":"https:\/\/vpmedias.fr\/index.php?rest_route=\/wp\/v2\/users\/5"}],"replies":[{"embeddable":true,"href":"https:\/\/vpmedias.fr\/index.php?rest_route=%2Fwp%2Fv2%2Fcomments&post=40296"}],"version-history":[{"count":1,"href":"https:\/\/vpmedias.fr\/index.php?rest_route=\/wp\/v2\/posts\/40296\/revisions"}],"predecessor-version":[{"id":40298,"href":"https:\/\/vpmedias.fr\/index.php?rest_route=\/wp\/v2\/posts\/40296\/revisions\/40298"}],"wp:attachment":[{"href":"https:\/\/vpmedias.fr\/index.php?rest_route=%2Fwp%2Fv2%2Fmedia&parent=40296"}],"wp:term":[{"taxonomy":"category","embeddable":true,"href":"https:\/\/vpmedias.fr\/index.php?rest_route=%2Fwp%2Fv2%2Fcategories&post=40296"},{"taxonomy":"post_tag","embeddable":true,"href":"https:\/\/vpmedias.fr\/index.php?rest_route=%2Fwp%2Fv2%2Ftags&post=40296"}],"curies":[{"name":"wp","href":"https:\/\/api.w.org\/{rel}","templated":true}]}}