{"id":40300,"date":"2018-09-30T14:57:28","date_gmt":"2018-09-30T12:57:28","guid":{"rendered":"https:\/\/vpmedias.fr\/?p=40300"},"modified":"2018-09-30T23:41:09","modified_gmt":"2018-09-30T21:41:09","slug":"anetheron-elu-president-lanalyse-des-reports","status":"publish","type":"post","link":"https:\/\/vpmedias.fr\/?p=40300","title":{"rendered":"Anetheron \u00e9lu Pr\u00e9sident : l&rsquo;analyse des reports"},"content":{"rendered":"<p><img loading=\"lazy\" decoding=\"async\" class=\"aligncenter size-full wp-image-40309\" src=\"https:\/\/vpmedias.fr\/wp-content\/uploads\/2018\/09\/Analyse-reports-Presidentielle-Anetheron-corrige.png\" alt=\"\" width=\"720\" height=\"613\" srcset=\"https:\/\/vpmedias.fr\/wp-content\/uploads\/2018\/09\/Analyse-reports-Presidentielle-Anetheron-corrige.png 720w, https:\/\/vpmedias.fr\/wp-content\/uploads\/2018\/09\/Analyse-reports-Presidentielle-Anetheron-corrige-150x128.png 150w, https:\/\/vpmedias.fr\/wp-content\/uploads\/2018\/09\/Analyse-reports-Presidentielle-Anetheron-corrige-300x255.png 300w, https:\/\/vpmedias.fr\/wp-content\/uploads\/2018\/09\/Analyse-reports-Presidentielle-Anetheron-corrige-550x468.png 550w\" sizes=\"auto, (max-width: 720px) 100vw, 720px\" \/><\/p>\n<h2>Annonce des ministres<\/h2>\n<p>Le pr\u00e9sident nouvellement \u00e9lu vient de nommer ses ministres : il s&rsquo;agit de\u00a0Renardtb, Comtesse, Theiere, Nytilchance, Lorn et Krustyisback.<\/p>\n","protected":false},"excerpt":{"rendered":"<p>D&rsquo;o\u00f9 viennent les voix du second tour ? Quels ont \u00e9t\u00e9 les chiffres de l&rsquo;abstention ? Le r\u00e9sum\u00e9 de l&rsquo;\u00e9lection en une infographie !<\/p>\n","protected":false},"author":5,"featured_media":0,"comment_status":"open","ping_status":"open","sticky":false,"template":"","format":"standard","meta":{"site-container-style":"default","site-container-layout":"default","site-sidebar-layout":"default","disable-article-header":"default","disable-site-header":"default","disable-site-footer":"default","disable-content-area-spacing":"default","footnotes":""},"categories":[312,3],"tags":[550,418,438],"class_list":["post-40300","post","type-post","status-publish","format-standard","hentry","category-g-a-la-une","category-1-vpmi","tag-ministres","tag-presidentielle","tag-resultats"],"_links":{"self":[{"href":"https:\/\/vpmedias.fr\/index.php?rest_route=\/wp\/v2\/posts\/40300","targetHints":{"allow":["GET"]}}],"collection":[{"href":"https:\/\/vpmedias.fr\/index.php?rest_route=\/wp\/v2\/posts"}],"about":[{"href":"https:\/\/vpmedias.fr\/index.php?rest_route=\/wp\/v2\/types\/post"}],"author":[{"embeddable":true,"href":"https:\/\/vpmedias.fr\/index.php?rest_route=\/wp\/v2\/users\/5"}],"replies":[{"embeddable":true,"href":"https:\/\/vpmedias.fr\/index.php?rest_route=%2Fwp%2Fv2%2Fcomments&post=40300"}],"version-history":[{"count":5,"href":"https:\/\/vpmedias.fr\/index.php?rest_route=\/wp\/v2\/posts\/40300\/revisions"}],"predecessor-version":[{"id":40311,"href":"https:\/\/vpmedias.fr\/index.php?rest_route=\/wp\/v2\/posts\/40300\/revisions\/40311"}],"wp:attachment":[{"href":"https:\/\/vpmedias.fr\/index.php?rest_route=%2Fwp%2Fv2%2Fmedia&parent=40300"}],"wp:term":[{"taxonomy":"category","embeddable":true,"href":"https:\/\/vpmedias.fr\/index.php?rest_route=%2Fwp%2Fv2%2Fcategories&post=40300"},{"taxonomy":"post_tag","embeddable":true,"href":"https:\/\/vpmedias.fr\/index.php?rest_route=%2Fwp%2Fv2%2Ftags&post=40300"}],"curies":[{"name":"wp","href":"https:\/\/api.w.org\/{rel}","templated":true}]}}