{"id":40419,"date":"2018-11-04T10:58:23","date_gmt":"2018-11-04T09:58:23","guid":{"rendered":"https:\/\/vpmedias.fr\/?p=40419"},"modified":"2018-11-04T11:03:22","modified_gmt":"2018-11-04T10:03:22","slug":"interview-de-nytilchance-par-conway","status":"publish","type":"post","link":"https:\/\/vpmedias.fr\/?p=40419","title":{"rendered":"Interview de Nytilchance, par Conway"},"content":{"rendered":"<blockquote>\n<p style=\"text-align: justify;\">Voici le premier article de <strong>Conway<\/strong>, qui a postul\u00e9 r\u00e9cemment chez VPM\u00e9dias et qui ambitionne de devenir journaliste. Si son article vous a plu, n&rsquo;h\u00e9sitez pas \u00e0 bien le noter et \u00e0 l&rsquo;encourager dans les commentaires !<\/p>\n<\/blockquote>\n<p><span style=\"color: #ff0000;\"><b style=\"color: #ff0000;\">1) Bienvenue Nytilchance dans les studios de VPM\u00c9DIAS ; mets-toi \u00e0 l&rsquo;aise sur ce beau fauteuil en cuir\u00a0<\/b><span style=\"color: #ff0000;\"><b>mexicain<\/b><\/span><b style=\"color: #ff0000;\">\u00a0!<\/b><\/span><\/p>\n<p>Pour une v\u00e9g\u00e9tarienne limite vegan, s&rsquo;assoir sur du cuir, c&rsquo;est un comble ! XD<\/p>\n<p><strong><span style=\"color: #ff0000;\">2) Un petit verre de Bourbon ?<\/span> <\/strong><\/p>\n<p>Ah ? j&rsquo;ai pas le droit \u00e0 un Martini rouge ?<\/p>\n<p><strong><span style=\"color: #ff0000;\">3) Peux-tu te pr\u00e9senter rapidement \u00e0 nos chers lecteurs ?<\/span><\/strong><\/p>\n<p>Je suis Nytilchance, aussi connu sous le pseudo de Korra. \u00e7a va faire 2 ans en janvier que je suis sur le jeu. J&rsquo;ai \u00e9t\u00e9 SG d&rsquo;un parti qui se nommait le PET ( Parti de l&rsquo;Eclate Totale ) mais qui a finalement ferm\u00e9 ses portes\u2026 Je suis rest\u00e9 un moment chez les Tontons flingueurs puis j&rsquo;ai mont\u00e9 mon parti actuel, le FLEAU ( F\u00e9odalit\u00e9 Lucrative des Escrocs et Abrutis Ultimes ) qui je l&rsquo;esp\u00e8re ira loin ! Avec mon compte Korra, je suis \u00e0 la Purple Connexion depuis un moment et j&rsquo;ai aussi voyag\u00e9 de parti en parti pendant un temps, j&rsquo;ai pu donc faire pas mal de connaissance et je suis pass\u00e9 par des partis fantastiques ! Du c\u00f4t\u00e9 des joueurs que j&rsquo;aime beaucoup il y a Onomatopet-picoteux-pertinent qui \u00e9tait d\u00e9j\u00e0 avec moi au PET, Ludu ( kipous-belge ) qui malheureusement parti\u2026 ) Et si je le charge tout le temps, je l&rsquo;aime bien quand m\u00eame le clown, Kursty l&rsquo;international ! J&rsquo;aime aussi beaucoup Tippex et Yannay et j&rsquo;ai une pens\u00e9e particuli\u00e8re pour Ohlalaaa, elle aussi parti avec qui j&rsquo;ai vraiment accroch\u00e9 et qui me manque beaucoup\u2026 T-T Et sinon, wolfpac, c&rsquo;est mon choupinou ch\u00e9ri \u00e0 moi ! XD<\/p>\n<p><strong><span style=\"color: #ff0000;\">4) Que penses tu de la situation actuel de ton gouvernement ? Y a t-il une bonne ambiance au sein de l&rsquo;ef\u00e9ctif ?<\/span><\/strong><\/p>\n<p>Il y avait une bonne ambiance, j&rsquo;avais m\u00eame dans mon parti un autre ministre et la favorite du pr\u00e9sident ^^ h\u00e9las, le gouvernement n&rsquo;est plus\u2026<\/p>\n<p><span style=\"color: #ff0000;\"><span style=\"color: #ff0000;\"><b>5) En quelques mots ; comment qualifierais-tu Anetheron ?<\/b><\/span><\/span><\/p>\n<p>C&rsquo;\u00e9tait un bon pr\u00e9sident qui n&rsquo;a pas failli contre les multiples attaques qu&rsquo;il a re\u00e7u ! Il avait le m\u00e9rite de tenir un RP \u00e0 la perfection et a fait vivre son univers, les ministres l&rsquo;ont suivis, moi y compris, parce que \u00e7a valait la peine !<\/p>\n<p><span style=\"color: #ff0000;\"><span style=\"color: #ff0000;\"><b>6) Es tu une personne nostalgique du gouvernement r\u00e9volutionnaire ? Te manque-t-il ? Ou pr\u00e9f\u00e8res-tu le syst\u00e8me actuel ?<\/b><\/span><\/span><\/p>\n<p>Je pourrais pas vraiment me prononcer, j&rsquo;avoue qu&rsquo;il y a encore peu, je ne m&rsquo;y int\u00e9ressais pas vraiment et je ne l&rsquo;ai pas connu de l&rsquo;int\u00e9rieur&#8230;<\/p>\n<p><strong><span style=\"color: #ff0000;\">7) Envisages-tu la pr\u00e9sidence ?<\/span><\/strong><\/p>\n<p>En effet, si c&rsquo;est possible, je compte me pr\u00e9senter de nouveau !<\/p>\n<p><strong><span style=\"color: #ff0000;\">8) Penses-tu que Anetheron \u00e9tait un bon pr\u00e9sident ?<\/span><\/strong><\/p>\n<p>Il l&rsquo;a \u00e9t\u00e9, c&rsquo;est vraiment dommage qu&rsquo;il ne soit plus l\u00e0&#8230;<\/p>\n<p><strong><span style=\"color: #ff0000;\">9) Quel est le\/la ministre avec le\/la quel(le) avec qui tu entretiens les meilleures relations ?<\/span><\/strong><\/p>\n<p>Je m&rsquo;entendais plut\u00f4t bien avec Lorn, une vieille connaissance qui en plus, a rejoint mon parti par la suite, mais il n&rsquo;est plus l\u00e0 non plus&#8230;<\/p>\n<p><strong><span style=\"color: #ff0000;\">10) As-tu de futurs projet d&rsquo;animation ? Si oui lesquels ? Peux-tu nous expliquer un peu ?<\/span><\/strong><\/p>\n<p>Pour l&rsquo;instant, je me contente des deux que je tiens en ce moment : \u00ab\u00a0la maison\u00a0\u00bb et \u00ab\u00a0le mot myst\u00e8re\u00a0\u00bb ;-)<\/p>\n<p><span style=\"color: #ff0000;\"><strong>Alors pour moi tout est bon ; je te remercie de cette pr\u00e9cieuse interview ! Et je constate que le bourbon \u00e9tait bon !<\/strong><\/span><\/p>\n<p><span style=\"color: #000000;\">Euh\u2026 j&rsquo;ai tout balanc\u00e9 dans la plante verte en fait&#8230;<\/span><\/p>\n<p>&nbsp;<\/p>\n<p><strong><span style=\"color: #000000;\">Je vous remercie d&rsquo;avoir lu cette interview !!!<\/span><\/strong><\/p>\n","protected":false},"excerpt":{"rendered":"<p>Pour son premier article, Conway s&rsquo;int\u00e9resse \u00e0 une de nos ministres du Chaos, Nytilchance !<\/p>\n","protected":false},"author":14,"featured_media":0,"comment_status":"open","ping_status":"open","sticky":false,"template":"","format":"standard","meta":{"site-container-style":"default","site-container-layout":"default","site-sidebar-layout":"default","disable-article-header":"default","disable-site-header":"default","disable-site-footer":"default","disable-content-area-spacing":"default","footnotes":""},"categories":[302],"tags":[321,292,34,464,52,209],"class_list":["post-40419","post","type-post","status-publish","format-standard","hentry","category-5-la-tribune-libre","tag-communaute","tag-gouvernement","tag-interview","tag-ministre","tag-partis","tag-people"],"_links":{"self":[{"href":"https:\/\/vpmedias.fr\/index.php?rest_route=\/wp\/v2\/posts\/40419","targetHints":{"allow":["GET"]}}],"collection":[{"href":"https:\/\/vpmedias.fr\/index.php?rest_route=\/wp\/v2\/posts"}],"about":[{"href":"https:\/\/vpmedias.fr\/index.php?rest_route=\/wp\/v2\/types\/post"}],"author":[{"embeddable":true,"href":"https:\/\/vpmedias.fr\/index.php?rest_route=\/wp\/v2\/users\/14"}],"replies":[{"embeddable":true,"href":"https:\/\/vpmedias.fr\/index.php?rest_route=%2Fwp%2Fv2%2Fcomments&post=40419"}],"version-history":[{"count":4,"href":"https:\/\/vpmedias.fr\/index.php?rest_route=\/wp\/v2\/posts\/40419\/revisions"}],"predecessor-version":[{"id":40425,"href":"https:\/\/vpmedias.fr\/index.php?rest_route=\/wp\/v2\/posts\/40419\/revisions\/40425"}],"wp:attachment":[{"href":"https:\/\/vpmedias.fr\/index.php?rest_route=%2Fwp%2Fv2%2Fmedia&parent=40419"}],"wp:term":[{"taxonomy":"category","embeddable":true,"href":"https:\/\/vpmedias.fr\/index.php?rest_route=%2Fwp%2Fv2%2Fcategories&post=40419"},{"taxonomy":"post_tag","embeddable":true,"href":"https:\/\/vpmedias.fr\/index.php?rest_route=%2Fwp%2Fv2%2Ftags&post=40419"}],"curies":[{"name":"wp","href":"https:\/\/api.w.org\/{rel}","templated":true}]}}