{"id":41049,"date":"2018-12-24T15:35:35","date_gmt":"2018-12-24T14:35:35","guid":{"rendered":"https:\/\/vpmedias.fr\/?p=41049"},"modified":"2018-12-28T19:44:15","modified_gmt":"2018-12-28T18:44:15","slug":"classement-national-320-24-decembre-2018","status":"publish","type":"post","link":"https:\/\/vpmedias.fr\/?p=41049","title":{"rendered":"Classement National #320 | 24 d\u00e9cembre 2018"},"content":{"rendered":"<p style=\"text-align: justify;\"><span style=\"color: #999999;\">Pour ce CN sp\u00e9cial No\u00ebl, plusieurs choses au programme \u00e0 commencer par un duplex avec Cahuzac qui a utilis\u00e9 ses larmes de crocodile pour voyager. Mais aussi, c&rsquo;est mon premier article (<del>oui je remplace Cahuzac qui est parti se dorer la pilule)<\/del> avec de nombreux guests\u00a0 mis \u00e0 contribution pour l&rsquo;occasion.<del><br \/>\n<\/del><\/span><\/p>\n<p style=\"text-align: justify;\"><span style=\"color: #333333;\">Cette semaine, je remplace Cahuzac <del>(\u00e7a commence bien, je radote)<\/del> car il est parti chercher <del><\/del>notre canard ador\u00e9 au doux nom de Girard aka Gigi. Ce dernier a pris ses clics et ses pattes en direction des \u00eeles Kerguelen surnomm\u00e9es \u00ab\u00a0\u00eeles de la D\u00e9solation\u00a0\u00bb. Pourquoi s&rsquo;enfuit-il ? Tout simplement parce que nous sommes \u00e0 la veille de No\u00ebl et donc, place au foie gras !<\/span><\/p>\n<p style=\"text-align: justify;\">C&rsquo;est dans ce contexte que je vous pr\u00e9sente le CN de No\u00ebl. Mais avant de d\u00e9voiler les chiffres, on va s&rsquo;int\u00e9resser \u00e0 nos personnalit\u00e9s qui sont mis \u00e0 l&rsquo;honneur pour No\u00ebl.<\/p>\n<p style=\"text-align: justify;\">Pour commencer, je laisse la parole \u00e0 l&rsquo;envoy\u00e9 sp\u00e9cial, Cahuzac ayant pris le sous-marin de notre r\u00e9dacteur en chef 007 <del>(oui le journal ne couvre pas les frais de d\u00e9placement, Cahuzac a d\u00fb cirer les bottes comme d&rsquo;habitude)<\/del> pour interviewer THE produit phare de No\u00ebl : notre canard ador\u00e9.<\/p>\n<p style=\"text-align: justify;\">(Nota Bene : Nous allons mettre sous silence le d\u00e9but car le canard a ses chevilles qui ont gonfl\u00e9. Mais il a dit \u00ab\u00a0Ouais ben grouille j&rsquo;ai mes fans qui m&rsquo;attendent ! Et pis, si je reste trop longtemps au m\u00eame endroit&#8230; peut-\u00eatre qu&rsquo;ils vont me retrouver&#8230; brrrr \u00ab\u00a0)<\/p>\n<p style=\"text-align: justify;\"><strong> Interview de Gigi sur ordre de Bella, prise une, action !<\/strong><\/p>\n<p style=\"text-align: justify;\"><em>Coin coin VPM ! Je vous ai compris ! <\/em><\/p>\n<p style=\"text-align: justify;\"><em><strong>Laisse-moi poser mes questions !<\/strong>\u00a0 Je t&rsquo;en prie, stagiaire !<br \/>\n<\/em><\/p>\n<figure style=\"width: 282px\" class=\"wp-caption alignleft\"><img loading=\"lazy\" decoding=\"async\" class=\"size-medium\" src=\"http:\/\/feeriedenoel.f.e.pic.centerblog.net\/hvmlcd2g.gif\" width=\"282\" height=\"404\" \/><figcaption class=\"wp-caption-text\">Voici comment nous retrouvons Girard par\u00e9 de sa plus belle tenue<\/figcaption><\/figure>\n<p style=\"text-align: justify;\"><strong>Girard, pour les ignares qui ne te connaissent pas, pr\u00e9sente-toi en 2-3 lignes Peuple de VPM.<\/strong><\/p>\n<p style=\"text-align: justify;\"><em>Coin coin ! Moi c&rsquo;est Girard, alias Barometrix, alias Luckyduck, alias Duckkvador. Essayez de taper mon nom dans la barre de recherche du jeu et vous verrez que&#8230; ben chuis plus l\u00e0 ! Pour r\u00e9sumer ma brillante carri\u00e8re : je fus ministre sous Vptomtom en 2017 ; ministre puis pr\u00e9sident r\u00e9volutionnaire puis \u00e0 nouveau ministre r\u00e9volutionnaire en 2017 ; et accessoirement je suis r\u00e9dac&rsquo; chef de VPM\u00e9dias, donc si cette interview me plait pas elle ira \u00e0 la trappe.<\/em><\/p>\n<p style=\"text-align: justify;\"><strong>D&rsquo;ailleurs, tu as eu un des mandats les plus courts de l&rsquo;histoire de la VPMie&#8230;<\/strong><\/p>\n<p style=\"text-align: justify;\"><em>Parce que j&rsquo;ai d\u00e9missionn\u00e9 de mon propre chef pardi !<\/em><\/p>\n<p style=\"text-align: justify;\"><strong>Et pourquoi avoir fait \u00e7a ?<\/strong> <em>L&rsquo;appel des vacances ! On \u00e9tait en juillet (je suis parti le 14 je crois bien) et je pr\u00e9f\u00e9rais aller me dorer la plume plut\u00f4t que voler l&rsquo;argent des VPMiens&#8230; Ce qui ne m&rsquo;a pas emp\u00each\u00e9 de mettre quelques plakass de c\u00f4t\u00e9, pour mon association bien s\u00fbr ! Et accessoirement, je comptais pas m&rsquo;attarder non plus, rester pr\u00e9sident c&rsquo;est trop de pression ^^<\/em><\/p>\n<p style=\"text-align: justify;\"><strong>Pour f\u00eater ton d\u00e9part, une f\u00eate nationale a \u00e9t\u00e9 organis\u00e9e<\/strong> (NDLR : Cahuzac est r\u00e9put\u00e9 pour lui cirer les pieds palm\u00e9s) <em>Le peuple \u00e9tait dans les rues oui&#8230; C&rsquo;est si bon de se sentir aim\u00e9 !<\/em><\/p>\n<div class=\"messageCozy-2JPAPA message-1PNnaP\" style=\"text-align: justify;\"><\/div>\n<div class=\"messageCozy-2JPAPA message-1PNnaP\" style=\"text-align: justify;\">\n<div class=\"contentCozy-3XX413 content-3dzVd8\">\n<div class=\"containerCozy-336-Cz container-206Blv\">\n<p class=\"buttonContainer-KtQ8wc\" style=\"text-align: justify;\"><strong>Pourquoi avoir fuit sur les \u00eeles Kreg&#8230; Kgre&#8230; Kerl&#8230; Enfin, \u00e0 l&rsquo;endroit o\u00f9 tu es all\u00e9 ?<\/strong><\/p>\n<p class=\"buttonContainer-KtQ8wc\" style=\"text-align: justify;\"><em><em><span class=\"st\">\u00c7<\/span>a para\u00eet \u00e9vident, mais t&rsquo;es qu&rsquo;un stagiaire je comprends ! Et ben figure toi qu&rsquo;\u00e0 l&rsquo;approche des f\u00eates de fin d&rsquo;ann\u00e9e, les gens r\u00e9clament du foie gras ! Et nombreux sont ceux qui veulent ma peau ! L&rsquo;ann\u00e9e derni\u00e8re, je n&rsquo;avais pas \u00e9t\u00e9 assez pr\u00e9ventif et j&rsquo;ai \u00e9t\u00e9 kidnapp\u00e9 (cf mes r\u00e9gionales de d\u00e9cembre). Alors cette ann\u00e9e j&rsquo;ai eu recours aux grands moyens et je suis parti ici ! Loin de tout, loin de la civilisation, loin des consommateurs de foie gras !<\/em><\/em><\/p>\n<figure style=\"width: 369px\" class=\"wp-caption alignright\"><img loading=\"lazy\" decoding=\"async\" class=\"\" src=\"https:\/\/www.ouest-france.fr\/sites\/default\/files\/styles\/image-640x360\/public\/2017\/05\/22\/grippe-aviaire-vers-une-penurie-de-foie-gras-pour-les-fetes-de-noel.jpg?itok=6f-d9hj7\" width=\"369\" height=\"207\" \/><figcaption class=\"wp-caption-text\">Voici le repas du PLO cette ann\u00e9e comme notre canard pr\u00e9f\u00e9r\u00e9 s&rsquo;est enfui vers les \u00ab\u00a0\u00eeles de la D\u00e9solation\u00a0\u00bb. A table !<\/figcaption><\/figure>\n<div style=\"text-align: justify;\"><\/div>\n<p class=\"buttonContainer-KtQ8wc\" style=\"text-align: justify;\">(NDLR : Nous mettons sous silence la partie o\u00f9 il y a du sang, du th\u00e9 et du caf\u00e9 dedans et une certaine soumission. Vous pouvez retrouver l&rsquo;int\u00e9gralit\u00e9 de cette interview dans un autre article \u00e9crit par Cahuzac tr\u00e8s prochainement.)<\/p>\n<\/div>\n<\/div>\n<\/div>\n<div class=\"messageCozy-2JPAPA message-1PNnaP\" style=\"text-align: justify;\">\n<div class=\"contentCozy-3XX413 content-3dzVd8\">\n<div class=\"buttonContainer-KtQ8wc\"><\/div>\n<div><\/div>\n<p class=\"containerCozy-336-Cz container-206Blv\" style=\"text-align: justify;\"><strong>Que penses-tu de la pers\u00e9cution des crocodiles et des th\u00e9i\u00e8res, \u00e0 No\u00ebl ?<\/strong><\/p>\n<div><\/div>\n<p class=\"markup-2BOw-j\" style=\"text-align: justify;\"><em>Entre esp\u00e8ces en danger, je pense qu&rsquo;il faut \u00eatre solidaire. Tous les crocodiles menac\u00e9s d&rsquo;\u00eatre transform\u00e9s en maroquinerie sont mes fr\u00e8res et peuvent me rejoindre ici aux \u00eeles Ke&#8230; ici quoi. De m\u00eame pour les th\u00e9i\u00e8res, qui font face \u00e0 la plus grande ignominie de notre temps : le caf\u00e9talisme ! Puissent tous les \u00eatres libres s&rsquo;unir en coeur pour en venir \u00e0 bout !<\/em><\/p>\n<p class=\"containerCozy-336-Cz container-206Blv\" style=\"text-align: justify;\">(Nota bene : Nous avons perdu le contact avec le duplex au moment o\u00f9 notre <del>foie <\/del> Gigi entonnait l&rsquo;Inth\u00e9rnationale)<\/p>\n<\/div>\n<\/div>\n<p style=\"text-align: justify;\">Certes, Gigi est embl\u00e9matique mais n&rsquo;oublions pas qu&rsquo;\u00e0 No\u00ebl, on re\u00e7oit des cadeaux comme des accessoires : le sac \u00e0 main. Ainsi, je suis partie voir notre crocodile, Voisine qui ne s&rsquo;attendait pas \u00e0 ma visite.<\/p>\n<figure style=\"width: 423px\" class=\"wp-caption alignleft\"><img loading=\"lazy\" decoding=\"async\" class=\"\" src=\"http:\/\/storage.canalblog.com\/01\/15\/135308\/59818644.jpg\" width=\"423\" height=\"274\" \/><figcaption class=\"wp-caption-text\">Voici \u00e0 quoi il ressemblait l&rsquo;ann\u00e9e derni\u00e8re<\/figcaption><\/figure>\n<p style=\"text-align: justify;\"><strong>Mon cher crocodile, tu as marqu\u00e9 l&rsquo;ann\u00e9e 2018 avec tes campagnes rondement men\u00e9es mais aussi avec tes coups de gueule.<\/strong> <strong>Maintenant, je te retrouve pour No\u00ebl en tant que sac \u00e0 main. Que comptes-tu faire ? Te cacher ou t&rsquo;exhiber pendant les f\u00eates ?<\/strong><\/p>\n<p style=\"text-align: justify;\"><em>Moi j&rsquo;aime l&rsquo;exhibition, montrer ce que souvent les gens ne montrent pas &#8230; Non pas ce dont vous pensez. Je pense surtout \u00e0 qui ils sont. On est tous un beau sac \u00e0 main. Mais maintenant, chacun a la choix entre : le cacher ou le montrer. Moi je pense que la beaut\u00e9 de chacun doit s&rsquo;exprimer et se montrer. On est tous beau !<\/em><\/p>\n<p style=\"text-align: justify;\"><strong>Que veux-tu pour No\u00ebl?<\/strong><\/p>\n<p style=\"text-align: justify;\"><em>Moi ? Je veux \u00eatre rempli de plakass. Mais aussi voir de l&rsquo;amour tout autour de moi. Je veut qu&rsquo;on me remplisse de po\u00e8mes, de mouchoirs (car les po\u00e8me \u00e9mouvants me donne la larme de crocodile),\u00a0 je veux qu&rsquo;on me remplisse de boissons aussi &#8230;<\/em><\/p>\n<p style=\"text-align: justify;\"><strong>Toi qui es le sac \u00e0 main le plus convoit\u00e9 de VPM, quel est ton secret ?<\/strong><\/p>\n<p style=\"text-align: justify;\"><em>Si je le dis, \u00e7a n&rsquo;est plus un secret <img decoding=\"async\" class=\"emoji\" src=\"https:\/\/discordapp.com\/assets\/b277c5ffb43011a356200198cf76b22d.svg\" alt=\":wink:\" \/> <\/em>(Nota bene : ce sac \u00e0 main a un charme fou quand il fait son c\u00f4t\u00e9 myst\u00e9rieux mais apr\u00e8s quelques supplices, il a crach\u00e9 le morceau) <em>Bon et bien, quand on est l&rsquo;unique sac \u00e0 main du jeu, \u00e7a n&rsquo;est pas compliqu\u00e9 d&rsquo;\u00eatre le plus convoit\u00e9. Tout simplement ! Apr\u00e8s, je dirais que je suis convoit\u00e9 \u00e0 moiti\u00e9. J&rsquo;ai eu l&rsquo;honneur d&rsquo;\u00eatre l&rsquo;invit\u00e9 du palais pr\u00e9sidentiel sous le mandat du pr\u00e9c\u00e9dent pr\u00e9sident, mais le suivant a \u00e9t\u00e9 plus n\u00e9gligent au regard de ma beaut\u00e9 &#8230; Unique !<br \/>\n<\/em><\/p>\n<p style=\"text-align: justify;\"><strong>Entre nous, tu voudrais \u00eatre le sac \u00e0 main de qui ?<\/strong><\/p>\n<p style=\"text-align: justify;\"><em>De bananus. <span class=\"st\">\u00c7<\/span>a serait un \u00e9norme pied de nez. L&rsquo;obligation de me coltiner toute la journ\u00e9e, d&rsquo;\u00e9couter ce que j&rsquo;ai \u00e0 dire sans qu&rsquo;il puisse agir, le pouvoir de le troller en refusant ma fermeture \u00e9clair de fermer&#8230; Bref &#8230; Un r\u00e9gal ! Et en plus, peut-\u00eatre que comme \u00e7a, j&rsquo;aurais enfin l&rsquo;attention de la banane ! J&rsquo;avoue que j&rsquo;ai un second coup de c\u0153ur, j&rsquo;aimerais aussi \u00eatre port\u00e9 par Tippex ! Parce qu&rsquo;avec lui, on se marre bien et je sais que je passerais de bons moments. <\/em>( Nota Bene : Nous remarquons qu&rsquo;il y a que des hommes mais notre cher sac \u00e0 main en peau de crocodile a dit : \u00ab\u00a0Parce que je trouve \u00e7a chic un mec avec un sac \u00e0 main !\u00a0\u00bb)<\/p>\n<figure style=\"width: 195px\" class=\"wp-caption alignright\"><img loading=\"lazy\" decoding=\"async\" class=\"size-medium\" src=\"https:\/\/images-eu.ssl-images-amazon.com\/images\/I\/51JD28EoMGL._SX195_.jpg\" width=\"195\" height=\"301\" \/><figcaption class=\"wp-caption-text\">En exclusivit\u00e9, voici le livre montrant le devenir de notre sac \u00e0 main pr\u00e9f\u00e9r\u00e9<\/figcaption><\/figure>\n<p style=\"text-align: justify;\"><strong>Enfin, quelque chose \u00e0 dire pour les lecteurs qui nous lisent ?<\/strong><\/p>\n<p style=\"text-align: justify;\"><em>Vraiment, VPM est un jeu merveilleux ! Pour autant, n&rsquo;oubliez pas que vous avez la parole et que personne n&rsquo;a \u00e0 vous la soutirer pour quelques motifs que ce soit. Vous \u00eates beau. On est beau. Et pour No\u00ebl et le nouvel an, vous serez les plus moches. On sera les plus moches ! Pourquoi me diriez-vous ? Parce qu&rsquo;on va se faire beau en s&rsquo;habillant d&rsquo;une mani\u00e8re que la soci\u00e9t\u00e9 veut que nous soyons&#8230; Et oui &#8230; Imaginez le hipp&rsquo; qui vient en sarouel \u00e0 No\u00ebl &#8230; Bref, soyez vous m\u00eame, profitez bien de la dinde (Je parle pas de Bellazelda) de No\u00ebl ! Profitez de votre famille. Pour le nouvel an,\u00a0 j&rsquo;ai qu&rsquo;un souhait pour vous, soyez encore plus vous m\u00eame. N&rsquo;ayez pas peur de r\u00e9v\u00e9ler au grand jour qui vous \u00eates ! Je vous souhaite, une bonne cuite, une bonne teuf, une bonne soir\u00e9e en maison clo&#8230; ah, c&rsquo;est interdit &#8230; Alors je vous souhaite une bonne partie de jambe en l&rsquo;a&#8230; ah , il y a des enfants &#8230; Heu bref, je vous souhaite de l&rsquo;amusement !<\/em><\/p>\n<p style=\"text-align: justify;\">Nous terminons les produits phares par Th\u00e9i\u00e8re, ma petite th\u00e9i\u00e8re de Limoges <del>qui me co\u00fbte la peau du popotin dans mon parti<\/del>, ma madame Samovar (Cf La Belle et la B\u00eate). Elle insiste m\u00eame pour qu&rsquo;on l&rsquo;appelle \u00ab\u00a0la Grande Tasse, Lib\u00e9ratrice des Prol\u00e9th\u00e8res\u00a0\u00bb&#8230; Que dire ? Ah oui, elle a tourn\u00e9 en boucle toute l&rsquo;ann\u00e9e avec sa r\u00e9volution contre les caf\u00e9talistes.<\/p>\n<figure style=\"width: 266px\" class=\"wp-caption alignleft\"><img loading=\"lazy\" decoding=\"async\" class=\"size-medium\" src=\"https:\/\/zupimages.net\/up\/18\/51\/pyqp.jpg\" width=\"266\" height=\"270\" \/><figcaption class=\"wp-caption-text\">Avec son air sifflotant et sa chaleur, notre invit\u00e9e, Th\u00e9i\u00e8re, a d\u00e9barqu\u00e9 en criant \u00ab\u00a0\u00c7a fera 18 cr\u00e9dits\u00a0\u00bb<\/figcaption><\/figure>\n<p style=\"text-align: justify;\"><strong>Ainsi, charmante petite Th\u00e9i\u00e8re polie par Cahuzac (oui il a \u00e9t\u00e9 r\u00e9trograd\u00e9 au PLO), tu es un produit important \u00e0 No\u00ebl, que comptes-tu faire ?<\/strong><\/p>\n<p style=\"text-align: justify;\">(Nota bene : J&rsquo;ai \u00e0 peine montr\u00e9 mon introduction que notre charmante th\u00e9i\u00e8re <strong>made in Rouen<\/strong> r\u00e2le d\u00e9j\u00e0)<\/p>\n<p style=\"text-align: justify;\"><em>Un &#8230; cadeau ? Depuis la fin de la dictature du Prol\u00e9th\u00e9riat, ce sale caf\u00e9talisme recommence \u00e0 nous r\u00e9duire en esclavage, nous, pauvres petits \u00eatres en porcelaine ! R\u00e9volution jusqu&rsquo;\u00e0 ce que le dernier caf\u00e9taliste soit br\u00fbl\u00e9 sur le b\u00fbcher\u00a0 !<\/em><\/p>\n<p style=\"text-align: justify;\"><strong>Quelles sont tes options pour No\u00ebl ?<\/strong><\/p>\n<p style=\"text-align: justify;\"><em>Baaah, j&rsquo;ai essay\u00e9 de me mettre une \u00e9toile sur le couvercle, mais \u00e7a ne tient pas. En revanche, j&rsquo;ai am\u00e9nag\u00e9 ma petite place pour les cadeaux du Prol\u00e9th\u00e8re No\u00ebl. Pas le p\u00e8re No\u00ebl, cet imposteur, protecteur des caf\u00e9talistes, mais le Prol\u00e9th\u00e8re No\u00ebl, d\u00e9fenseur de la cause th\u00e9ienne.\u00a0\u00bb<\/em><\/p>\n<p style=\"text-align: justify;\"><strong>Mais que lui as-tu demand\u00e9 ?<\/strong><em> Une petite prison pour mettre des caf\u00e9talistes dedans. Mais petite, hein ! Je ne suis pas inhumain (m\u00eame si je suis en porcelaine). Ils seront vite br\u00fbl\u00e9s.<\/em><\/p>\n<p style=\"text-align: justify;\"><strong>A qui veux-tu rendre hommage cette ann\u00e9e et pourquoi ?<br \/>\n<\/strong><\/p>\n<p style=\"text-align: justify;\"><em>\u00c0 la Grande Th\u00e9i\u00e8re (nota bene : son identit\u00e9 ne doit pas \u00eatre r\u00e9v\u00e9l\u00e9e pour qu&rsquo;elle puisse continuer son devoir ) Elle a \u00e9t\u00e9 un grand chef, lors de la r\u00e9volution, qui nous a guid\u00e9 et nous a d\u00e9fendu jusqu&rsquo;au bout, nous, justes et m\u00e9ritants Prol\u00e9th\u00e8res. Les caf\u00e9talistes la craignent ! C&rsquo;est la plus grande et la plus forte des porcelaines ! Protectrice de la Tasse prol\u00e9th\u00e8re !<\/em><\/p>\n<p style=\"text-align: justify;\"><strong>Pour terminer un petit mot \u00e0 dire pour No\u00ebl \u00e0 nos lecteurs ?<\/strong><\/p>\n<p style=\"text-align: justify;\"><em>Mes chers amis, nobles prol\u00e9th\u00e8res, odieux caf\u00e9talistes, et inutiles chocolatchaudistes, chicoristes, et toutes les autres tendances bizarres. L&rsquo;incroyable dictature du Prol\u00e9th\u00e9riat a \u00e9t\u00e9 balay\u00e9e par une contre-r\u00e9volution caf\u00e9taliste odieuse. Celle-ci a d\u00e9truit tous les fondements d&rsquo;une soci\u00e9t\u00e9 nouvelle, o\u00f9 le th\u00e9 aurait pu \u00eatre enfin lib\u00e9r\u00e9 de ses \u00e9tag\u00e8res ! Mais cela n&rsquo;allait pas dans le sens des Caf\u00e9talistes ! La Tasse dominante ne pouvait pas nous laisser en paix ! Elle devait nous exploiter ! Si nous nous unissons, Prol\u00e9th\u00e8res, nous parviendrons \u00e0 reb\u00e2tir cette soci\u00e9t\u00e9 id\u00e9ale, ce havre de paix et de progr\u00e8s ; si nous nous rebellons, nous pourrons faire tomber le caf\u00e9talisme et mettre enfin un terme \u00e0 la lutte des Tasses ! Rejoignez l&rsquo;Inth\u00e9rnationale ; aidez la THEINE ; soutenez la TASSE (et, si vous avez oubli\u00e9 ce que \u00e7a voulait dire, AU CACHOT !) ! Ensemble, nous br\u00fblerons le caf\u00e9 ! (Et joyeux No\u00ebl aussi, mais seulement aux Th\u00e9iens.)<\/em><\/p>\n<p style=\"text-align: justify;\">Ainsi s&rsquo;ach\u00e8ve l&rsquo;introduction plac\u00e9e sous le signe\u00a0<del> des g\u00e9meaux\u00a0<\/del> de No\u00ebl. Maintenant, place au 320\u00e8me Classement national <del>et \u00e0 mon premier article\u00a0<\/del> :<\/p>\n<p><em>(Classement relev\u00e9 le 23.12.2018 \u00e0 06h01)<\/em><\/p>\n<table style=\"font-family: georgia, palatino; font-size: 14px;\">\n<tbody>\n<tr style=\"background-color: #f2f2f2; color: #3f3f3f; text-align: center; height: 60px;\">\n<th style=\"width: 250px;\">Parti<\/th>\n<th style=\"width: 85px;\">Influence (%)<\/th>\n<th style=\"width: 110px;\">Evolution en place<\/th>\n<th style=\"width: 120px;\">Evolution en influence (%)<\/th>\n<\/tr>\n<tr style=\"text-align: center; height: 29px;\">\n<td style=\"background-color: #376092; color: white;\">1. <a style=\"color: white;\" href=\"http:\/\/wiki.vpmedias.fr\/Parti_For_Ever\">Parti For Ever<\/a><\/td>\n<td>18.65<\/td>\n<td style=\"color: black; background-color: #ffffcc;\">=<\/td>\n<td style=\"color: #006100; background-color: #c6efce;\">+0.97<\/td>\n<\/tr>\n<tr style=\"text-align: center; height: 29px;\">\n<td style=\"background-color: #376092; color: white;\">2. <a style=\"color: white;\" href=\"http:\/\/wiki.vpmedias.fr\/Parti_Lib\u00e9ral_Humaniste\">Parti Lib\u00e9ral Humaniste<\/a><\/td>\n<td>10.79<\/td>\n<td style=\"color: #006100; background-color: #c6efce;\">+1<\/td>\n<td style=\"color: #006100; background-color: #c6efce;\">+2.78<\/td>\n<\/tr>\n<tr style=\"text-align: center; height: 29px;\">\n<td style=\"background-color: #376092; color: white;\">3. <a style=\"color: white;\" href=\"http:\/\/wiki.vpmedias.fr\/Les_Politocards\">Les Politocards<\/a><\/td>\n<td>9.12<\/td>\n<td style=\"color: #006100; background-color: #c6efce;\">+2<\/td>\n<td style=\"color: #006100; background-color: #c6efce;\">+1.22<\/td>\n<\/tr>\n<tr style=\"text-align: center; height: 29px;\">\n<td style=\"background-color: #376092; color: white;\">4. <a style=\"color: white;\" href=\"http:\/\/wiki.vpmedias.fr\/Soucoupe_Violente\">Soucoupe Violente<\/a><\/td>\n<td>8.93<\/td>\n<td style=\"color: black; background-color: #ffffcc;\">=<\/td>\n<td style=\"color: #006100; background-color: #c6efce;\">+0.96<\/td>\n<\/tr>\n<tr style=\"text-align: center; height: 29px;\">\n<td style=\"background-color: #376092; color: white;\">5. <a style=\"color: white;\" href=\"http:\/\/wiki.vpmedias.fr\/Le_Harem_de_Zalou\">Le Harem de Zalou<\/a><\/td>\n<td>7.67<\/td>\n<td style=\"color: #b10006; background-color: #ffc7ce;\">-3<\/td>\n<td style=\"color: #b10006; background-color: #ffc7ce;\">-0.54<\/td>\n<\/tr>\n<tr style=\"text-align: center; height: 29px;\">\n<td style=\"background-color: #376092; color: white;\">6. <a style=\"color: white;\" href=\"http:\/\/wiki.vpmedias.fr\/Purple_ConneXion\">Purple ConneXion<\/a><\/td>\n<td>5.94<\/td>\n<td style=\"color: #006100; background-color: #c6efce;\">+3<\/td>\n<td style=\"color: #006100; background-color: #c6efce;\">+0.26<\/td>\n<\/tr>\n<tr style=\"text-align: center; height: 29px;\">\n<td style=\"background-color: #376092; color: white;\">7. <a style=\"color: white;\" href=\"http:\/\/wiki.vpmedias.fr\/Les_Warthogs\">Les Warthogs<\/a><\/td>\n<td>5.51<\/td>\n<td style=\"color: #006100; background-color: #c6efce;\">+3<\/td>\n<td style=\"color: #006100; background-color: #c6efce;\">+0.57<\/td>\n<\/tr>\n<tr style=\"text-align: center; height: 29px;\">\n<td style=\"background-color: #376092; color: white;\">8. <a style=\"color: white;\" href=\"http:\/\/wiki.vpmedias.fr\/L_Alliance_Partisane_(AP)\">L&rsquo;Alliance Partisane (AP)<\/a><\/td>\n<td>5.01<\/td>\n<td style=\"color: black; background-color: #ffffcc;\">=<\/td>\n<td style=\"color: #b10006; background-color: #ffc7ce;\">-1.22<\/td>\n<\/tr>\n<tr style=\"text-align: center; height: 29px;\">\n<td style=\"background-color: #376092; color: white;\">9. <a style=\"color: white;\" href=\"http:\/\/wiki.vpmedias.fr\/La_Communaut\u00e9_de_l_Agneau\">La Communaut\u00e9 de l&rsquo;Agneau<\/a><\/td>\n<td>4.80<\/td>\n<td style=\"color: #b10006; background-color: #ffc7ce;\">-3<\/td>\n<td style=\"color: #b10006; background-color: #ffc7ce;\">-2.61<\/td>\n<\/tr>\n<tr style=\"text-align: center; height: 29px;\">\n<td style=\"background-color: #376092; color: white;\">10. <a style=\"color: white;\" href=\"http:\/\/wiki.vpmedias.fr\/Parti_alchimiste\">Parti alchimiste<\/a><\/td>\n<td>4.76<\/td>\n<td style=\"color: #006100; background-color: #c6efce;\">+4<\/td>\n<td style=\"color: #006100; background-color: #c6efce;\">+0.87<\/td>\n<\/tr>\n<tr style=\"text-align: center; height: 29px;\">\n<td style=\"background-color: #376092; color: white;\">11. <a style=\"color: white;\" href=\"http:\/\/wiki.vpmedias.fr\/Freedom_s_Knights\">Freedom&rsquo;s Knights<\/a><\/td>\n<td>4.46<\/td>\n<td style=\"color: #006100; background-color: #c6efce;\">+1<\/td>\n<td style=\"color: #b10006; background-color: #ffc7ce;\">-0.01<\/td>\n<\/tr>\n<tr style=\"text-align: center; height: 29px;\">\n<td style=\"background-color: #376092; color: white;\">12. <a style=\"color: white;\" href=\"http:\/\/wiki.vpmedias.fr\/Parti_Loyal_de_l_Ouest_(PLO)\">Parti Loyal de l&rsquo;Ouest (PLO)<\/a><\/td>\n<td>4.16<\/td>\n<td style=\"color: #b10006; background-color: #ffc7ce;\">-5<\/td>\n<td style=\"color: #b10006; background-color: #ffc7ce;\">-2.7<\/td>\n<\/tr>\n<tr style=\"text-align: center; height: 29px;\">\n<td style=\"background-color: #376092; color: white;\">13. <a style=\"color: white;\" href=\"http:\/\/wiki.vpmedias.fr\/Les_Barbouzes\">Les Barbouzes<\/a><\/td>\n<td>4.09<\/td>\n<td style=\"color: #b10006; background-color: #ffc7ce;\">-2<\/td>\n<td style=\"color: #b10006; background-color: #ffc7ce;\">-0.44<\/td>\n<\/tr>\n<tr style=\"text-align: center; height: 29px;\">\n<td style=\"background-color: #376092; color: white;\">14. <a style=\"color: white;\" href=\"http:\/\/wiki.vpmedias.fr\/Le_P.O.T.A.G.E.R\">Le P.O.T.A.G.E.R<\/a><\/td>\n<td>3.71<\/td>\n<td style=\"color: #b10006; background-color: #ffc7ce;\">-1<\/td>\n<td style=\"color: #b10006; background-color: #ffc7ce;\">-0.32<\/td>\n<\/tr>\n<tr style=\"text-align: center; height: 29px;\">\n<td style=\"background-color: #376092; color: white;\">15. <a style=\"color: white;\" href=\"http:\/\/wiki.vpmedias.fr\/Parti_R\u00e9volutionnaire_S\u00e9rieux\">Parti R\u00e9volutionnaire S\u00e9rieux<\/a><\/td>\n<td>2.40<\/td>\n<td style=\"text-align: center; background-color: #ffffcc;\">ENTREE<\/td>\n<\/tr>\n<tr>\n<td><\/td>\n<td><\/td>\n<td><\/td>\n<td style=\"text-align: center;\"><small><a href=\"http:\/\/vpmedias.fr\/magnebot\">MagneBot\u00a9<\/a><\/small><\/td>\n<\/tr>\n<\/tbody>\n<\/table>\n<p style=\"text-align: justify;\"><img decoding=\"async\" src=\"https:\/\/vpmedias.fr\/wp-content\/uploads\/2016\/07\/tendance.png\" \/> <strong>Tendance g\u00e9n\u00e9rale<\/strong><\/p>\n<p style=\"text-align: justify;\">Des partis qui ont fortement chut\u00e9 comme le <span style=\"color: #ff6600;\"><strong>PLO<\/strong><\/span> ou bien le <strong><span style=\"color: #ff6600;\">Harem de Zalou<\/span><\/strong> et d&rsquo;autres qui ont, a contrario, augment\u00e9 par exemple le <strong><span style=\"color: #ff6600;\">Parti Alchimiste<\/span><\/strong> ou le leader. Tandis que d&rsquo;autres n&rsquo;ont pas augment\u00e9 ni diminuer un chou\u00efa en terme de place comme <span style=\"color: #ff6600;\"><strong>Soucoupe Violente<\/strong><\/span>, <span style=\"color: #ff6600;\"><strong>L&rsquo;alliance Partisane<\/strong><\/span> ou <span style=\"color: #ff6600;\"><strong>Parti for Ever<\/strong><\/span>. Donc c&rsquo;est assez h\u00e9t\u00e9rog\u00e8ne. N\u00e9anmoins, le <strong><span style=\"color: #ff6600;\">Parti for Ever<\/span><\/strong> reste \u00e0 la t\u00eate de la course (et de loin) tel un \u00e9talon.<\/p>\n<p style=\"text-align: justify;\"><img decoding=\"async\" src=\"https:\/\/vpmedias.fr\/wp-content\/uploads\/2016\/07\/podium1.png\" \/> <strong>Podium<\/strong><\/p>\n<p style=\"text-align: justify;\">Le <strong><span style=\"color: #ff6600;\">Parti for Ever<\/span> <\/strong>reste encore t\u00eate \u00e0 l&rsquo;heure o\u00f9 j&rsquo;\u00e9cris le CN <del>pendant que Gigi et Cahuzac se pr\u00e9lassent<\/del> (Nota bene : le 23 d\u00e9cembre \u00e0 9h <del>avec une envie de dormir<\/del> ). Il reste le boss du classement sans conteste gr\u00e2ce aux nombreuses victoires comme celle de <span style=\"color: #0000ff;\"><strong>Polmipoque<\/strong><\/span> (mon brave toutou) \u00e0 <span style=\"color: #008000;\"><strong>Paris<\/strong><\/span>, <span style=\"color: #0000ff;\"><strong>Tallymac<\/strong><\/span> \u00e0 <strong><span style=\"color: #008000;\">Bordeaux<\/span><\/strong> notamment. La semaine derni\u00e8re, le <span style=\"color: #ff6600;\"><strong>Harem de Zalou<\/strong><\/span> \u00e9tait deuxi\u00e8me mais au vue de leur chute, ce parti a laiss\u00e9 sa place au <strong><span style=\"color: #ff6600;\">Parti Lib\u00e9ral Humaniste<\/span><\/strong><span style=\"color: #ff6600;\">\u00a0<\/span>o\u00f9 ils n&rsquo;ont pas de mairie mais exclusivement, le r\u00f4le de conseiller municipal <del>l&rsquo;\u00e9ternel second <\/del> dans de grandes villes comme <span style=\"color: #008000;\"><strong>Paris<\/strong><\/span> (l&rsquo;alliance avec le <span style=\"color: #ff6600;\"><strong>Parti for Ever<\/strong><\/span> les aide), <strong><span style=\"color: #008000;\">Marseille<\/span><\/strong>&#8230; Il faut donc bien se m\u00e9fier d&rsquo;eux. Enfin, celui \u00e0 la derni\u00e8re place du podium est\u00a0 Les <span style=\"color: #ff6600;\"><strong>Politocards<\/strong><\/span> passant de 5\u00e8me place \u00e0 la 3\u00e8me en une semaine (NDLR : Plus exactement en 6 jours). En effet, ils ont gagn\u00e9 de nombreuses mairies comme la victoire de <span style=\"color: #0000ff;\"><strong>Berthier<\/strong><\/span> \u00e0 <span style=\"color: #008000;\"><strong>Lyon<\/strong><\/span> ou bien <span style=\"color: #0000ff;\"><strong>Pr\u00e9vert <\/strong><\/span>\u00e0 <span style=\"color: #008000;\"><strong>Marseille<\/strong><\/span> gr\u00e2ce \u00e0 ses po\u00e8mes&#8230; Un parti qui peut s&rsquo;av\u00e9rer dangereux&#8230;<\/p>\n<p style=\"text-align: justify;\"><img decoding=\"async\" src=\"https:\/\/vpmedias.fr\/wp-content\/uploads\/2016\/07\/Hausse.png\" \/><strong>Hausses<\/strong><\/p>\n<p style=\"text-align: justify;\">\u00a0Cette semaine, nous avons 7 hausses et un nouveau parti qui rentre dans la comp\u00e9tition.<\/p>\n<ul style=\"list-style-type: circle; text-align: justify;\">\n<li>\u00a0<strong><span style=\"color: #ff6600;\">Le Parti Lib\u00e9ral Humaniste<\/span><\/strong> qui passe de la 3\u00e8me place \u00e0 la 2\u00e8me (voir ci-dessus leur succ\u00e8s).<\/li>\n<li><strong><span style=\"color: #ff6600;\">Les Politocards<\/span> <\/strong>qui rentre dans le podium en gagnant 2 places (voir aussi ci-dessus les raisons) et gagne 2 points.<\/li>\n<li><strong><span style=\"color: #ff6600;\">Purple Connexion\u00a0<\/span><\/strong>passant de 9\u00e8me \u00e0 6\u00e8me gr\u00e2ce au fait que ce parti a gagn\u00e9 3 points. Comment expliquer cette remont\u00e9e alors qu&rsquo;il a \u00e9t\u00e9 \u00e9lu repaire des vainqueurs de l&rsquo;ann\u00e9e (NDLR : <a href=\"https:\/\/vpmedias.fr\/?p=41281\">VPM d&rsquo;or 2018 du repaire des vainqueurs orchestr\u00e9 par Fysk <\/a>) ? En effet, nous pouvons le constater par <span style=\"color: #0000ff;\"><strong>Jackderly<\/strong><\/span> qui r\u00e8gne en dictateur \u00e0 <span style=\"color: #008000;\"><strong>Brest<\/strong><\/span> (mais un excellent alli\u00e9 pour ma part) ou <span style=\"color: #0000ff;\"><strong>Tippex<\/strong><\/span> maire \u00e0 <span style=\"color: #008000;\"><strong>Amiens<\/strong><\/span>. Ce qui est s\u00fbr, ce n&rsquo;est pas avec <span style=\"color: #0000ff;\"><strong>Refoow<\/strong><\/span> (aka <strong><span style=\"color: #0000ff;\">Krustyisback<\/span><\/strong>) que ce parti a fait une remont\u00e9e fulgurante.<\/li>\n<li><strong><span style=\"color: #ff6600;\">Les Warthogs<\/span><\/strong> gagne lui aussi 3 points passant de 10\u00e8me \u00e0 7\u00e8me. Je vous avoue de ne pas trop conna\u00eetre ce parti alors je pars faire des recherches et je vois qu&rsquo;ils ne sont pas beaucoup \u00e0 \u00eatre en campagne l\u00e0. N\u00e9anmoins, de nombreux mairies gagn\u00e9es comme <strong><span style=\"color: #0000ff;\">Jouss<\/span><\/strong> qui prend la place depuis un moment du clown VPMien \u00e0 <span style=\"color: #008000;\"><strong>Argenteuil<\/strong><\/span><em> (Nota Bene : A noter qu&rsquo;en 2020, <strong><span style=\"color: #0000ff;\">Krusty<\/span><\/strong> fera son come back en regagnant une mairie)<\/em>, <strong><span style=\"color: #0000ff;\">Lorstin<\/span><\/strong> dictateur \u00e0 <strong><span style=\"color: #008000;\">Perpignan<\/span><\/strong>&#8230; Je n&rsquo;en cite que 2 car la liste risque d&rsquo;\u00eatre longue. Retenez juste que c&rsquo;est un parti avec des dictateurs.<\/li>\n<li><span style=\"color: #ff6600;\"><strong>Le Parti Alchimiste<\/strong><\/span> est celui ayant gagn\u00e9 le + de points cette semaine avec 4 points. Ainsi, cela lui permis de ne pas \u00eatre \u00e9ject\u00e9 presque (14\u00e8me place la semaine derni\u00e8re) mais d&rsquo;\u00eatre \u00e0 la 10\u00e8me place. Ce parti m\u00eame s&rsquo;il gagne peu de mairies, la derni\u00e8re en date est celle de <strong><span style=\"color: #008000;\">Besan\u00e7on<\/span><\/strong> par <strong><span style=\"color: #0000ff;\">Daubo<\/span><\/strong>, reste un parti assez dangereux. Attention donc \u00e0 ce parti qui va vite prend de l&rsquo;ampleur prochainement.<\/li>\n<li>Enfin, <span style=\"color: #ff6600;\"><strong>Freedom&rsquo;s Knight<\/strong><\/span>\u00a0 gagne une seule place et un point. Ainsi, il se retrouve \u00e0 la 11\u00e8me place. Un parti qui gagne des mairies comme celle de <strong><span style=\"color: #008000;\">Bruges<\/span><\/strong> ou de <span style=\"color: #008000;\"><strong>Grenoble<\/strong><\/span> en autre. Il faut mieux remonter doucement et prendre de l&rsquo;importance que augmenter d&rsquo;un coup et baisser de la m\u00eame fa\u00e7on (comme le <span style=\"color: #ff6600;\"><strong>PLO<\/strong><\/span> mince, j&rsquo;ai spoil\u00e9).<\/li>\n<\/ul>\n<p style=\"text-align: justify;\"><img decoding=\"async\" src=\"https:\/\/vpmedias.fr\/wp-content\/uploads\/2016\/07\/Naisse.png\" \/><strong>Baisses<\/strong><\/p>\n<ul style=\"list-style-type: circle; text-align: justify;\">\n<li style=\"text-align: justify;\">\u00a0<span style=\"color: #ff6600;\"><strong>Le Harem de Zalou<\/strong><\/span> quitte le podium pour se retrouver \u00e0 la 5\u00e8me position en perdant 3 points. Malgr\u00e9 toute la bonne volont\u00e9 de la d\u00e9esse <span style=\"color: #0000ff;\"><strong>Zalou<\/strong><\/span>, le parti souffre du d\u00e9part de <strong><span style=\"color: #0000ff;\">Doubtfire<\/span><\/strong> m\u00eame si le parti gagne encore des mairies comme \u00e0 <span style=\"color: #008000;\"><strong>Tours<\/strong><\/span> avec <strong><span style=\"color: #0000ff;\">Papampower<\/span><\/strong> ou \u00e0 <span style=\"color: #008000;\"><strong>Mulhouse<\/strong><\/span> avec <span style=\"color: #0000ff;\"><strong>Ghool <\/strong><\/span>enfin<span style=\"color: #0000ff;\"><strong> Zalou <\/strong><\/span>reste la dictatrice de<span style=\"color: #0000ff;\"><strong><span style=\"color: #008000;\"> Strasbourg<\/span>. <\/strong><\/span>Cependant, j&rsquo;ai bien peur que le parti va encore rechuter vu la nouvelle mesure impos\u00e9e concernant les investitures (NDLR : Mesure qui divise le peuple VPMien mais en gros, les investitures sont possibles pour les villes sup\u00e9rieurs ou \u00e9gales \u00e0 120 000 habitants). En effet, cette mesure va impacter de nombreuses villes o\u00f9 le Harem s&rsquo;est implant\u00e9 et a cr\u00e9\u00e9 sa strat\u00e9gie. On ne peut dire que bonne chance \u00e0 <span style=\"color: #0000ff;\"><strong>Zalou<\/strong><\/span> pour modifier toute sa strat\u00e9gie.<\/li>\n<li><strong><span style=\"color: #ff6600;\">La communaut\u00e9 de l&rsquo;Agneau<\/span><\/strong>\u00a0 perd aussi 3 points passant donc de 6\u00e8me \u00e0 10\u00e8me place. Malgr\u00e9 la victoire de <strong><span style=\"color: #0000ff;\">Recco<\/span><\/strong> \u00e0 <strong><span style=\"color: #008000;\">Bordeaux<\/span><\/strong> ou le charisme de <strong><span style=\"color: #0000ff;\">Bruuuce<\/span><\/strong> <del>passant son temps \u00e0 fricoter avec <strong><span style=\"color: #0000ff;\">Zalou<\/span><\/strong><\/del>, le parti a perdu 4 places. Pourquoi donc ? Tout simplement parce qu&rsquo;ils ont beaucoup d&rsquo;inactifs. En effet, il n&rsquo;y a que 4 joueurs en campagne \u00e0 l&rsquo;heure actuelle sur 12 soit 1\/3 du parti en campagne (m\u00eame si certains attendent s\u00fbrement leur ville mais ce n&rsquo;est pas tout le monde quand m\u00eame).<\/li>\n<li><strong><span style=\"color: #ff6600;\">Le PLO<\/span><\/strong> (mince mon premier article et je dois parler d&rsquo;une chute) tient le record en perte de points avec 5 points en moins. Ainsi, il passe de 7\u00e8me \u00e0 12\u00e8me place. Ca fait mal mais comment l&rsquo;expliquer ? Hier, <span style=\"color: #0000ff;\"><strong>Aloiseau<\/strong><\/span> a perdu <strong><span style=\"color: #008000;\">Bordeaux<\/span><\/strong> \u00e0 0.08 % pr\u00e8s ! Apr\u00e8s, c&rsquo;est la faute \u00e0 <strong><span style=\"color: #0000ff;\">Cahuzac<\/span><\/strong> (c&rsquo;est \u00e9vident) car avec son 6.5% \u00e0 <span style=\"color: #008000;\"><strong>Marseille<\/strong><\/span>, il a juste permis de rembourser sa campagne. Cependant, il avoue que je suis la <span style=\"text-decoration: underline;\">meilleure<\/span> SG qu&rsquo;il ait connu (NDLR : Relire le dernier CN pour comprendre sa confession). Certes, le <span style=\"color: #ff6600;\"><strong>PLO<\/strong><\/span> a perdu \u00e9norm\u00e9ment de place de mani\u00e8re fulgurante comme sa remont\u00e9e exponentielle aussi mais il a r\u00e9ussi en une seule campagne \u00e0 s&rsquo;imposer \u00e0 <span style=\"color: #008000;\"><strong>Paris<\/strong><\/span> gr\u00e2ce \u00e0 <strong><span style=\"color: #0000ff;\">Slogan<\/span><\/strong>. Cependant, en tant que SG de ce parti, je peux vous dire qu&rsquo;en janvier, le parti pr\u00e9voit une restructuration, recrutements and co&#8230; Alors attention aux prochains CN.<\/li>\n<li><strong><span style=\"color: #ff6600;\">Les Barbouzes<\/span><\/strong> perd 2 points passant de 11\u00e8me \u00e0 13\u00e8me. M\u00eame si <span style=\"color: #0000ff;\"><strong>Sherlocck<\/strong><\/span> reste le dictateur \u00e0 <span style=\"color: #008000;\"><strong>Metz<\/strong><\/span> et <span style=\"color: #0000ff;\"><strong>Bonihorne<\/strong><\/span> en train de se battre pour garder la mairie de <strong><span style=\"color: #008000;\">Toulouse<\/span><\/strong>, le parti n&rsquo;a pas suffisamment de mairies ou de victoires. En effet, ce parti s&rsquo;est essouffl\u00e9 les derniers mois avec le d\u00e9part de <strong><span style=\"color: #0000ff;\">Segalle<\/span> <\/strong>(fondateur du parti il me semble) ainsi que ce mois-ci, 4 membres sont soit bannis soit se sont barr\u00e9s. Ainsi, le parti est train de se reconstruire.<\/li>\n<li><strong><span style=\"color: #ff6600;\">Le P.O.T.A.G.E.R<\/span><\/strong> perd qu&rsquo;un point et une place ainsi il est \u00e0 la 14\u00e8me place. Depuis, le 18 d\u00e9cembre avec la victoire de <strong><span style=\"color: #0000ff;\">Madamepatate<\/span><\/strong> <del>belle en robe des champs<\/del> \u00e0 <strong><span style=\"color: #008000;\">Angers<\/span><\/strong>, le parti n&rsquo;a gagn\u00e9 aucune ville d&rsquo;o\u00f9 sa l\u00e9g\u00e8re baisse mais nous n&rsquo;avons pas de quoi s&rsquo;inqui\u00e9ter encore car quand on voit les membres du parti, c&rsquo;est un parti dangereux avec leurs l\u00e9gumes.<\/li>\n<\/ul>\n<p style=\"text-align: justify;\"><img decoding=\"async\" src=\"https:\/\/vpmedias.fr\/wp-content\/uploads\/2016\/07\/arrow-in-out.png\" \/> <strong>Entr\u00e9es et sorties<\/strong><\/p>\n<ul style=\"list-style-type: circle; text-align: justify;\">\n<li>\u00a0<span style=\"color: #0000ff;\"><strong>Bonnie<\/strong><\/span> and <span style=\"color: #0000ff;\"><strong>Clyde<\/strong><\/span> ont rendu leurs armes. En effet, le <span style=\"color: #ff6600;\"><strong>Gang Barrow<\/strong><\/span> a quitt\u00e9 le classement puisqu&rsquo;ils n&rsquo;ont pas gagn\u00e9 de victoire r\u00e9cemment. C&rsquo;\u00e9tait un exploit d&rsquo;\u00eatre dans le classement national \u00e0 2. Peut-\u00eatre devraient-ils envisag\u00e9 de nouvelles recrues dans leur gang ?<\/li>\n<li><strong><span style=\"color: #ff6600;\">Le Parti r\u00e9volutionnaire s\u00e9rieux <\/span><\/strong>rentre dans le classement cette semaine en prenant la place du <span style=\"color: #ff6600;\"><strong>Gang Barrow. <\/strong><\/span>Ainsi, le fait que le<span style=\"color: #ff6600;\"><strong> Gang Barrow<\/strong><\/span> ne fasse aucune victoire et qu&rsquo;il n&rsquo;y a que <strong><span style=\"color: #0000ff;\">Bonnie<\/span><\/strong> en campagne aide<span style=\"color: #ff6600;\"><strong> Le Parti R\u00e9volutionnaire S\u00e9rieux <\/strong><\/span>\u00e0 gagner sa place. Mais, leur succ\u00e8s est d\u00fb aussi au fait qu&rsquo;ils sont pas mal dans leurs campagnes. En tout cas, bonne chance pour monter encore dans le classement et essayez de remporter des victoires pour y rester.<\/li>\n<\/ul>\n<p style=\"text-align: justify;\"><img loading=\"lazy\" decoding=\"async\" class=\"size-medium alignleft\" src=\"https:\/\/vpmedias.fr\/wp-content\/uploads\/2017\/10\/Ducobu-84x150.png\" width=\"84\" height=\"150\" \/><strong>Le Bonnet d\u2019\u00e2ne<\/strong><\/p>\n<p style=\"text-align: justify;\">\u00a0J&rsquo;ai mal au coeur de devoir dire que le bonnet d&rsquo;\u00e2ne est attribu\u00e9 au<strong><span style=\"color: #ff6600;\"> PLO<\/span><\/strong> pour leur descente tellement rapide puisqu&rsquo;il vient de perdre 5 points et 5 places. Mais ne vous en faites, ce parti va revenir rapidement en haut du classement.<\/p>\n<p style=\"text-align: justify;\"><img loading=\"lazy\" decoding=\"async\" class=\"size-medium alignleft\" src=\"https:\/\/vpmedias.fr\/wp-content\/uploads\/2017\/10\/Bons_points-138x150.jpg\" width=\"138\" height=\"150\" \/><strong>Le Bon Point<\/strong><\/p>\n<p style=\"text-align: justify;\">\u00a0<strong><span style=\"color: #ff6600;\">Les Politocards<\/span><\/strong> m\u00e9rite d&rsquo;avoir le Bon Point de la semaine car il vient prendre place sur le podium gr\u00e2ce \u00e0 2 points pris mais aussi pour ses mairies importantes comme <span style=\"color: #008000;\"><strong>Paris<\/strong><\/span> ou bien <span style=\"color: #008000;\"><strong>Marseille<\/strong><\/span>.<\/p>\n<p style=\"text-align: justify;\"><img decoding=\"async\" src=\"https:\/\/vpmedias.fr\/wp-content\/uploads\/2017\/01\/Pari.png\" \/> <strong>Les paris de la semaine<\/strong><\/p>\n<p style=\"text-align: justify;\">Cette semaine, ce ne sera pas moi qui parie mais d&rsquo;autres joueurs qui ont gentiment accept\u00e9 de le faire pour ce CN sp\u00e9cial No\u00ebl (ne soyez pas \u00e9tonn\u00e9s si \u00e7a devient un pav\u00e9).<\/p>\n<p style=\"text-align: justify;\">Mais avant, nous allons regarder ce que mon coll\u00e8gue <del>en train de siroter son coktail l\u00e0<\/del> a pari\u00e9. Va-t-il faire mieux que son bide monumental concernant le PLO (je suis la SG de ce parti et je vous rassure qu&rsquo;il n&rsquo;a pas \u00e9t\u00e9 maltrait\u00e9 malgr\u00e9 ses erreurs)<\/p>\n<ul style=\"list-style-type: circle; text-align: justify;\">\n<li>Le retour de <span style=\"color: #ff6600;\"><strong>La Soucoupe violente<\/strong><\/span> sur le podium : <img loading=\"lazy\" decoding=\"async\" class=\"irc_mi\" src=\"https:\/\/upload.wikimedia.org\/wikipedia\/commons\/thumb\/5\/5f\/Red_X.svg\/768px-Red_X.svg.png\" alt=\"Image associ\u00e9e\" width=\"26\" height=\"26\" \/> =&gt; A une place pr\u00e8s, ce parti \u00e9tait au podium<\/li>\n<li>La sortie du <span style=\"color: #ff6600;\"><strong>Parti Lib\u00e9ral Humaniste<\/strong><\/span> du top 3 : <img loading=\"lazy\" decoding=\"async\" class=\"irc_mi\" src=\"https:\/\/upload.wikimedia.org\/wikipedia\/commons\/thumb\/5\/5f\/Red_X.svg\/768px-Red_X.svg.png\" alt=\"Image associ\u00e9e\" width=\"24\" height=\"24\" \/> =&gt; Au contraire, il est pass\u00e9 deuxi\u00e8me.<\/li>\n<\/ul>\n<p style=\"text-align: justify;\"><strong>Conclusion<\/strong> : <span style=\"color: #0000ff;\"><strong>Cahuzac<\/strong><\/span> devrait arr\u00eater ses pronostics ou faire l&rsquo;inverse de ce qu&rsquo;il dit car ce n&rsquo;est pas son point fort. N\u00e9anmoins, cela reste encore un bide monumental <del>enfin un peu moins que la semaine derni\u00e8re<\/del>.<\/p>\n<p style=\"text-align: justify;\">Maintenant place aux pronostics de <span style=\"color: #0000ff;\"><strong>Rudach\/Lebousier <\/strong><span style=\"color: #333333;\">(personnalit\u00e9 marquante de 2018 pour ses campagnes men\u00e9es comme un chef, pour ses coups de gueule mais nous retiendrons de lui que c&rsquo;est le seul h\u00e9risson et le seul bousier de VPM avec son caract\u00e8re explosif, ses exploits campagnards etc) :<\/span><\/span><\/p>\n<blockquote>\n<p style=\"text-align: justify;\"><em>Le h\u00e9risson entre dans l&rsquo;ar\u00e8ne (de N\u00eemes), prend de vol\u00e9e la boule de bouse lanc\u00e9e par<span style=\"color: #0000ff;\"> <strong>Bellazelda<\/strong><\/span> (en lui tendant un petit chocolat bien chaud) et vient conclure l&rsquo;action par une petite s\u00e9ance de <span style=\"text-decoration: line-through;\">penalties<\/span> paris pour la semaine \u00e0 venir.<\/em><\/p>\n<p style=\"text-align: justify;\">Ne faisant jamais rien comme les autres, nous aurons des paris sur le classement des Partis, sur les R\u00e9gionales \u00e0 venir et sur certains scores campagnards\u00a0!<\/p>\n<p style=\"text-align: justify;\"><em>( Nota bene : Ce sont des pronostics, notre bousier\/h\u00e9risson national a le droit d&rsquo;\u00eatre m\u00e9dium)<\/em><\/p>\n<p style=\"text-align: justify;\"><span style=\"color: #00ccff;\"><em>\u00a0 <strong>Avec l&rsquo;arriv\u00e9e des f\u00eates, je ne vois pas \u00e9norm\u00e9ment de mouvements dans le Top 15.<\/strong><\/em><\/span><\/p>\n<p style=\"text-align: justify;\">\u00a0Chaque parti est en allure de croisi\u00e8re et, sauf retournement de situation ou joueurs rempla\u00e7ants pas aussi dou\u00e9s que le titulaire, nous allons tranquillement nous farcir la dinde de No\u00ebl avec ces 15 partis\u00a0!<\/p>\n<p style=\"text-align: justify;\">\u00a0\u00a0 <strong><span style=\"color: #00ccff;\">Mettons le nez dans 2 r\u00e9gions (oui, venez vous plonger dans ma Bourgogne, elle sent le pinard)\u00a0:<\/span><\/strong><\/p>\n<p style=\"text-align: justify;\"><span style=\"color: #ff0000;\"><strong>Pays de la Loire<\/strong> <\/span>: <span style=\"color: #008000;\"><strong>Nantes Angers Chateau-Gontier Le Mans<\/strong><\/span> <del>(il conna\u00eet bien sa r\u00e9gion)<\/del><strong><br \/>\n<\/strong><\/p>\n<ul style=\"text-align: justify;\">\n<li><strong><span style=\"color: #339966;\"><span style=\"color: #008000;\">Nantes<\/span> <\/span><\/strong><span style=\"color: #000000;\">:<\/span> Le <span style=\"color: #ff6600;\"><strong>PFE<\/strong><\/span> a +14,6% par rapport au <span style=\"color: #ff6600;\"><strong>P.O.T.A.G.E.R.<\/strong><\/span>\u00a0;<\/li>\n<li><span style=\"color: #339966;\"><strong><span style=\"color: #008000;\">Angers<\/span>\u00a0<\/strong><\/span><span style=\"color: #000000;\">:<\/span> <span style=\"color: #ff6600;\"><strong>PFE<\/strong><\/span> a +4,2%, \u00a0;<\/li>\n<li><span style=\"color: #339966;\"><strong><span style=\"color: #008000;\">Le Mans <\/span><\/strong><span style=\"color: #000000;\">: <\/span><\/span>L\u00e0, le <span style=\"color: #ff6600;\"><strong>P.O.T.A.G.E.R.<\/strong><\/span> a +47,4%.<\/li>\n<\/ul>\n<p>Tout va se jouer dans la facult\u00e9 pour le <span style=\"color: #ff6600;\"><strong>P.O.T.A.G.E.R.<\/strong><\/span> \u00e0 d\u00e9passer son 8,8% \u00e0 <strong><span style=\"color: #008000;\">Nantes<\/span><\/strong> et \u00e0 conserver sa belle avance au <strong><span style=\"color: #008000;\">Mans<\/span><\/strong>.<\/p><\/blockquote>\n<blockquote><p><strong><em>=&gt; Je mise sur une r\u00e9gion prise par le<span style=\"color: #ff6600;\"> P.O.T.A.G.E.R.<\/span><\/em><\/strong><\/p>\n<p style=\"text-align: justify;\"><span style=\"color: #ff0000;\"><strong>Bourgogne Franche-comt\u00e9<\/strong><span style=\"color: #000000;\"> :<\/span><\/span> <strong><span style=\"color: #008000;\">Varennes-Vauzelles Besan\u00e7on H\u00e9ricourt Dijon Dole<\/span><\/strong><\/p>\n<ul style=\"text-align: justify;\">\n<li><strong><span style=\"color: #008000;\">Dijon<\/span><\/strong>\u00a0:<span style=\"color: #ff6600;\"> Le <strong>Harem de Zalou<\/strong><\/span> a +47,4% d&rsquo;avance sur le <span style=\"color: #ff6600;\"><strong>Parti alchimiste<\/strong><\/span><\/li>\n<li>Alors qu&rsquo;\u00e0 <strong><span style=\"color: #008000;\">Besan\u00e7on<\/span><\/strong>, le <span style=\"color: #ff6600;\"><strong>P.A.<\/strong><\/span> a pris un ascendant consid\u00e9rable (+55,6%) sur le <span style=\"color: #ff6600;\"><strong>Harem de Zalou<\/strong>. <\/span><span style=\"color: #0000ff;\"><strong>Daubo<\/strong> <\/span>et ses 62,6% \u00e0 <strong><span style=\"color: #008000;\">Besan\u00e7on<\/span><\/strong> et <span style=\"color: #0000ff;\"><strong>Kicks<\/strong><\/span> avec 57,9% sont peut-\u00eatre \u00e0 leur maximum.\u00a0 Tout va donc se jouer avec l&rsquo;impact en terme de pourcentage qu&rsquo;auront leurs adversaires.<\/li>\n<\/ul>\n<p><strong> =&gt; <em>Dans cette lutte, je pense que le <span style=\"color: #ff6600;\">Parti alchimiste<\/span> prendra la t\u00eate de la r\u00e9gion.<\/em><\/strong><\/p>\n<p style=\"text-align: justify;\"><strong><span style=\"color: #00ffff;\">Place aux campagnes :<\/span><\/strong><\/p>\n<ul style=\"list-style-type: circle;\">\n<li style=\"text-align: justify;\"><strong><span style=\"color: #008000;\">Marseille<\/span><em><span style=\"color: #008000;\">\u00a0<\/span><\/em>:\u00a0 <\/strong><span style=\"color: #0000ff;\"><strong>Prevert<\/strong><\/span> le sait, \u00e7a va se bousculer derri\u00e8re lui et je vois d\u00e9j\u00e0 certains regroupements de partis plus ou moins alli\u00e9s venir croquer le po\u00e8te de ces bois. Il faudra qu&rsquo;il s&rsquo;accompagne de joueurs assez forts pour esp\u00e9rer rempiler son mandat de maire. <em>(NDLR : Rudach expert en strat\u00e9gie <del>et en magouille<\/del> dans les campagnes)<\/em><\/li>\n<li style=\"text-align: justify;\"><strong><span style=\"color: #008000;\">Bruxelles\u00a0<\/span>: <\/strong>Le pingouin <span style=\"color: #0000ff;\"><strong>Kropo<\/strong><\/span> accompagn\u00e9 de sa <span style=\"color: #0000ff;\"><strong>Jmbiquette<\/strong><\/span> vont tranquillement s&rsquo;adjuger la ville une \u00e9ni\u00e8me fois avec un score (on prend les paris) de 58,5% (\u00e01 point pr\u00e8s).\u00a0\u00a0\u00a0\u00a0\u00a0\u00a0\u00a0\u00a0\u00a0\u00a0\u00a0\u00a0\u00a0\u00a0\u00a0\u00a0\u00a0\u00a0\u00a0\u00a0\u00a0\u00a0\u00a0\u00a0\u00a0 <span style=\"color: #0000ff;\"><strong>Traitre<\/strong><\/span> va obtenir le poste de conseiller et <span style=\"color: #0000ff;\"><strong>Valerie<\/strong><\/span>, seule, fera aux alentours de 13,5%.<\/li>\n<li style=\"text-align: justify;\"><span style=\"color: #008000;\"><strong>Lyon<\/strong><\/span>, o\u00f9 r\u00e8gne le roi <span style=\"color: #0000ff;\"><strong>Berthier<\/strong><\/span>, risque d&rsquo;\u00eatre mise en ballotage si l&rsquo;alliance <span style=\"color: #ff6600;\"><strong>Soucoupe violente<\/strong><\/span> et <span style=\"color: #ff6600;\"><strong>Parti Lib\u00e9ral Humaniste<\/strong><\/span> s&rsquo;associent comme \u00e0 <strong><span style=\"color: #008000;\">Bruxelles<\/span><\/strong> pour faire trembler une autre ville du Top 5\u00a0!<\/li>\n<\/ul>\n<p><strong><em>=&gt; Je vois bien la ville tomber aux mains de ce camp.<\/em><\/strong><\/p>\n<p style=\"text-align: justify;\"><em>\u00a0<\/em><em>\u00a0<\/em><\/p>\n<p style=\"text-align: justify;\">Eh voil\u00e0<u>,<\/u> nous en avons termin\u00e9 pour ces paris de la semaine, j&rsquo;esp\u00e8re que je vous ai bien ennuy\u00e9 avec tout plein de chiffres, tout plein d&rsquo;informations inutiles pour votre vie de tous les jours.\u00a0\u00a0\u00a0\u00a0\u00a0\u00a0\u00a0\u00a0\u00a0\u00a0\u00a0\u00a0\u00a0\u00a0\u00a0\u00a0\u00a0\u00a0\u00a0\u00a0\u00a0\u00a0\u00a0\u00a0\u00a0 Mais un Bousier peut tr\u00e8s souvent merder&#8230; <em>(Nota bene : Je confirme que cela ne va pas changer notre vie et que l&rsquo;erreur <del>est humaine<\/del> existe m\u00eame chez les bousiers ! )<\/em><\/p>\n<p>Je remercie chocolatement <span style=\"color: #0000ff;\"><strong>Bellazelda<\/strong><\/span> pour m&rsquo;avoir propos\u00e9 de r\u00e9diger cette partie (\u00e0 titre honorifique et surtout&#8230; sans opportunisme) et vous souhaite de belles f\u00eates de fin d&rsquo;ann\u00e9e (n&rsquo;abusez pas de magrets de <span style=\"color: #0000ff;\"><strong>Girard<\/strong><\/span>)\u00a0!<\/p><\/blockquote>\n<blockquote><p>Je profite du temps de parole restant pour faire un gros coucou \u00e0 mes amis du <span style=\"color: #ff6600;\"><strong>P.O.T.A.G.E.R<\/strong><\/span>. Je vous aime mes petits choux, vous avez la patate\u00a0! Et \u00ab\u00a0pis\u00a0\u00bb, on nous traite bien l\u00e0-bas. Les chefs \u00ab\u00a0succubent\u00a0\u00bb bien de nous, surtout du piou piou et du dindon. Faut bien penser \u00e0 manger quoi&#8230;<\/p>\n<p><em>(P.S.\u00a0: <span style=\"color: #0000ff;\"><strong>Destiny<\/strong><\/span>, j&rsquo;avais fait un encart il y a de cela quelques semaines parlant d&rsquo;un probable retour sur VPM. Tu nous as oubli\u00e9\u00a0?&#8230;)<\/em><\/p><\/blockquote>\n<p style=\"text-align: justify;\"><span style=\"font-size: 14pt;\"><strong>Rudach le Bousier<\/strong><\/span> (avec une particule, \u00e7a fait classe, non ?) vous salue&#8230;<\/p>\n<p style=\"text-align: justify;\">Enfin, une autre vedette vient donner ses pronostics <del>un coll\u00e8gue de VPM\u00e9dias<\/del> <strong><span style=\"color: #0000ff;\">Mairesuper<\/span><\/strong>, joueur tr\u00e8s sympathique et un journaliste qui fait surtout les CR (classements r\u00e9gionaux) ainsi que d&rsquo;autres articles (c&rsquo;est une \u00e9vidence).<del><\/del><\/p>\n<p style=\"text-align: justify;\">Voici ses pronostics :<\/p>\n<ul style=\"list-style-type: circle; text-align: justify;\">\n<li>Baisse du <span style=\"color: #ff6600;\"><strong>Parti for Ever<\/strong><\/span><\/li>\n<li>Remont\u00e9e des <span style=\"color: #ff6600;\"><strong>Barbouzes <\/strong><\/span>(<del>influenc\u00e9 par son parti, que voulez-vous ? Qui a dit qu&rsquo;un journaliste \u00e9tait neutre ?)<\/del><\/li>\n<\/ul>\n<p style=\"text-align: justify;\">Pour achever ce CN, je ne suis pas comme <strong><span style=\"color: #0000ff;\">Cahuzac<\/span><\/strong>, il n&rsquo;aura pas de chronique \u00e0 la gloire de notre r\u00e9dacteur en chef car il a \u00e9t\u00e9 suffisamment mis \u00e0 l&rsquo;honneur mais le discours de notre pr\u00e9sident <span style=\"color: #0000ff;\"><strong>Bruuuce<\/strong><\/span> pour les f\u00eates. Quoi ?! On me dit \u00e0 la derni\u00e8re minute que le journal n&rsquo;a pas assez de budget pour inviter le pr\u00e9sident ? Bon, nous allons choisir une autre personnalit\u00e9&#8230; Ce sera notre cher pape au doux nom de <span style=\"color: #0000ff;\"><strong>Magne<\/strong><\/span>, personnalit\u00e9 importante au sein de VPM\u00e9dias, dans son \u00e9glise et palais dor\u00e9 <del>dont il a red\u00e9cor\u00e9 r\u00e9cemment avec notre argent<\/del>&#8230; Bref, voici le discours pour les f\u00eates de sa saintet\u00e9 Magne Ier <del>escroc en chef. <\/del><\/p>\n<figure style=\"width: 406px\" class=\"wp-caption aligncenter\"><img loading=\"lazy\" decoding=\"async\" class=\"\" src=\"https:\/\/cdn.discordapp.com\/attachments\/392396737723236356\/526161884504784896\/Sans_titre_31.png\" width=\"406\" height=\"398\" \/><figcaption class=\"wp-caption-text\">Petit relooking fait par moi mais derri\u00e8re lui, c&rsquo;est sa demeure.<\/figcaption><\/figure>\n<div class=\"containerCozy-336-Cz container-206Blv\" style=\"text-align: justify;\">\n<blockquote>\n<div class=\"markup-2BOw-j\"><em>Mers chers compatriotes, nous sommes d\u00e9sormais \u00e0 quelques jours des f\u00eates de fin d&rsquo;ann\u00e9e, de No\u00ebl et d&rsquo;un nouveau d\u00e9part dans la vie de chacun : l&rsquo;ann\u00e9e 2019. Cette ann\u00e9e 2018 aura \u00e9t\u00e9 marqu\u00e9 par diff\u00e9rents \u00e9v\u00e9nements dans l&rsquo;histoire du jeu. Certains ont \u00e9t\u00e9 positifs comme les diff\u00e9rentes animations originales propos\u00e9es par les joueurs et administration ou le nouveau mode de gouvernement toujours en place aujourd&rsquo;hui mais d&rsquo;autres se sont retrouv\u00e9s dans le n\u00e9gatif comme le monde le peu de joueurs actifs en cette fin d&rsquo;ann\u00e9e. En temps que Pape de VPM et Ministre de la R\u00e9publique, je ne peux qu&rsquo;\u00eatre attrist\u00e9 par le peu d&rsquo;int\u00e9r\u00eat qu&rsquo;inspire VPM actuellement et le peu de nouveaux joueurs. Certes cela n&rsquo;est peut-\u00eatre pas inchangeable mais cela n\u00e9cessitera de nombreux efforts qui devront \u00eatre men\u00e9s en 2019. Les joueurs de VPM demandent de l&rsquo;\u00e9coute, esp\u00e9rons que la paix de notre seigneur les conduira vers une situation qui saura satisfaire tout le monde ! Ce sont les joueurs qui constituent le jeu, il n&rsquo;y a donc pas d&rsquo;autres choix possibles que le partage et l&rsquo;\u00e9change. Je me permettrai simplement d&rsquo;inviter le jeu \u00e0 entrer dans l&rsquo;\u00e8re moderne : d\u00e9sormais les affiches et les meetings ne sont pas les \u00e9l\u00e9ments essentiels d&rsquo;une campagne IRL ! Esp\u00e9rons que l&rsquo;ann\u00e9e 2019 apportera la possibilit\u00e9 de r\u00e9ussir nos campagnes via, par exemple, des campagnes num\u00e9riques ! Mes chers amis, je vous attend \u00e9videmment nombreux aux messes de No\u00ebl que je tiendrais dans mes \u00e9glises. Mais avant cela, laissez moi vous souhaiter d&rsquo;excellentes f\u00eates de No\u00ebl et du Nouvel an. Prions ensemble pour l&rsquo;avenir de VPM, allons dans la paix du Christ notre seigneur ! Avec toute mon amiti\u00e9, Magne Ier, Pape de VPM Ministre Papal.<\/em><\/div>\n<div><\/div>\n<\/blockquote>\n<\/div>\n<h2 style=\"text-align: center;\"><span class=\"hidden-content\"><span style=\"color: #ff0000;\">J<\/span><span style=\"color: #008000;\">o<\/span><span style=\"color: #ff0000;\">y<\/span><span style=\"color: #008000;\">e<\/span><span style=\"color: #ff0000;\">u<\/span><span style=\"color: #008000;\">x<\/span> <span style=\"color: #ff0000;\">N<\/span><span style=\"color: #008000;\">o<\/span><span style=\"color: #ff0000;\">\u00eb<\/span><span style=\"color: #008000;\">l<\/span> <span style=\"color: #ff0000;\">!<\/span><br \/>\n<\/span><\/h2>\n<p style=\"text-align: justify;\"><img loading=\"lazy\" decoding=\"async\" class=\"size-medium aligncenter\" src=\"https:\/\/croixsaintjulien.fr\/wp-content\/uploads\/2018\/09\/MyPhotoWall-9.jpg\" width=\"600\" height=\"400\" \/><\/p>\n<p style=\"text-align: justify;\"><em><span class=\"hidden-content\">\u00c0 la semaine prochaine pour le classement National #321 made in Bella !<br \/>\n<\/span><\/em><\/p>\n","protected":false},"excerpt":{"rendered":"<p>Pour ce CN sp\u00e9cial No\u00ebl, plusieurs choses au programme ! De nombreux Guests interviennent pour souhaiter la bienvenue \u00e0 notre nouvelle journaliste.<\/p>\n","protected":false},"author":226,"featured_media":41064,"comment_status":"open","ping_status":"open","sticky":false,"template":"","format":"standard","meta":{"site-container-style":"default","site-container-layout":"default","site-sidebar-layout":"default","disable-article-header":"default","disable-site-header":"default","disable-site-footer":"default","disable-content-area-spacing":"default","footnotes":""},"categories":[312,3],"tags":[270,41,187],"class_list":["post-41049","post","type-post","status-publish","format-standard","has-post-thumbnail","hentry","category-g-a-la-une","category-1-vpmi","tag-classement","tag-classement-national","tag-classement-par-influence"],"_links":{"self":[{"href":"https:\/\/vpmedias.fr\/index.php?rest_route=\/wp\/v2\/posts\/41049","targetHints":{"allow":["GET"]}}],"collection":[{"href":"https:\/\/vpmedias.fr\/index.php?rest_route=\/wp\/v2\/posts"}],"about":[{"href":"https:\/\/vpmedias.fr\/index.php?rest_route=\/wp\/v2\/types\/post"}],"author":[{"embeddable":true,"href":"https:\/\/vpmedias.fr\/index.php?rest_route=\/wp\/v2\/users\/226"}],"replies":[{"embeddable":true,"href":"https:\/\/vpmedias.fr\/index.php?rest_route=%2Fwp%2Fv2%2Fcomments&post=41049"}],"version-history":[{"count":40,"href":"https:\/\/vpmedias.fr\/index.php?rest_route=\/wp\/v2\/posts\/41049\/revisions"}],"predecessor-version":[{"id":41493,"href":"https:\/\/vpmedias.fr\/index.php?rest_route=\/wp\/v2\/posts\/41049\/revisions\/41493"}],"wp:featuredmedia":[{"embeddable":true,"href":"https:\/\/vpmedias.fr\/index.php?rest_route=\/wp\/v2\/media\/41064"}],"wp:attachment":[{"href":"https:\/\/vpmedias.fr\/index.php?rest_route=%2Fwp%2Fv2%2Fmedia&parent=41049"}],"wp:term":[{"taxonomy":"category","embeddable":true,"href":"https:\/\/vpmedias.fr\/index.php?rest_route=%2Fwp%2Fv2%2Fcategories&post=41049"},{"taxonomy":"post_tag","embeddable":true,"href":"https:\/\/vpmedias.fr\/index.php?rest_route=%2Fwp%2Fv2%2Ftags&post=41049"}],"curies":[{"name":"wp","href":"https:\/\/api.w.org\/{rel}","templated":true}]}}