{"id":41263,"date":"2018-12-23T00:43:45","date_gmt":"2018-12-22T23:43:45","guid":{"rendered":"https:\/\/vpmedias.fr\/?p=41263"},"modified":"2018-12-23T00:50:05","modified_gmt":"2018-12-22T23:50:05","slug":"vpm-dor-2018-le-pape-de-lannee","status":"publish","type":"post","link":"https:\/\/vpmedias.fr\/?p=41263","title":{"rendered":"VPM d&rsquo;Or 2018 : Le Pape de l&rsquo;ann\u00e9e"},"content":{"rendered":"<p style=\"text-align: center;\"><span style=\"font-size: 24pt;\"><strong><span style=\"color: #ff0000;\">Pape de l&rsquo;Ann\u00e9e<\/span><\/strong><\/span><\/p>\n<p>&nbsp;<\/p>\n<p style=\"text-align: center;\"><span style=\"font-size: 14pt;\"><em>R\u00e9compense bas\u00e9e sur les informations transmises par la Papaut\u00e9 de VPM.<\/em><\/span><\/p>\n<p style=\"text-align: center;\"><span style=\"font-size: 14pt;\"><strong>Rejoignez la c\u00e9r\u00e9monie <a href=\"https:\/\/discord.gg\/Mv8bpv\"><u>ici<\/u><\/a><\/strong><\/span><\/p>\n<p>&nbsp;<\/p>\n<table align=\"center\">\n<tbody>\n<tr>\n<td align=\"center\">&nbsp;<\/p>\n<p>&nbsp;<\/p>\n<p>&nbsp;<\/p>\n<p>&nbsp;<\/p>\n<p style=\"text-align: center;\"><span style=\"font-size: 18pt;\"><strong><span style=\"color: #808080;\">\u00a0<\/span><\/strong><\/span><\/p>\n<\/td>\n<td align=\"center\">\n<p style=\"text-align: center;\"><span style=\"color: #ff9900; font-size: 18pt;\"><b>Magne Ier<\/b><\/span><\/p>\n<p style=\"text-align: center;\"><span style=\"color: #ff9900; font-size: 18pt;\"><em><strong>100 %<\/strong><\/em><\/span><\/p>\n<p><img decoding=\"async\" src=\"http:\/\/vpmedias.fr\/wp-content\/uploads\/2016\/01\/Img-Podium-1.png\" alt=\"\" width=\"140\" \/><\/td>\n<td align=\"center\"><\/td>\n<\/tr>\n<\/tbody>\n<\/table>\n<p>&nbsp;<\/p>\n<blockquote>\n<p style=\"text-align: center;\"><span style=\"font-size: 14pt;\">R\u00e9compense au meilleur Pape qu&rsquo;a connu VPM au cours de l&rsquo;ann\u00e9e 2018<\/span><\/p>\n<\/blockquote>\n","protected":false},"excerpt":{"rendered":"<p>Pape de l&rsquo;Ann\u00e9e &nbsp; R\u00e9compense bas\u00e9e sur les informations transmises par la Papaut\u00e9 de VPM. Rejoignez la c\u00e9r\u00e9monie ici &nbsp; &nbsp; &nbsp; &nbsp; &nbsp; \u00a0 Magne Ier 100 % &nbsp; R\u00e9compense au meilleur Pape qu&rsquo;a connu VPM au cours de l&rsquo;ann\u00e9e 2018<\/p>\n","protected":false},"author":91,"featured_media":0,"comment_status":"open","ping_status":"open","sticky":false,"template":"","format":"standard","meta":{"site-container-style":"default","site-container-layout":"default","site-sidebar-layout":"default","disable-article-header":"default","disable-site-header":"default","disable-site-footer":"default","disable-content-area-spacing":"default","footnotes":""},"categories":[268],"tags":[256],"class_list":["post-41263","post","type-post","status-publish","format-standard","hentry","category-4-breves","tag-vpm-dor"],"_links":{"self":[{"href":"https:\/\/vpmedias.fr\/index.php?rest_route=\/wp\/v2\/posts\/41263","targetHints":{"allow":["GET"]}}],"collection":[{"href":"https:\/\/vpmedias.fr\/index.php?rest_route=\/wp\/v2\/posts"}],"about":[{"href":"https:\/\/vpmedias.fr\/index.php?rest_route=\/wp\/v2\/types\/post"}],"author":[{"embeddable":true,"href":"https:\/\/vpmedias.fr\/index.php?rest_route=\/wp\/v2\/users\/91"}],"replies":[{"embeddable":true,"href":"https:\/\/vpmedias.fr\/index.php?rest_route=%2Fwp%2Fv2%2Fcomments&post=41263"}],"version-history":[{"count":5,"href":"https:\/\/vpmedias.fr\/index.php?rest_route=\/wp\/v2\/posts\/41263\/revisions"}],"predecessor-version":[{"id":41337,"href":"https:\/\/vpmedias.fr\/index.php?rest_route=\/wp\/v2\/posts\/41263\/revisions\/41337"}],"wp:attachment":[{"href":"https:\/\/vpmedias.fr\/index.php?rest_route=%2Fwp%2Fv2%2Fmedia&parent=41263"}],"wp:term":[{"taxonomy":"category","embeddable":true,"href":"https:\/\/vpmedias.fr\/index.php?rest_route=%2Fwp%2Fv2%2Fcategories&post=41263"},{"taxonomy":"post_tag","embeddable":true,"href":"https:\/\/vpmedias.fr\/index.php?rest_route=%2Fwp%2Fv2%2Ftags&post=41263"}],"curies":[{"name":"wp","href":"https:\/\/api.w.org\/{rel}","templated":true}]}}