{"id":41751,"date":"2019-01-29T18:48:48","date_gmt":"2019-01-29T17:48:48","guid":{"rendered":"https:\/\/vpmedias.fr\/?p=41751"},"modified":"2019-09-05T09:56:14","modified_gmt":"2019-09-05T07:56:14","slug":"an-odd-interview-with-od","status":"publish","type":"post","link":"https:\/\/vpmedias.fr\/?p=41751","title":{"rendered":"An Odd Interview With Od"},"content":{"rendered":"<p style=\"text-align: justify\" align=\"JUSTIFY\"><span style=\"color: #ff6600;font-family: georgia, palatino, serif;font-size: 18.6667px\">Le journaliste Fysk re\u00e7oit Od dans son bureau. C&rsquo;est l&rsquo;heure des r\u00e9v\u00e9lations.<\/span><\/p>\n<p align=\"JUSTIFY\"><span style=\"font-family: georgia, palatino, serif\">&#8212;-<\/span><\/p>\n<p style=\"text-align: justify\"><span style=\"font-size: 14pt;color: #008000;font-family: georgia, palatino, serif\"><strong>Fysk.<\/strong> Bienvenue \u00e0 Vpmedias, Od ! Comment allez-vous ?<\/span><\/p>\n<p><span style=\"color: #ff00ff;font-size: 14pt;font-family: georgia, palatino, serif\"><i><strong>Od.<\/strong> Bonsoir, oui, tr\u00e8s bien. Je me permets \u00e9galement de vous remercier de m&rsquo;accorder cette interview. <\/i><\/span><\/p>\n<p style=\"text-align: justify\"><span style=\"font-size: 14pt;color: #008000;font-family: georgia, palatino, serif\"><strong>Fy.<\/strong> Oh mais c&rsquo;est tout naturel ! Mais \u00eates-vous conscient d&rsquo;une chose grave, \u00e0 savoir que je vais devoir, malgr\u00e9 tout mon <span lang=\"en-US\">professionnalisme<\/span> et mon s\u00e9rieux l\u00e9gendaire, ouvrir un document Open Office appel\u00e9 \u00ab\u00a0interview od.odt\u00a0\u00bb ?<\/span><\/p>\n<p><span style=\"color: #ff00ff;font-size: 14pt;font-family: georgia, palatino, serif\"><i><strong>Od.<\/strong> <\/i><i>Pas de souci, je me d\u00e9roberai pas.<\/i><\/span><\/p>\n<p><img loading=\"lazy\" decoding=\"async\" class=\"aligncenter size-full wp-image-41791\" src=\"https:\/\/vpmedias.fr\/wp-content\/uploads\/2019\/01\/images-2.jpg\" alt=\"\" width=\"270\" height=\"187\" srcset=\"https:\/\/vpmedias.fr\/wp-content\/uploads\/2019\/01\/images-2.jpg 270w, https:\/\/vpmedias.fr\/wp-content\/uploads\/2019\/01\/images-2-150x104.jpg 150w\" sizes=\"auto, (max-width: 270px) 100vw, 270px\" \/><\/p>\n<p style=\"text-align: center\"><span style=\"font-size: 14pt;font-family: georgia, palatino, serif\"><em>Od et Fysk.<\/em><\/span><\/p>\n<p style=\"text-align: justify\"><span style=\"font-size: 14pt;color: #008000;font-family: georgia, palatino, serif\"><strong>Fy.<\/strong> Bon, tout est au clair \u00e0 pr\u00e9sent. Pourriez-vous s&rsquo;il vous pla\u00eet nous faire une petite pr\u00e9sentation de vous, vos multis et votre parcours sur VPM ? <\/span><\/p>\n<p style=\"text-align: justify\"><span style=\"font-family: georgia, palatino, serif\"><span style=\"font-size: 14pt\"><em><span style=\"color: #ff00ff\"><strong>Od.<\/strong> Je suis od, je me suis inscrit en mars 2016. En juin je suis rentr\u00e9 dans un parti de l&rsquo;alliance rebelle{{1}}[[1]]Alliance de partis\/joueurs gravitant autour de Mamix, \u00e0 pr\u00e9sent quasiment \u00e9teinte[[1]], le parti en sucette, o\u00f9, avec ma volont\u00e9 de m&rsquo;investir, de bien faire et ma motivation, j&rsquo;ai vite gravi les \u00e9chelons. En Septembre je devenais cadre de l&rsquo;alliance Rebelle.\u00a0<\/span><\/em><\/span><span style=\"font-size: 14pt\"><em><span style=\"color: #ff00ff\">Apr\u00e8s mon passage au Front de la R\u00e9bellion \u00e9galement, j&rsquo;ai vite voulu prendre mon ind\u00e9pendance, avec mon premier parti les Visiteurs (\u00e9chec), puis la Soupe aux Choux, les Politocards, et enfin <span style=\"text-decoration: underline\"><a href=\"https:\/\/vpmedias.fr\/?p=37519\" target=\"_blank\" rel=\"noopener\">Les Barbouzes<\/a><\/span> et la 7\u00e8me Compagnie.<\/span><\/em><\/span><\/span><\/p>\n<p style=\"text-align: justify\"><span style=\"font-size: 14pt;font-family: georgia, palatino, serif\"><em><span style=\"color: #ff00ff\">J&rsquo;ai d&rsquo;autres comptes r\u00e9cents comme fdl et em, avec lesquels je suis entr\u00e9 chez les Warthogs et \u00e0 la Soucoupe Violente.<\/span><\/em><\/span><\/p>\n<p style=\"text-align: justify\"><span style=\"font-size: 14pt;font-family: georgia, palatino, serif\"><span style=\"color: #008000\"><strong>Fy.<\/strong> FDL, Fun\u00e8s de Louis ?<\/span><i> <\/i><\/span><\/p>\n<p style=\"text-align: justify\"><span style=\"font-size: 14pt;font-family: georgia, palatino, serif\"><span style=\"color: #ff00ff\"><i><strong>Od.<\/strong> Exactement ! Bien trouv\u00e9<\/i>.<\/span><i> <\/i><\/span><\/p>\n<p style=\"text-align: justify\"><span style=\"font-size: 14pt;color: #008000;font-family: georgia, palatino, serif\"><strong>Fy.<\/strong> D&rsquo;ailleurs, je me demandais : d&rsquo;o\u00f9 vient ce pseudo, <em>Od<\/em> ?<\/span><\/p>\n<p><span style=\"font-size: 14pt;font-family: georgia, palatino, serif\"><em><span style=\"color: #ff00ff\"><strong>Od.<\/strong>\u00a0Les initiales de mon pr\u00e9nom et mon nom tout simplement&#8230;qui d&rsquo;ailleurs seront la seule info qui restera secr\u00e8te dans cette interview. J&rsquo;esp\u00e8re nos spectateurs comprendront.<\/span><\/em><\/span><\/p>\n<p style=\"text-align: justify\"><span style=\"font-size: 14pt;color: #008000;font-family: georgia, palatino, serif\"><strong>Fy.<\/strong> Je n&rsquo;en doute pas. Quelle lettre pr\u00e9f\u00e9rez-vous entre O et D ?<\/span><\/p>\n<p style=\"text-align: justify\"><span style=\"font-size: 14pt;font-family: georgia, palatino, serif\"><em><span style=\"color: #ff00ff\"><strong>Od.\u00a0<\/strong>Les deux me conviennent.<\/span><\/em><\/span><\/p>\n<p style=\"text-align: justify\"><span style=\"font-size: 14pt;color: #008000;font-family: georgia, palatino, serif\"><strong>Fy. <\/strong>Alors pourquoi avoir aussi mis l&rsquo;autre dans votre pseudo ? Ah non mince \u00e7a marche plus&#8230;<\/span><\/p>\n<p>&nbsp;<\/p>\n<p style=\"text-align: justify\"><span style=\"font-size: 14pt;color: #008000;font-family: georgia, palatino, serif\">Tr\u00e8s bien. Passons maintenant aux <span style=\"text-decoration: underline\">campagnes<\/span> si vous le voulez bien. Quelle fut votre plus grosse mairie ?<\/span><\/p>\n<p style=\"text-align: justify\"><span style=\"font-family: georgia, palatino, serif\"><span style=\"font-size: 14pt\"><span style=\"color: #ff00ff\"><i><strong>Od.<\/strong> Ma ch\u00e8re ville natale, Toulouse, que j&rsquo;ai eu le plaisir de conqu\u00e9rir 7 fois.\u00a0<\/i><i>Puis j&rsquo;ai eu 5 fois la mairie de Saint-Denis de la R\u00e9union.\u00a0<\/i><\/span><i><\/i><\/span><span style=\"font-size: 14pt\"><span style=\"color: #ff00ff\"><i>Avec Toulouse, ce furent mes fiefs d&rsquo;enracinement.\u00a0<\/i><\/span><i> <\/i><\/span><\/span><\/p>\n<p style=\"text-align: justify\"><span style=\"color: #008000;font-size: 14pt;font-family: georgia, palatino, serif\"><strong>Fy.<\/strong> Bravo ! Le souvenir d&rsquo;une campagne m\u00e9morable, l\u00e0-bas ou ailleurs ?<\/span><\/p>\n<p style=\"text-align: justify\"><span style=\"font-family: georgia, palatino, serif\"><span style=\"font-size: 14pt;color: #ff00ff\"><i><strong>Od.<\/strong> Je crois que ce fut \u00e0 ma 4me candidature toulousaine\u00a0<\/i><em>(je fus battu la 1re fois en triangulaire, \u00e9lu \u00e0 la seconde et adjoint la troisi\u00e8me),\u00a0<\/em><i>o\u00f9, pour la seconde fois, je n&rsquo;avais de socle \u00e9lectoral. Et j&rsquo;\u00e9tais \u00e0 la Soupe aux Choux, je visais les 15 % maximum.\u00a0<\/i><\/span><span style=\"font-size: 14pt;color: #ff00ff\"><i>Au cours de la campagne, la dynamique fut molle : 6 %, 8 %, 10 %, 13 % et 14 % la veille de l&rsquo;\u00e9lection.\u00a0<\/i><i>Le lendemain, \u00e0 ma grande surprise, je virai en t\u00eate avec 16,19 % des voix, (je pense avoir r\u00e9alis\u00e9 le plus mauvais score pour un candidat arriv\u00e9 1er \u00e0 Toulouse). <\/i><\/span><span style=\"font-size: 14pt\"><span style=\"color: #ff00ff\"><i>Et en suppl\u00e9ment, ma r\u00e9\u00e9lection avec 42 % en triangulaire.<\/i><\/span><i><\/i><\/span><\/span><\/p>\n<p><span style=\"font-family: georgia, palatino, serif\"><img loading=\"lazy\" decoding=\"async\" class=\"aligncenter wp-image-41806\" src=\"https:\/\/vpmedias.fr\/wp-content\/uploads\/2019\/01\/od-toulouse-300x190.png\" alt=\"\" width=\"750\" height=\"475\" srcset=\"https:\/\/vpmedias.fr\/wp-content\/uploads\/2019\/01\/od-toulouse-300x190.png 300w, https:\/\/vpmedias.fr\/wp-content\/uploads\/2019\/01\/od-toulouse-150x95.png 150w, https:\/\/vpmedias.fr\/wp-content\/uploads\/2019\/01\/od-toulouse-768x487.png 768w, https:\/\/vpmedias.fr\/wp-content\/uploads\/2019\/01\/od-toulouse-550x349.png 550w, https:\/\/vpmedias.fr\/wp-content\/uploads\/2019\/01\/od-toulouse.png 1025w\" sizes=\"auto, (max-width: 750px) 100vw, 750px\" \/><\/span><\/p>\n<p style=\"text-align: justify\"><span style=\"color: #008000;font-size: 14pt;font-family: georgia, palatino, serif\"><strong>Fy.<\/strong> Votre style en campagne ?<\/span><\/p>\n<p style=\"text-align: justify\"><span style=\"font-size: 14pt;color: #ff00ff;font-family: georgia, palatino, serif\"><i><strong>Od.<\/strong> Je mise sur l&rsquo;affichage et les meetings, si je peux les encha\u00eener, il faut essayer de marginaliser ses rivaux.\u00a0 Apr\u00e8s il m&rsquo;est arriv\u00e9 , et je vais pas le nier, de toucher \u00e0 la corruption, mais ce fut rare et encore dans des cas de l\u00e9gitime d\u00e9fense. <\/i><\/span><\/p>\n<p style=\"text-align: justify\"><span style=\"color: #008000;font-size: 14pt;font-family: georgia, palatino, serif\"><strong>Fy.<\/strong> Oui, je comprends. Y a-t-il quelqu&rsquo;un que vous avez rencontr\u00e9 en campagne et que vous conseillez \u00e0 nos lecteurs d&rsquo;\u00e9viter ?<\/span><\/p>\n<p style=\"text-align: justify\"><span style=\"font-size: 14pt;font-family: georgia, palatino, serif\"><span style=\"color: #ff00ff\"><i><strong>Od.<\/strong> Bien que nous ayions v\u00e9cu une belle aventure ensemble et que je lui doive tout, c&rsquo;est en premier Fernandel, et un autre pas sp\u00e9cialement en campagne mais je le dirai tout \u00e0 l&rsquo;heure.<\/i><\/span><span style=\"color: #000000\"><br \/>\n<\/span><\/span><\/p>\n<p style=\"text-align: justify\"><span style=\"font-size: 14pt;font-family: georgia, palatino, serif\"><span style=\"color: #000000\"><span style=\"color: #008000\"><strong>Fy.<\/strong> D&rsquo;accord, j&rsquo;ai ma petite id\u00e9e !<\/span><br \/>\n<span style=\"color: #008000\"> Un regret, une ville que vous vouliez \u00e0 tout prix conqu\u00e9rir mais \u00e7a ne s&rsquo;est pas produit?<\/span><br \/>\n<\/span><\/span><\/p>\n<p style=\"text-align: justify\"><span style=\"font-size: 14pt;color: #ff00ff;font-family: georgia, palatino, serif\"><i><strong>Od.<\/strong> Marseille : 7 candidatures, 3 fois adjoint et une fois conseiller. Et une corruption intensive. C&rsquo;est l&rsquo;un des rares villes o\u00f9 j&rsquo;ai pris des coups sous la ceinture.<\/i><\/span><\/p>\n<p style=\"text-align: justify\"><span style=\"color: #008000;font-size: 14pt;font-family: georgia, palatino, serif\"><strong>Fy.<\/strong> Bien. Voulez-vous ajouter quelque chose sur les campagnes ?<\/span><\/p>\n<p style=\"text-align: justify\"><span style=\"font-size: 14pt;font-family: georgia, palatino, serif\"><span style=\"color: #ff00ff\"><i><strong>Od.<\/strong> Non non, sinon qu&rsquo;en g\u00e9n\u00e9ral \u00e7a s&rsquo;est bien pass\u00e9.<\/i><i> <\/i><i>Ah oui et dans un parti ne mettez jamais Fernandel et Quentinlefort ensemble, avec ceci c&rsquo;est l&rsquo;implosion assur\u00e9e. Un bon conseil.<\/i><\/span><\/span><\/p>\n<p><span style=\"font-family: georgia, palatino, serif\"><img loading=\"lazy\" decoding=\"async\" class=\"aligncenter wp-image-41824\" src=\"https:\/\/vpmedias.fr\/wp-content\/uploads\/2019\/01\/od-page-300x169.png\" alt=\"\" width=\"787\" height=\"443\" srcset=\"https:\/\/vpmedias.fr\/wp-content\/uploads\/2019\/01\/od-page-300x169.png 300w, https:\/\/vpmedias.fr\/wp-content\/uploads\/2019\/01\/od-page-150x84.png 150w, https:\/\/vpmedias.fr\/wp-content\/uploads\/2019\/01\/od-page-768x432.png 768w, https:\/\/vpmedias.fr\/wp-content\/uploads\/2019\/01\/od-page-550x309.png 550w, https:\/\/vpmedias.fr\/wp-content\/uploads\/2019\/01\/od-page.png 1327w\" sizes=\"auto, (max-width: 787px) 100vw, 787px\" \/><\/span><\/p>\n<p>&nbsp;<\/p>\n<p style=\"text-align: justify\"><span style=\"color: #008000;font-size: 14pt;font-family: georgia, palatino, serif\"><strong>Fy.<\/strong> Tr\u00e8s bien. Deuxi\u00e8me sujet que j&rsquo;aimerais que nous abordassions, la <span style=\"text-decoration: underline\">communaut\u00e9<\/span>. Il s&rsquo;est pass\u00e9 pas mal de choses avec vos compartiotes, pourriez-vous s&rsquo;il vous pla\u00eet nous r\u00e9sumer un peu la situation et nous dire ce que vous avez sur le c\u0153ur ?<\/span><\/p>\n<p style=\"text-align: justify\"><span style=\"font-family: georgia, palatino, serif\"><span style=\"font-size: 14pt;color: #ff00ff\"><i><strong>Od.<\/strong> Je me suis, \u00e0 partir de septembre 2016, investi sur la communaut\u00e9. <\/i><em>Et bien s\u00fbr, ce fut la <span style=\"text-decoration: underline\">pr\u00e9sidentielle Vptomtom<\/span> <span style=\"color: #000000\">[NDJ octobre 2016].<\/span>\u00a0L&rsquo;alliance rebelle, \u00e0 ma grande d\u00e9ception, ne fut pas capable de s&rsquo;organiser et de s&rsquo;unir.\u00a0<\/em><\/span><span style=\"font-size: 14pt;color: #ff00ff\"><i>Pas moins de 3 candidats se sont pr\u00e9sent\u00e9s, chacun de son c\u00f4t\u00e9. J&rsquo;ai propos\u00e9 une primaire pour une candidature unique, que j&rsquo;ai plaid\u00e9e en vain. Vu que mon r\u00e9cent abus de campagnes de pub m&rsquo;avait fait une sale r\u00e9putation (j&rsquo;\u00e9tais d\u00e9butant encore), je savais que \u00e7a allait pas mal handicaper celui qui irait au feu. Et la division en plus&#8230;<\/i><\/span><\/span><\/p>\n<p style=\"text-align: justify\"><span style=\"font-family: georgia, palatino, serif\"><span style=\"font-size: 14pt;color: #ff00ff\"><i>Je n&rsquo;ai eu d&rsquo;autre choix que d&rsquo;appuyer la candidature de Lensvolcan, qui \u00e9tait le mieux plac\u00e9 dans les sondages (entre 12 % et 14 %).\u00a0<\/i><\/span><span style=\"font-size: 14pt\"><em><span style=\"color: #ff00ff\">C&rsquo;est l\u00e0 que j&rsquo;ai appris \u00e0 me m\u00e9fier des sondages&#8230;R\u00e9sultats des 3 candidats : mon champion 7,4%, un autre 3,7 % et le dernier 2,4 %, <a href=\"https:\/\/vpmedias.fr\/?p=33143\">m\u00eame pas 13,7 % en tout<\/a>. S<\/span><span style=\"color: #ff00ff\">&lsquo;il y avait eu une candidature unique, je suis s\u00fbr qu&rsquo;on aurait fait 17 % voire 19 % ; peut-\u00eatre plus.<\/span><\/em><\/span><\/span><\/p>\n<p><span style=\"font-family: georgia, palatino, serif\"><img loading=\"lazy\" decoding=\"async\" class=\"aligncenter wp-image-41830\" src=\"https:\/\/vpmedias.fr\/wp-content\/uploads\/2019\/01\/od-results-151x300.png\" alt=\"\" width=\"178\" height=\"354\" srcset=\"https:\/\/vpmedias.fr\/wp-content\/uploads\/2019\/01\/od-results-151x300.png 151w, https:\/\/vpmedias.fr\/wp-content\/uploads\/2019\/01\/od-results-76x150.png 76w, https:\/\/vpmedias.fr\/wp-content\/uploads\/2019\/01\/od-results.png 214w\" sizes=\"auto, (max-width: 178px) 100vw, 178px\" \/><\/span><\/p>\n<p style=\"text-align: justify\"><span style=\"color: #008000;font-size: 14pt;font-family: georgia, palatino, serif\"><strong>Fy.<\/strong> Oui je me souviens, grosse d\u00e9confiture.<\/span><\/p>\n<p style=\"text-align: justify\"><span style=\"font-family: georgia, palatino, serif\"><span style=\"color: #ff00ff;font-size: 14pt\"><i><strong>Od.<\/strong> Et enfin, il y eut la <span style=\"text-decoration: underline\">pr\u00e9sidentielle Atheesouhait<\/span><span style=\"color: #000000\"> [mars 2017]<\/span>, alors que j&rsquo;\u00e9tais SG int\u00e9rimaire de la Soupe aux Choux. J&rsquo;avais d\u00e9j\u00e0 song\u00e9 \u00e0 \u00eatre candidat, mais nos partis alli\u00e9s avaient rapidement d\u00e9sign\u00e9 Atheesouhait comme leur candidat. Et je ne voulais pas que nous reproduisions<\/i><\/span><span style=\"color: #ff00ff;font-size: 14pt\"><i>\u00a0l&rsquo;erreur des rebelles.\u00a0<\/i><em>Je fis un discours \u00e0 mon parti, o\u00f9 je pr\u00f4nais le soutien sans condition \u00e0 Atheesouhait, et de se mobiliser \u00e0 fond derri\u00e8re lui, pour la victoire.\u00a0Bien entendu, cordialement, nous avons n\u00e9goci\u00e9 pour qu&rsquo;un membre du parti entre au gouvernement en cas de victoire.\u00a0R\u00e9sultat, il a gagn\u00e9 sur le fil (50,1 %), un membre est entr\u00e9 au gouvernement, et sans l&rsquo;avoir demand\u00e9 nous avons eu en suppl\u00e9ment une enveloppe.<\/em><\/span><\/span><\/p>\n<p><span style=\"font-family: georgia, palatino, serif\"><img loading=\"lazy\" decoding=\"async\" class=\"aligncenter wp-image-41835\" src=\"https:\/\/vpmedias.fr\/wp-content\/uploads\/2019\/01\/od-results-1-149x300.png\" alt=\"\" width=\"188\" height=\"379\" srcset=\"https:\/\/vpmedias.fr\/wp-content\/uploads\/2019\/01\/od-results-1-149x300.png 149w, https:\/\/vpmedias.fr\/wp-content\/uploads\/2019\/01\/od-results-1-74x150.png 74w, https:\/\/vpmedias.fr\/wp-content\/uploads\/2019\/01\/od-results-1.png 211w\" sizes=\"auto, (max-width: 188px) 100vw, 188px\" \/><\/span><\/p>\n<p style=\"text-align: justify\"><span style=\"font-size: 14pt;font-family: georgia, palatino, serif\"><span style=\"color: #008000\"><strong>Fy.<\/strong> Et puisque vous parlez de pr\u00e9si, pourriez-vous nous raconter votre campagne en 2018 ?<\/span><\/span><\/p>\n<p style=\"text-align: justify\"><span style=\"font-family: georgia, palatino, serif\"><span style=\"font-size: 14pt\"><span style=\"color: #000000\"><i><br \/>\n<\/i><\/span><span style=\"color: #333333\"><i><span style=\"color: #ff00ff\"><strong>Od.<\/strong> J&rsquo;y viens justement. En 2018, je suis devenu <span style=\"text-decoration: underline\">ministre<\/span><\/span><\/i> <em><span style=\"color: #000000\">[r\u00e9volutionnaire] <\/span><span style=\"color: #ff00ff\">pendant 1 mois, sous Escaliers<\/span>[, Cheblinski ?] <span style=\"color: #ff00ff\">et Oh l\u00e0 l\u00e0 l\u00e0.<\/span> <span style=\"color: #ff00ff\">Belle exp\u00e9rience, o\u00f9 j&rsquo;ai fait don de mes salaires \u00e0 mon parti (mon b\u00e9b\u00e9 les Barbouzes) et \u00e0 mes coll\u00e8gues ministres.\u00a0<\/span><\/em><\/span><span style=\"color: #ff00ff\"><i><br \/>\n<\/i><i>Et c&rsquo;est l\u00e0 que je d\u00e9cidai que ma prochaine \u00e9tape serait une candidature \u00e0 la pr\u00e9sidentielle.<\/i><i> <\/i><i>Ironie du sort, j&rsquo;ai durant ma pause d&rsquo;\u00e9t\u00e9 dit \u00e0 mes confr\u00e8res des Barbouzes et de la 7me compagnie, que si Bananus refessait<\/i>{{2}}<span style=\"color: #000000\">[[2]]c&rsquo;est mignon, je l&rsquo;ai gard\u00e9 pour le fun, d\u00e9sol\u00e9[[2]]<\/span><i> une pr\u00e9sidentielle, je me porterais candidat pour les repr\u00e9senter.<\/i><\/span><i>\u00a0<\/i><\/span><span style=\"font-size: 14pt;color: #ff00ff\"><i>Et, au moment-m\u00eame de mon retour sur la sc\u00e8ne de VPM (je venais d&rsquo;\u00eatre investi \u00e0 la R\u00e9union), la pr\u00e9sidentielle! <\/i><\/span><span style=\"font-size: 14pt\"><i>[septembre 2018]<\/i><\/span><span style=\"font-size: 14pt;color: #ff00ff\"><i>\u00a0<\/i><em>Sur la messagerie des partis, j&rsquo;ai annonc\u00e9 seulement ceci.<\/em><\/span><\/span><\/p>\n<blockquote>\n<p style=\"text-align: justify\"><span style=\"color: #ff6600;font-size: 14pt;font-family: georgia, palatino, serif\">COMMUNIQUE DE OD ANCIEN SG DU PARTI LES BARBOUZES<\/span><\/p>\n<p style=\"text-align: justify\"><span style=\"color: #ff6600;font-size: 14pt;font-family: georgia, palatino, serif\">JE SUIS CANDIDAT A LA PRESIDENCE DE LA REPUBLIQUE.<\/span><\/p>\n<\/blockquote>\n<p style=\"text-align: justify\"><span style=\"font-size: 14pt;color: #ff00ff;font-family: georgia, palatino, serif\"><i><span style=\"text-decoration: underline\">Segalle<\/span>, il m&rsquo;est fid\u00e8le sur le plan intime, mais ce fut sa seul et unique trahison politique. Lui qui m&rsquo;avait jur\u00e9 de me soutenir, se pr\u00e9senta \u00e9galement.\u00a0<\/i><em>Or sans entrer en conflit avec lui, je savais que je pouvais m&rsquo;appuyer sur la machine <span style=\"text-decoration: underline\">Barbouzes<\/span> et sur un carr\u00e9 de fid\u00e8le de la 7e compagnie. Arnoinplace a \u00e9galement contribu\u00e9 \u00e0 l&rsquo;\u00e9cartement et au renoncement de sa candidature.<\/em><\/span><\/p>\n<p style=\"text-align: justify\"><span style=\"font-family: georgia, palatino, serif\"><span style=\"font-size: 14pt;color: #ff00ff\"><em>\u00a0<\/em><\/span><span style=\"font-size: 14pt;color: #ff00ff\"><span style=\"color: #008000\"><strong>Fy.<\/strong> Oui, le fameux d\u00e9sistement pendant la phase de parrainages&#8230;<\/span><\/span><\/span><\/p>\n<p style=\"text-align: justify\"><span style=\"font-size: 14pt;color: #ff00ff;font-family: georgia, palatino, serif\"><i><strong>Od.<\/strong>\u00a0En effet. Les deux partis se sont alors mobilis\u00e9s autour de <span style=\"text-decoration: underline\">ma candidature<\/span>, je suis en 1 journ\u00e9e pass\u00e9 \u00e0 15 parrainages, et rapidement Lyonsuper, apr\u00e8s une rapide n\u00e9gociation se retire et m&rsquo;apporte son soutien et celui des Inconnus.\u00a0<\/i><em>Si Segalle s&rsquo;\u00e9tait pr\u00e9sent\u00e9, je sais que je l&rsquo;aurais devanc\u00e9, mais j&rsquo;aurais \u00e9t\u00e9 \u00e9cart\u00e9 du second tour.<\/em><\/span><\/p>\n<p style=\"text-align: justify\"><span style=\"font-size: 14pt;color: #ff00ff;font-family: georgia, palatino, serif\"><i>Arnoinplace et moi-m\u00eame lui avons mis la pression pour qu&rsquo;il se retire en ma faveur. Il suscitait tant de rejet (de par son comportement et ses abus) qu&rsquo;il aurait fait un mauvais score. Et en m\u00eame temps, j&rsquo;avais tant attendu qu&rsquo;il \u00e9tait hors de question que j&rsquo;\u00e9choue aux parrainages, je voulais aller au minimum jusqu&rsquo;au 1er tour.<\/i><\/span><\/p>\n<p style=\"text-align: justify\"><span style=\"font-size: 14pt;font-family: georgia, palatino, serif\"><span style=\"color: #333333\"><span style=\"color: #008000\"><strong>Fy.<\/strong> Et vous \u00eates all\u00e9 au second tour&#8230; Et vous avez failli gagner&#8230;!<\/span> <\/span><\/span><\/p>\n<p style=\"text-align: justify\"><span style=\"font-size: 14pt;font-family: georgia, palatino, serif\"><span style=\"color: #ff00ff\"><i><strong>Od.<\/strong> Oui. Une fois obtenus mes parrainages, <a href=\"https:\/\/vpmedias.fr\/?p=40151\">j&rsquo;ai officialis\u00e9 ma candidature sur Vpm\u00e9dias<\/a> et sur le forum, et du coup je me suis lanc\u00e9 dans la m\u00eal\u00e9e, 2 interviews, 4 meetings, (je me suis inspir\u00e9 des d\u00e9bats de second tour dans les campagnes, qui doivent rim\u00e9 et \u00eatre humoristique) avec mon programme et mon slogan POUR UN AVENIR PLEIN DE DELIRE, C&rsquo;EST LINO QU&rsquo;IL FAUT ELIRE!<\/i><\/span><\/span><\/p>\n<p><span style=\"font-family: georgia, palatino, serif\"><img loading=\"lazy\" decoding=\"async\" class=\"aligncenter wp-image-41853\" src=\"https:\/\/vpmedias.fr\/wp-content\/uploads\/2019\/01\/chaira-od-300x154.png\" alt=\"\" width=\"966\" height=\"496\" srcset=\"https:\/\/vpmedias.fr\/wp-content\/uploads\/2019\/01\/chaira-od-300x154.png 300w, https:\/\/vpmedias.fr\/wp-content\/uploads\/2019\/01\/chaira-od-150x77.png 150w, https:\/\/vpmedias.fr\/wp-content\/uploads\/2019\/01\/chaira-od-768x395.png 768w, https:\/\/vpmedias.fr\/wp-content\/uploads\/2019\/01\/chaira-od-550x283.png 550w, https:\/\/vpmedias.fr\/wp-content\/uploads\/2019\/01\/chaira-od.png 1352w\" sizes=\"auto, (max-width: 966px) 100vw, 966px\" \/><\/span><\/p>\n<p style=\"text-align: center\"><span style=\"font-size: 14pt;font-family: georgia, palatino, serif\"><em>Ode d&rsquo;Od, et soutien de fdl.<\/em><\/span><\/p>\n<p style=\"text-align: justify\"><span style=\"font-size: 14pt;font-family: georgia, palatino, serif\"><span style=\"color: #ff00ff\"><em>Au cours de cette campagne, dans les coulisses, l&rsquo;<span style=\"text-decoration: underline\">Avenue de Provence<\/span> que Segalle \u00e9tait cens\u00e9 rallier \u00e0 ma cause apr\u00e8s son retrait, n&rsquo;\u00e9tait pas dispos\u00e9e \u00e0 voter pour moi, et pourtant j&rsquo;y ai jou\u00e9 avec fdl. Segalle m&rsquo;a demand\u00e9 des cr\u00e9dits, naturellement j&rsquo;ai pens\u00e9 que c&rsquo;\u00e9tait pour lui, puis il m&rsquo;a fait comprendre que j&rsquo;achetais des voix, 50 cr\u00e9dits ou 100 cr\u00e9dits, ils m&rsquo;ont pomp\u00e9 ces sal*pards. Ne voulant pas en arriver me brouiller en pleine campagne \u00e9lectorale, j&rsquo;ai pr\u00e9text\u00e9 que je n&rsquo;avais plus de cr\u00e9dits. Ajoutez qu&rsquo;Aloiseau a envoy\u00e9 lui des attaques personnelles et insultantes.\u00a0Entre lui et l&rsquo;Avenue de Provence, j&rsquo;ai re\u00e7u des coups en-dessous de la ceinture, mais \u00e7a m&rsquo;a rien fait du tout. <\/em><\/span><span style=\"color: #ff00ff\"><i>Et j&rsquo;avoue que, en sous-marin, j&rsquo;ai re\u00e7u le soutien l&rsquo;alliance rebelle qui est en sommeil. L\u00e0 elle a su faire bloc derri\u00e8re moi. <\/i><\/span><em><span style=\"color: #ff00ff\">Et bien qu&rsquo;en vacances et ne pouvant pas participer au <strong><a href=\"https:\/\/vpmedias.fr\/?p=40245\"><span style=\"text-decoration: underline\">d\u00e9bat<\/span><\/a> <\/strong>\u00e0 mon tr\u00e8s grand regret, je vous garantie que je vous aurais fait la mis\u00e8re \u00e0 vous tous, vous-m\u00eame<\/span><\/em> <em>[Unistra]<\/em> <span style=\"color: #ff00ff\"><em>je vous aurais pas manqu\u00e9.<\/em><\/span><\/span><\/p>\n<p style=\"text-align: justify\"><span style=\"font-size: 14pt;font-family: georgia, palatino, serif\"><span style=\"color: #ff00ff\"><em>Et \u00e0 ma grande surprise, j&rsquo;\u00e9carte les favoris (Polmipoque, Lebousier et vous-m\u00eame) du second tour, avec 19 % des suffrages, (Polmipoque 18 %, Lebousier 14 %, Unistra 10 %), derri\u00e8re Anetheron. J&rsquo;avoue que je me m\u00e9fiais des sondages <\/em><\/span><em>[qui l&rsquo;ont plac\u00e9 en position favorable]<\/em><span style=\"color: #ff00ff\"><em>, ce qui fait que je m&rsquo;attendais au pire, ce ne fut pas le cas.<\/em><\/span><\/span><\/p>\n<p><span style=\"font-family: georgia, palatino, serif\"><img loading=\"lazy\" decoding=\"async\" class=\"aligncenter wp-image-41864\" src=\"https:\/\/vpmedias.fr\/wp-content\/uploads\/2019\/01\/chaira-od-2-300x223.png\" alt=\"\" width=\"493\" height=\"366\" srcset=\"https:\/\/vpmedias.fr\/wp-content\/uploads\/2019\/01\/chaira-od-2-300x223.png 300w, https:\/\/vpmedias.fr\/wp-content\/uploads\/2019\/01\/chaira-od-2-150x112.png 150w, https:\/\/vpmedias.fr\/wp-content\/uploads\/2019\/01\/chaira-od-2.png 402w\" sizes=\"auto, (max-width: 493px) 100vw, 493px\" \/><\/span><\/p>\n<p style=\"text-align: justify\"><span style=\"font-family: georgia, palatino, serif\"><span style=\"font-size: 14pt\"><em><span style=\"color: #ff00ff\">J&rsquo;ai du coup repris tranquillement ma campagne, p\u00e9p\u00e8re, 4 meetings et 2 interviews. Je n&rsquo;ai pas du tout paniqu\u00e9 quand mon adversaire (que j&rsquo;appr\u00e9cie et respecte) a voulu profiter des soutiens re\u00e7us, faire une campagne de diabolisation envers moi. Car tr\u00e8s vite j&rsquo;ai \u00e9t\u00e9 contact\u00e9 en MP par des dizaines de joueurs qui m&rsquo;ont apport\u00e9 leur soutien, et il a r\u00e9ussi \u00e0 m&rsquo;aider \u00e0 d\u00e9clencher une dynamique en ma faveur, et ce c*n lol a failli perdre.\u00a0<\/span><\/em><\/span><span style=\"font-size: 14pt\"><em><span style=\"color: #ff00ff\">Sur les 207 \u00e9lecteurs qui ont vot\u00e9, j&rsquo;ai eu<a href=\"https:\/\/vpmedias.fr\/?p=40300\"> 49,1 % des votes soient 102 Vpmiens et Vpmiennes<\/a> qui m&rsquo;ont accord\u00e9 leur confiance. Une superbe campagne, je me suis r\u00e9gal\u00e9, et comme l&rsquo;avait chant\u00e9 Edith Piaf juste avant de mourir, non je ne regrette rien.<\/span> <\/em><\/span><span style=\"font-size: 14pt\"><span style=\"color: #000000\"><br \/>\n<\/span><\/span><\/span><\/p>\n<p style=\"text-align: justify\"><span style=\"color: #008000;font-size: 14pt;font-family: georgia, palatino, serif\"><strong>Fy.<\/strong> Oui, d&rsquo;ailleurs mes \u00e9lecteurs se sont tourn\u00e9s vers vous plus que vers aneth, et j&rsquo;ai vot\u00e9 pour vous avec un de mes trois comptes.<\/span><\/p>\n<p><span style=\"font-family: georgia, palatino, serif\"><img loading=\"lazy\" decoding=\"async\" class=\"aligncenter wp-image-41870\" src=\"https:\/\/vpmedias.fr\/wp-content\/uploads\/2019\/01\/oops-300x68.png\" alt=\"\" width=\"918\" height=\"208\" srcset=\"https:\/\/vpmedias.fr\/wp-content\/uploads\/2019\/01\/oops-300x68.png 300w, https:\/\/vpmedias.fr\/wp-content\/uploads\/2019\/01\/oops-150x34.png 150w, https:\/\/vpmedias.fr\/wp-content\/uploads\/2019\/01\/oops-768x175.png 768w, https:\/\/vpmedias.fr\/wp-content\/uploads\/2019\/01\/oops-550x126.png 550w\" sizes=\"auto, (max-width: 918px) 100vw, 918px\" \/><\/span><\/p>\n<p style=\"text-align: justify\"><span style=\"font-family: georgia, palatino, serif\"><span style=\"color: #ff00ff;font-size: 14pt\"><i><strong>Od.<\/strong> D\u00e8s le soir du second tour, beaucoup de soutiens me pressent d&rsquo;organiser une opposition au nouveau pr\u00e9sident.\u00a0<\/i><\/span><span style=\"color: #ff00ff;font-size: 14pt\"><em>C&rsquo;est ce que naturellement j&rsquo;ai essay\u00e9 de faire, dans les jours qui ont suivi, mais comment y arriver quand du jour au lendemain les partis d\u00e9cident de rester neutres, et que ceux qui vous ont soutenu ne r\u00e9pondent plus ou ne r\u00e9agissent pas quand vous cr\u00e9ez un topic expr\u00e8s sur le forum ? Ben au bout d&rsquo;un moment au lieu de rester plant\u00e9 l\u00e0 comme un c*n au milieu, on se retire. Tout est dit.<\/em><\/span><\/span><\/p>\n<p>&nbsp;<\/p>\n<p style=\"text-align: justify\"><span style=\"font-family: georgia, palatino, serif\"><span style=\"color: #ff00ff;font-size: 14pt\"><strong><span style=\"color: #000000\">EN VRAC.<\/span><\/strong><i> Apr\u00e8s oui j&rsquo;ai particuli\u00e8rement touch\u00e9 \u00e0 tout.<span style=\"color: #ff00ff\">\u00a0<\/span><\/i><em><span style=\"text-decoration: underline\">Adjoint, conseiller municipal, maire, tr\u00e9sorier, porte-parole, secr\u00e9taire g\u00e9n\u00e9ral, ministre, cadre d&rsquo;une alliance<\/span> de multiples partis.\u00a0<\/em><\/span><span style=\"font-size: 14pt\"><em><span style=\"color: #ff00ff\">Quelle que soit la mission que l&rsquo;on m&rsquo;a confi\u00e9e ou la responsabilit\u00e9 que j&rsquo;ai prise sur les \u00e9paules, je me suis toujours efforc\u00e9 de l&rsquo;accomplir du mieux possible.<\/span><\/em><\/span><\/span><\/p>\n<p style=\"text-align: justify\"><span style=\"font-size: 14pt;color: #008000;font-family: georgia, palatino, serif\"><strong>Fy.<\/strong> Oui, et vos <span style=\"text-decoration: underline\">partis<\/span> ont souvent marqu\u00e9 l&rsquo;histoire du jeu. Quel souvenir en gardez-vous ?<\/span><\/p>\n<p style=\"text-align: justify\"><span style=\"font-size: 14pt;font-family: georgia, palatino, serif\"><em><span style=\"color: #ff00ff\"><strong>Od.<\/strong> Eh bien&#8230;<a href=\"https:\/\/vpmedias.fr\/?p=37519\">Quand j&rsquo;ai cr\u00e9\u00e9 les Barbouzes<\/a> <span style=\"color: #000000\">[Il y a un an.]<span style=\"color: #ff00ff\">,\u00a0<\/span><\/span>ce fut je crois (avec la pr\u00e9sidentielle) ma plus belle p\u00e9riode de VPM. J&rsquo;ai avec Segalle \u00e9tabli une \u00e9quipe d&rsquo;anciens et de d\u00e9butants de choc. Regardez encore aujourd&rsquo;hui \u00e7a plus de 11 mois que le parti est dans le top 15 des partis les plus influents. La 7\u00e8me compagnie fut aussi une belle cr\u00e9ation mais elle a pas surv\u00e9cu longtemps \u00e0 mon d\u00e9part. Dommage.<\/span><\/em><\/span><\/p>\n<p style=\"text-align: justify\"><span style=\"font-size: 14pt;color: #008000;font-family: georgia, palatino, serif\"><strong>Fy.<\/strong> En effet&#8230; Il y a un autre sujet auquel on vous associe beaucoup : les <span style=\"text-decoration: underline\">cr\u00e9dits<\/span>, notamment \u00e0 l&rsquo;\u00e9poque Sucettes.<\/span><\/p>\n<p style=\"text-align: justify\"><span style=\"font-family: georgia, palatino, serif\"><i><span style=\"font-size: 14pt\"><span style=\"color: #ff00ff\"><strong>Od.<\/strong> Oui je ne vais pas le nier j&rsquo;ai \u00e9t\u00e9 un gros consommateur de cr\u00e9dits, pour financer le parti, animer mes campagnes \u00e9lectorales. Surtout pour le politologue. Et au d\u00e9but j&rsquo;ai beaucoup abus\u00e9 des campagnes de pub<\/span> [option \u00e0 50 cr\u00e9dits rajoutant une s\u00e9dimentation globale]<span style=\"color: #ff00ff\">, du coup c&rsquo;est un peu gr\u00e2ce \u00e0 mes c*nneries (lol), que cette option fut <\/span><\/span><span style=\"font-size: 18.6667px;color: #ff00ff\">r\u00e9glement\u00e9e, limit\u00e9e<\/span><\/i><i><span style=\"font-size: 14pt\"><span style=\"color: #ff00ff\">\u00a0\u00e0 une fois toutes les 36 heures, tant j&rsquo;ai r\u00e9ussi \u00e0 faire monter la contestation et cr\u00e9er une guerre rebelles et anti-rebelles.<\/span><\/span><\/i><\/span><\/p>\n<p style=\"text-align: justify\"><span style=\"font-size: 14pt;color: #008000;font-family: georgia, palatino, serif\"><strong>Fy.<\/strong> Oui, c&rsquo;est vrai. On se souvient de la haine de Talisman, mais aussi de joueurs moins anti-rebelles, \u00e0 l&rsquo;\u00e9gard des Sucettes et de leurs campagnes de pub&#8230;<\/span><\/p>\n<p style=\"text-align: justify\"><span style=\"font-size: 14pt;color: #008000;font-family: georgia, palatino, serif\">Avant que nous nous quittions, il me semble que vous vouliez parler un peu de vous, O.D., dans la <span style=\"text-decoration: underline\">vie r\u00e9elle<\/span>.<\/span><\/p>\n<p style=\"text-align: justify\"><span style=\"font-family: georgia, palatino, serif\"><span style=\"color: #ff00ff;font-size: 14pt\"><i><strong>Od.<\/strong> Ma vie r\u00e9elle, voil\u00e0 un sujet qui me tient \u00e0 c\u0153ur.\u00a0<\/i><\/span><span style=\"font-size: 14pt\"><em><span style=\"color: #ff00ff\">Je suis un jeune gar\u00e7on de 26 ans, en situation pr\u00e9caire. Je vis chez mes parents, je travaille comme ASH horaire dans un foyer de logement d&rsquo;autonomie (maison de retraite non m\u00e9dicalis\u00e9e pour \u00eatre plus clair) depuis 2 ans, et comme homme de m\u00e9nage et croque mort (quand il y a besoin) depuis 7 ans dans des pompes fun\u00e8bres. Mais apr\u00e8s je me suis toujours pas mal d\u00e9brouill\u00e9, j&rsquo;ai travaill\u00e9 dans un peu tout. Mais plus dans l&rsquo;aide \u00e0 la personne, compte tenu de l&#8217;empathie pour ceux qui souffrent, et le plaisir d&rsquo;aider les gens, avec ma petite touche d&rsquo;humour.<\/span><\/em><\/span><\/span><\/p>\n<p style=\"text-align: justify\"><span style=\"color: #ff00ff;font-size: 14pt;font-family: georgia, palatino, serif\"><i>Apr\u00e8s je suis passionn\u00e9 par la politique le cin\u00e9ma, la lecture et les bons petits plats.<\/i><\/span><\/p>\n<p style=\"text-align: justify\"><span style=\"font-family: georgia, palatino, serif\"><span style=\"font-size: 14pt\"><em><span style=\"color: #ff00ff\">J&rsquo;aime les soir\u00e9es entre amis, et les r\u00e9unions de famille. Aller au restaurant, au bowling laser quest, le cin\u00e9ma.\u00a0\u00a0<\/span><\/em><\/span><span style=\"color: #ff00ff;font-size: 14pt\"><em>Au cin\u00e9ma, j&rsquo;aime les com\u00e9dies fran\u00e7aises, plus particuli\u00e8rement les films de Philippe Lacheau avec Tareck Boudali, ceux de Christian Clavier et j&rsquo;aime bien Dany Boon aussi, et j&rsquo;ai particuli\u00e8rement aim\u00e9<\/em> Radin <em>et<\/em> Raid Dingue<em>. J&rsquo;aime aussi le cin\u00e9ma am\u00e9ricain avec Jason Satham, Ben Stiller, Jim Carrey et Robert de Niro&#8230;\u00a0<\/em><\/span><span style=\"color: #333333;font-size: 14pt\"><em><span style=\"color: #ff00ff\">J&rsquo;ai dans ma chambre toute une collection de films, livres et <\/span><span style=\"color: #ff00ff\">voitures de collection.<\/span>\u00a0<\/em><\/span><span style=\"font-size: 14pt;color: #ff00ff\"><em>Et j&rsquo;aime \u00e9galement de temps en temps fumer un bon cigare, dans ma belle cave, j&rsquo;ai un humidificateur avec capacit\u00e9 de plus de 100 cigares. J&rsquo;en ai de diff\u00e9rentes marques et tailles.\u00a0<\/em><\/span><span style=\"font-size: 14pt\"><em><span style=\"color: #ff00ff\">J<\/span><span style=\"color: #333333\"><span style=\"color: #ff00ff\">e dispose \u00e9galement d&rsquo;une cave \u00e0 vin, o\u00f9 je stocke mes bonnes bouteilles.<\/span><\/span><span style=\"color: #333333\">\u00a0<\/span> <span style=\"color: #000000\"><br \/>\n<\/span><\/em><\/span><\/span><\/p>\n<p style=\"text-align: justify\"><span style=\"font-size: 14pt;color: #008000;font-family: georgia, palatino, serif\"><strong>Fy.<\/strong> Et Lino Ventura?<\/span><\/p>\n<p style=\"text-align: justify\"><span style=\"font-size: 14pt;color: #ff00ff;font-family: georgia, palatino, serif\"><em><strong>Od.<\/strong> Ah oui, mon avatar ! C&rsquo;est parce que je suis fan de ce monstre sacr\u00e9 du cin\u00e9ma et que j&rsquo;aime les Tontons Flingueurs.<\/em><\/span><\/p>\n<p style=\"text-align: justify\"><span style=\"font-size: 14pt;color: #008000;font-family: georgia, palatino, serif\"><strong>Fy<\/strong>. <span style=\"text-decoration: underline\">Question bonus<\/span>. Si vous succ\u00e9diez \u00e0 Bananus, quelle serait votre premi\u00e8re r\u00e9forme ?<\/span><\/p>\n<p style=\"text-align: justify\"><span style=\"font-size: 14pt;color: #ff00ff;font-family: georgia, palatino, serif\"><em><strong>Od.<\/strong> R\u00e9former les deux syst\u00e8mes de gouvernement.<\/em><\/span><\/p>\n<p style=\"text-align: justify\"><span style=\"font-size: 14pt;font-family: georgia, palatino, serif\"><em><span style=\"color: #ff00ff\">Je tiens encore une fois \u00e0 vous remercier pour cette interview, et j&rsquo;esp\u00e8re avoir tout \u00e9clairci sur ma personnalit\u00e9, pour ma part sur ces 3 ans \u00e0 avoir jou\u00e9 sur ce jeu, je n&rsquo;ai aucun regret.<\/span><\/em><\/span><br \/>\n<span style=\"font-size: 14pt;font-family: georgia, palatino, serif\"> <strong><em><span style=\"color: #ff00ff\">Bonne continuation \u00e0 tous.<\/span><\/em><\/strong><\/span><\/p>\n<p style=\"text-align: justify\"><span style=\"font-size: 14pt;color: #008000;font-family: georgia, palatino, serif\"><strong>Fy.<\/strong> Merci, Od, d&rsquo;avoir r\u00e9pondu \u00e0 nos questions. Et puissiez-vous revenir, nous faire de nouveau l&rsquo;honneur de votre pr\u00e9sence sur VPM.<\/span><\/p>\n<p><img loading=\"lazy\" decoding=\"async\" class=\"aligncenter wp-image-41900\" src=\"https:\/\/vpmedias.fr\/wp-content\/uploads\/2019\/01\/poulet-od-220x300.png\" alt=\"\" width=\"374\" height=\"510\" srcset=\"https:\/\/vpmedias.fr\/wp-content\/uploads\/2019\/01\/poulet-od-220x300.png 220w, https:\/\/vpmedias.fr\/wp-content\/uploads\/2019\/01\/poulet-od-110x150.png 110w, https:\/\/vpmedias.fr\/wp-content\/uploads\/2019\/01\/poulet-od-550x749.png 550w, https:\/\/vpmedias.fr\/wp-content\/uploads\/2019\/01\/poulet-od.png 580w\" sizes=\"auto, (max-width: 374px) 100vw, 374px\" \/><\/p>\n<p>&nbsp;<\/p>\n","protected":false},"excerpt":{"rendered":"<p>Od, finaliste de la derni\u00e8re pr\u00e9sidentielle et ancien maire de Toulouse, se confie (de canard) sur son parcours, \u00e0 l&rsquo;heure de son d\u00e9part momentan\u00e9&#8230; Campagnes, trahisons, cr\u00e9dits, IRL : il ne laisse rien de c\u00f4t\u00e9.<\/p>\n","protected":false},"author":207,"featured_media":41790,"comment_status":"open","ping_status":"open","sticky":false,"template":"","format":"standard","meta":{"site-container-style":"default","site-container-layout":"default","site-sidebar-layout":"default","disable-article-header":"default","disable-site-header":"default","disable-site-footer":"default","disable-content-area-spacing":"default","footnotes":""},"categories":[312,4],"tags":[283,34,209],"class_list":["post-41751","post","type-post","status-publish","format-standard","has-post-thumbnail","hentry","category-g-a-la-une","category-2-vpmc","tag-depart","tag-interview","tag-people"],"_links":{"self":[{"href":"https:\/\/vpmedias.fr\/index.php?rest_route=\/wp\/v2\/posts\/41751","targetHints":{"allow":["GET"]}}],"collection":[{"href":"https:\/\/vpmedias.fr\/index.php?rest_route=\/wp\/v2\/posts"}],"about":[{"href":"https:\/\/vpmedias.fr\/index.php?rest_route=\/wp\/v2\/types\/post"}],"author":[{"embeddable":true,"href":"https:\/\/vpmedias.fr\/index.php?rest_route=\/wp\/v2\/users\/207"}],"replies":[{"embeddable":true,"href":"https:\/\/vpmedias.fr\/index.php?rest_route=%2Fwp%2Fv2%2Fcomments&post=41751"}],"version-history":[{"count":119,"href":"https:\/\/vpmedias.fr\/index.php?rest_route=\/wp\/v2\/posts\/41751\/revisions"}],"predecessor-version":[{"id":41905,"href":"https:\/\/vpmedias.fr\/index.php?rest_route=\/wp\/v2\/posts\/41751\/revisions\/41905"}],"wp:featuredmedia":[{"embeddable":true,"href":"https:\/\/vpmedias.fr\/index.php?rest_route=\/wp\/v2\/media\/41790"}],"wp:attachment":[{"href":"https:\/\/vpmedias.fr\/index.php?rest_route=%2Fwp%2Fv2%2Fmedia&parent=41751"}],"wp:term":[{"taxonomy":"category","embeddable":true,"href":"https:\/\/vpmedias.fr\/index.php?rest_route=%2Fwp%2Fv2%2Fcategories&post=41751"},{"taxonomy":"post_tag","embeddable":true,"href":"https:\/\/vpmedias.fr\/index.php?rest_route=%2Fwp%2Fv2%2Ftags&post=41751"}],"curies":[{"name":"wp","href":"https:\/\/api.w.org\/{rel}","templated":true}]}}