{"id":42001,"date":"2019-02-09T08:00:06","date_gmt":"2019-02-09T07:00:06","guid":{"rendered":"https:\/\/vpmedias.fr\/?p=42001"},"modified":"2019-02-08T21:03:08","modified_gmt":"2019-02-08T20:03:08","slug":"le-herisson-de-vpm-sen-va","status":"publish","type":"post","link":"https:\/\/vpmedias.fr\/?p=42001","title":{"rendered":"Le h\u00e9risson de VPM s&rsquo;en va"},"content":{"rendered":"<blockquote>\n<p style=\"text-align: center;\" align=\"LEFT\"><em><span style=\"color: #000000;\">Temps pluvieux, les oiseaux volent bas, comme si les \u00e9l\u00e9ments savaient que quelque chose allait se passer.<\/span><\/em><\/p>\n<p style=\"text-align: center;\" align=\"LEFT\"><em><span style=\"color: #000000;\">Les Dieux seraient-ils tomb\u00e9s sur la t\u00eate\u00a0? La vie est-elle un long fleuve tranquille\u00a0?<\/span><\/em><\/p>\n<p align=\"LEFT\">\n<\/blockquote>\n<p align=\"LEFT\"><span style=\"color: #000000;\">Le couperet \u00e9tait proche, il a \u00e9t\u00e9 repouss\u00e9 \u00e0 maintes reprises.<\/span><\/p>\n<p align=\"LEFT\"><span style=\"color: #000000;\">Souvent moqu\u00e9, ce d\u00e9part se fait de plus en plus proche.<\/span><\/p>\n<p align=\"LEFT\"><span style=\"color: #000000;\">Les raisons\u00a0? Bof, on s&rsquo;en moque\u00a0!<\/span><\/p>\n<p align=\"LEFT\"><span style=\"color: #000000;\">Qui lira ce torchon\u00a0? Hormis ses adorateurs.trices\u00a0? Pas grand monde\u00a0!<\/span><\/p>\n<p align=\"LEFT\"><span style=\"color: #000000;\">Pourquoi le faire\u00a0alors ? Bah, j&rsquo;ai du temps \u00e0 perdre.<\/span><\/p>\n<p align=\"LEFT\"><span style=\"color: #000000;\">Le h\u00e9risson de VPM ne sera plus dans quelques jours, histoire de voir si Bordeaux sera toujours dans sa poche.<\/span><\/p>\n<p align=\"LEFT\"><span style=\"color: #000000;\">Il vous laisse son collier anti-puces, sa m\u00e9chancet\u00e9, ses coups de gueule, ses \u00e9clats, ses victoires, ses VPM d&rsquo;Or.<\/span><\/p>\n<p align=\"LEFT\"><span style=\"color: #000000;\">Il va permettre \u00e0 certains de bien (mieux ?) dormir, sans avoir \u00e0 lire des inepties de pilier de comptoir.<\/span><\/p>\n<p align=\"LEFT\"><span style=\"color: #000000;\">Sanguin, il a souvent vu l&rsquo;avertissement fr\u00f4ler son dos piquant mais il a su s&rsquo;arr\u00eater quand il le fallait (mais le clash a \u00e9t\u00e9 in\u00e9vitable).<\/span><\/p>\n<p align=\"LEFT\"><span style=\"color: #000000;\">Se d\u00e9brouillant en campagnes gr\u00e2ce \u00e0 ses cr\u00e9dits (#cr\u00e9dhisson), il n&rsquo;a aucun m\u00e9rite hormis celui de l&rsquo;ouvrir pour ne rien dire.<\/span><\/p>\n<p align=\"LEFT\"><span style=\"color: #000000;\">Ministre actif, il a surtout \u00e9t\u00e9 un bouclier ou un paratonnerre pour certains, un gage de r\u00e9ussite pour d&rsquo;autres ou juste un vulgaire joueur vulgaire pour le reste.<\/span><\/p>\n<p align=\"LEFT\"><span style=\"color: #000000;\">Ayant comme premier formateur dans un gouvernement -une formatrice-, il a commenc\u00e9 \u00e0 prendre ses gammes en \u00e9tant un des fid\u00e8les de celle qui sera la premi\u00e8re pr\u00e9sidente en 2017.<\/span><\/p>\n<p align=\"LEFT\"><span style=\"color: #000000;\">Celle qui a une trajectoire quasi-similaire (inscription le 02 avril 2017) lui aura longuement manqu\u00e9 mais la vie, \u00e7a va, \u00e7a vient.<\/span><\/p>\n<p align=\"LEFT\"><span style=\"color: #000000;\">Il a pris un pied d&rsquo;enfer avec le PLO courant 2018 avec le Top 1 des Partis et des joueurs \u00f4 combien importants \u00e0 ses yeux.<\/span><\/p>\n<p align=\"LEFT\"><span style=\"color: #000000;\">Des joueurs plus ou moins communautaires mais avec de forts liens (Aloiseau, Coin-Coin, Laplante, Liloche, Pendu, Roger), c&rsquo;\u00e9tait le <strong>Best In Slot<\/strong> pour terminer en Haut de l&rsquo;Affiche.<\/span><\/p>\n<p style=\"text-align: center;\" align=\"LEFT\"><em><span style=\"color: #000000;\">\u00ab\u00a0Mais le temps a pass\u00e9, seules restent les pens\u00e9es\u00a0\u00bb.<\/span><\/em><\/p>\n<p align=\"LEFT\"><span style=\"color: #000000;\">Rudach le h\u00e9risson va plier bagages et va en rester l\u00e0 (la salle s&rsquo;est vid\u00e9e progressivement, tant mieux, \u00e7a \u00e9vitera de faire un pot de d\u00e9part).<\/span><\/p>\n<p align=\"LEFT\"><span style=\"color: #000000;\">De ceux\/celles n&rsquo;ont cit\u00e9s.\u00e9es auparavant, je vais rajouter une ligne suppl\u00e9mentaire avant de laisser ma carte d&rsquo;identit\u00e9 ci-dessous.<\/span><\/p>\n<p align=\"LEFT\"><span style=\"color: #000000;\"><strong>Ces joueurs m&rsquo;ont marqu\u00e9<\/strong> pour diverses raisons mais on s&rsquo;en fiche du pourquoi\u00a0:<\/span><\/p>\n<p align=\"LEFT\"><span style=\"color: #000000;\">Anetheron, Bananus, Bellazelda, Fernandel, Fysk, Gameknight, Gclem, Madamepatate, Neptunes, Od, Ohlalaaa, Prikachu, Rogerabbit, Sarkasme, Tippex, Zalou, 007&#8230;<\/span><\/p>\n<p align=\"LEFT\"><span style=\"color: #000000;\">Je vais en oublier, quelle id\u00e9e d&rsquo;avoir la m\u00e9moire de Dory&#8230;<\/span><\/p>\n<p align=\"LEFT\"><span style=\"color: #000000;\"><i><span style=\"text-decoration: underline;\">Coup de c\u0153ur VPM\u00a0:<\/span> <\/i>La premi\u00e8re pr\u00e9sidente de 2017. Si elle passe par l\u00e0, vous lui direz qu&rsquo;elle est celle qui compte le plus&#8230; Et dire que ce n&rsquo;est qu&rsquo;une enfant, chapeau pour tout ce qu&rsquo;elle a fait\u00a0!<\/span><\/p>\n<p style=\"text-align: center;\" align=\"CENTER\"><span style=\"text-decoration: underline;\"><span style=\"color: #dcdad8; text-decoration: underline;\"><span style=\"color: #000000; text-decoration: underline;\">Arriv\u00e9e sur le jeu le <\/span><span style=\"color: #000000; text-decoration: underline;\"><b>23 Mars 2017<\/b><\/span> <\/span><\/span><\/p>\n<p style=\"text-align: center;\" align=\"CENTER\"><span style=\"color: #000000;\">Nombre de poste de pr\u00e9sident de r\u00e9gion : 3 (<b>9.7 %<\/b>)<br \/>\nNombre de poste de maires : 21 (<b>67.7 %<\/b>)<br \/>\nNombre de poste de conseiller : 4 (<b>12.9 %<\/b>)<br \/>\nNombre de poste d&rsquo;adjoint : 3 (<b>9.7 %<\/b>)<br \/>\nNombre total de poste obtenus : 31 <\/span><\/p>\n<p style=\"text-align: center;\" align=\"CENTER\"><span style=\"text-decoration: underline;\"><strong><span style=\"color: #ff0000; text-decoration: underline;\">2017<\/span><\/strong><\/span><\/p>\n<ul>\n<li>Pr\u00e9sident de la r\u00e9gion <b>Bretagne<\/b> en Novembre 2017 avec le parti <b>Parti Loyal de l&rsquo;Ouest (PLO)<\/b><\/li>\n<li>Conseiller Municipal de <a href=\"https:\/\/vpmedias.fr\/magnebot\/outils\/campagne.php?ville=73\">Castelsarrasin<\/a> le 2 Avril 2017 (avec 48.94% des voix)<br \/>\nParti au moment de l\\\u00e9lection : parti de rudach. Maire \u00e9lu : Sapegae<\/li>\n<li><b>Maire<\/b> de <a href=\"https:\/\/vpmedias.fr\/magnebot\/outils\/campagne.php?ville=145\">H\u00e9ricourt<\/a> le 12 Avril 2017 \u00e9lu avec <b>39.16%<\/b> des voix.<br \/>\nVotre adjoint : Jae. Parti lors de l&rsquo;\u00e9lection : Leaders Unis.<\/li>\n<li>Conseiller Municipal de <a href=\"https:\/\/vpmedias.fr\/magnebot\/outils\/campagne.php?ville=253\">Saint-Di\u00e9<\/a> le 24 Avril 2017 (avec 30.58% des voix)<br \/>\nParti au moment de l\\\u00e9lection : parti de rudach. Maire \u00e9lu : Comics<\/li>\n<li><b>Maire<\/b> de <a href=\"https:\/\/vpmedias.fr\/magnebot\/outils\/campagne.php?ville=195\">Millau<\/a> le 4 Mai 2017 \u00e9lu avec <b>53.09%<\/b> des voix.<br \/>\nVotre adjoint : Gilougilou. Parti lors de l&rsquo;\u00e9lection : Parti de rudach.<\/li>\n<li>Conseiller Municipal de <a href=\"https:\/\/vpmedias.fr\/magnebot\/outils\/campagne.php?ville=125\">Foug\u00e8res<\/a> le 15 Mai 2017 (avec 22.98% des voix)<br \/>\nParti au moment de l\\\u00e9lection : parti de rudach. Maire \u00e9lu : Gclem<\/li>\n<li><b>Maire<\/b> de <a href=\"https:\/\/vpmedias.fr\/magnebot\/outils\/campagne.php?ville=253\">Saint-Di\u00e9<\/a> le 24 Mai 2017 \u00e9lu avec <b>50.82%<\/b> des voix.<br \/>\nVotre adjoint : Ferrero. Parti lors de l&rsquo;\u00e9lection : Parti de rudach.<\/li>\n<li><b>Maire<\/b> de <a href=\"https:\/\/vpmedias.fr\/magnebot\/outils\/campagne.php?ville=195\">Millau<\/a> le 21 Juin 2017 \u00e9lu avec <b>51.02%<\/b> des voix.<br \/>\nVotre adjoint : Slimyi. Parti lors de l&rsquo;\u00e9lection : L&rsquo;Odyss\u00e9e de France.<\/li>\n<li><b>Maire<\/b> de <a href=\"https:\/\/vpmedias.fr\/magnebot\/outils\/campagne.php?ville=191\">M\u00e9rignac<\/a> le 7 Juillet 2017 \u00e9lu avec <b>60.97%<\/b> des voix.<br \/>\nVotre adjoint : Eltito. Parti lors de l&rsquo;\u00e9lection : L&rsquo;Odyss\u00e9e de France.<\/li>\n<li><b>Maire<\/b> de <a href=\"https:\/\/vpmedias.fr\/magnebot\/outils\/campagne.php?ville=174\">Lorient<\/a> le 1 Ao\u00fbt 2017 \u00e9lu avec <b>60.21%<\/b> des voix.<br \/>\nVotre adjoint : Clemrider. Parti lors de l&rsquo;\u00e9lection : L&rsquo;Odyss\u00e9e de France.<\/li>\n<li><b>Maire<\/b> de <a href=\"https:\/\/vpmedias.fr\/magnebot\/outils\/campagne.php?ville=152\">La_Rochelle<\/a> le 17 Ao\u00fbt 2017 \u00e9lu avec <b>62.56%<\/b> des voix.<br \/>\nVotre adjoint : Harsiesis. Parti lors de l&rsquo;\u00e9lection : Parti Loyal de l&rsquo;Ouest.<\/li>\n<li>Maire-adjoint de <a href=\"https:\/\/vpmedias.fr\/magnebot\/outils\/campagne.php?ville=13\">Angers<\/a> le 31 Ao\u00fbt 2017 (nomm\u00e9 par Gameknight)<\/li>\n<li><b>Maire<\/b> de <a href=\"https:\/\/vpmedias.fr\/magnebot\/outils\/campagne.php?ville=319\">Saint-Denis-de-la-R\u00e9union<\/a> le 15 Septembre 2017 \u00e9lu avec <b>45.89%<\/b> des voix.<br \/>\nVotre adjoint : Ed. Parti lors de l&rsquo;\u00e9lection : Parti Loyal de l&rsquo;Ouest.<\/li>\n<li><b>Maire<\/b> de <a href=\"https:\/\/vpmedias.fr\/magnebot\/outils\/campagne.php?ville=238\">Rennes<\/a> le 27 Septembre 2017 \u00e9lu avec <b>41.6%<\/b> des voix.<br \/>\nVotre adjoint : Nationevolue. Parti lors de l&rsquo;\u00e9lection : .<\/li>\n<li>Maire-adjoint de <a href=\"https:\/\/vpmedias.fr\/magnebot\/outils\/campagne.php?ville=238\">Rennes<\/a> le 15 Octobre 2017 (nomm\u00e9 par Comtesse)<\/li>\n<li><b>Maire<\/b> de <a href=\"https:\/\/vpmedias.fr\/magnebot\/outils\/campagne.php?ville=238\">Rennes<\/a> le 4 Novembre 2017 \u00e9lu avec <b>67.78%<\/b> des voix.<br \/>\nVotre adjoint : Zalou. Parti lors de l&rsquo;\u00e9lection : .<\/li>\n<li><b>Maire<\/b> de <a href=\"https:\/\/vpmedias.fr\/magnebot\/outils\/campagne.php?ville=57\">Brest<\/a> le 21 Novembre 2017 \u00e9lu avec <b>85.66%<\/b> des voix.<br \/>\nVotre adjoint : Guillaumethierry. Parti lors de l&rsquo;\u00e9lection : .<\/li>\n<li><b>Maire<\/b> de <a href=\"https:\/\/vpmedias.fr\/magnebot\/outils\/campagne.php?ville=210\">Nantes<\/a> le 15 D\u00e9cembre 2017 \u00e9lu avec <b>64.8%<\/b> des voix.<br \/>\nVotre adjoint : Boloss. Parti lors de l&rsquo;\u00e9lection : .<\/li>\n<\/ul>\n<p style=\"text-align: center;\" align=\"CENTER\"><span style=\"text-decoration: underline; color: #ff0000;\"><strong>2018<\/strong><\/span><\/p>\n<ul>\n<li>Pr\u00e9sident de la r\u00e9gion <b>Pays de la Loire<\/b> en Mars 2018 avec le parti <b>Parti Loyal de l&rsquo;Ouest (PLO)<\/b><\/li>\n<li>Pr\u00e9sident de la r\u00e9gion <b>Corse<\/b> en D\u00e9cembre 2018 avec le parti <b>La Bourgogne Tranquille (LBT)<\/b><\/li>\n<li><b>Maire<\/b> de <a href=\"https:\/\/vpmedias.fr\/magnebot\/outils\/campagne.php?ville=210\">Nantes<\/a> le 2 Janvier 2018 \u00e9lu avec <b>62.66%<\/b> des voix.<br \/>\nVotre adjoint : Boloss. Parti lors de l&rsquo;\u00e9lection : .<\/li>\n<li><b>Maire<\/b> de <a href=\"https:\/\/vpmedias.fr\/magnebot\/outils\/campagne.php?ville=210\">Nantes<\/a> le 20 Janvier 2018 \u00e9lu avec <b>63.04%<\/b> des voix.<br \/>\nVotre adjoint : Girard. Parti lors de l&rsquo;\u00e9lection : .<\/li>\n<li><b>Maire<\/b> de <a href=\"https:\/\/vpmedias.fr\/magnebot\/outils\/campagne.php?ville=210\">Nantes<\/a> le 7 F\u00e9vrier 2018 \u00e9lu avec <b>68.56%<\/b> des voix.<br \/>\nVotre adjoint : Girard. Parti lors de l&rsquo;\u00e9lection : .<\/li>\n<li><b>Maire<\/b> de <a href=\"https:\/\/vpmedias.fr\/magnebot\/outils\/campagne.php?ville=210\">Nantes<\/a> le 25 F\u00e9vrier 2018 \u00e9lu avec <b>59.11%<\/b> des voix.<br \/>\nVotre adjoint : Mrbla. Parti lors de l&rsquo;\u00e9lection : .<\/li>\n<li><b>Maire<\/b> de <a href=\"https:\/\/vpmedias.fr\/magnebot\/outils\/campagne.php?ville=210\">Nantes<\/a> le 15 Mars 2018 \u00e9lu avec <b>68.04%<\/b> des voix.<br \/>\nVotre adjoint : Girard. Parti lors de l&rsquo;\u00e9lection : .<\/li>\n<li><b>Maire<\/b> de <a href=\"https:\/\/vpmedias.fr\/magnebot\/outils\/campagne.php?ville=167\">Libourne<\/a> le 10 Octobre 2018 \u00e9lu avec <b>53.27%<\/b> des voix.<br \/>\nVotre adjoint : Aucun. Parti lors de l&rsquo;\u00e9lection : Parti de rudach.<\/li>\n<li><b>Maire<\/b> de <a href=\"https:\/\/vpmedias.fr\/magnebot\/outils\/campagne.php?ville=5\">Ajaccio<\/a> le 12 Novembre 2018 \u00e9lu avec <b>56.96%<\/b> des voix.<br \/>\nVotre adjoint : Claygts. Parti lors de l&rsquo;\u00e9lection : Parti de rudach.<\/li>\n<li><b>Maire<\/b> de <a href=\"https:\/\/vpmedias.fr\/magnebot\/outils\/campagne.php?ville=5\">Ajaccio<\/a> le 5 D\u00e9cembre 2018 \u00e9lu avec <b>48.31%<\/b> des voix.<br \/>\nVotre adjoint : Luciferrr. Parti lors de l&rsquo;\u00e9lection : .<\/li>\n<li>Maire-adjoint de <a href=\"https:\/\/vpmedias.fr\/magnebot\/outils\/campagne.php?ville=238\">Rennes<\/a> le 23 D\u00e9cembre 2018 (nomm\u00e9 par Valifaty)<\/li>\n<\/ul>\n<p style=\"text-align: center;\" align=\"CENTER\"><span style=\"text-decoration: underline; color: #ff0000;\"><strong>2019<\/strong><\/span><\/p>\n<ul>\n<li>Conseiller Municipal de <a href=\"https:\/\/vpmedias.fr\/magnebot\/outils\/campagne.php?ville=238\">Rennes<\/a> le 12 Janvier 2019 (avec 37.49% des voix)<br \/>\nParti au moment de l\\\u00e9lection : . Maire \u00e9lu : Valifaty<\/li>\n<li><b>Maire<\/b> de <a href=\"https:\/\/vpmedias.fr\/magnebot\/outils\/campagne.php?ville=50\">Bordeaux<\/a> le 28 Janvier 2019 \u00e9lu avec <b>52.35%<\/b> des voix.<br \/>\nVotre adjoint : Exoduss. Parti lors de l&rsquo;\u00e9lection : .<\/li>\n<\/ul>\n<p>&nbsp;<\/p>\n<p style=\"text-align: center;\" align=\"CENTER\">*** The end ***<\/p>\n","protected":false},"excerpt":{"rendered":"<p>\u00ab\u00a0Rudach le h\u00e9risson va plier bagages et va en rester l\u00e0\u00a0\u00bb : voici le requiem d&rsquo;un h\u00e9risson en d\u00e9tresse&#8230;<\/p>\n","protected":false},"author":223,"featured_media":0,"comment_status":"open","ping_status":"open","sticky":false,"template":"","format":"standard","meta":{"site-container-style":"default","site-container-layout":"default","site-sidebar-layout":"default","disable-article-header":"default","disable-site-header":"default","disable-site-footer":"default","disable-content-area-spacing":"default","footnotes":""},"categories":[302],"tags":[],"class_list":["post-42001","post","type-post","status-publish","format-standard","hentry","category-5-la-tribune-libre"],"_links":{"self":[{"href":"https:\/\/vpmedias.fr\/index.php?rest_route=\/wp\/v2\/posts\/42001","targetHints":{"allow":["GET"]}}],"collection":[{"href":"https:\/\/vpmedias.fr\/index.php?rest_route=\/wp\/v2\/posts"}],"about":[{"href":"https:\/\/vpmedias.fr\/index.php?rest_route=\/wp\/v2\/types\/post"}],"author":[{"embeddable":true,"href":"https:\/\/vpmedias.fr\/index.php?rest_route=\/wp\/v2\/users\/223"}],"replies":[{"embeddable":true,"href":"https:\/\/vpmedias.fr\/index.php?rest_route=%2Fwp%2Fv2%2Fcomments&post=42001"}],"version-history":[{"count":4,"href":"https:\/\/vpmedias.fr\/index.php?rest_route=\/wp\/v2\/posts\/42001\/revisions"}],"predecessor-version":[{"id":42007,"href":"https:\/\/vpmedias.fr\/index.php?rest_route=\/wp\/v2\/posts\/42001\/revisions\/42007"}],"wp:attachment":[{"href":"https:\/\/vpmedias.fr\/index.php?rest_route=%2Fwp%2Fv2%2Fmedia&parent=42001"}],"wp:term":[{"taxonomy":"category","embeddable":true,"href":"https:\/\/vpmedias.fr\/index.php?rest_route=%2Fwp%2Fv2%2Fcategories&post=42001"},{"taxonomy":"post_tag","embeddable":true,"href":"https:\/\/vpmedias.fr\/index.php?rest_route=%2Fwp%2Fv2%2Ftags&post=42001"}],"curies":[{"name":"wp","href":"https:\/\/api.w.org\/{rel}","templated":true}]}}