{"id":42862,"date":"2019-04-12T13:00:31","date_gmt":"2019-04-12T11:00:31","guid":{"rendered":"https:\/\/vpmedias.fr\/?p=42862"},"modified":"2019-05-07T23:37:33","modified_gmt":"2019-05-07T21:37:33","slug":"devinez-qui-je-suis-2-0-10","status":"publish","type":"post","link":"https:\/\/vpmedias.fr\/?p=42862","title":{"rendered":"Devinez qui je suis 2.0 #10"},"content":{"rendered":"<p style=\"text-align: justify;\">Coucou,<\/p>\n<p style=\"text-align: justify;\">On se retrouve cette semaine pour un nouveau num\u00e9ro, le train-train quotidien est en place. C&rsquo;est le 10\u00e8me rendez-vous, on prend nos marques maintenant. Je remercie tous les joueurs de jouer ou d&rsquo;avoir accept\u00e9 d&rsquo;\u00eatre l&rsquo;invit\u00e9 myst\u00e8re.<\/p>\n<p style=\"text-align: justify;\"><img loading=\"lazy\" decoding=\"async\" class=\"aligncenter size-medium wp-image-41981\" src=\"https:\/\/vpmedias.fr\/wp-content\/uploads\/2019\/02\/belle-300x300.jpg\" alt=\"\" width=\"300\" height=\"300\" srcset=\"https:\/\/vpmedias.fr\/wp-content\/uploads\/2019\/02\/belle-300x300.jpg 300w, https:\/\/vpmedias.fr\/wp-content\/uploads\/2019\/02\/belle-150x150.jpg 150w, https:\/\/vpmedias.fr\/wp-content\/uploads\/2019\/02\/belle-144x144.jpg 144w, https:\/\/vpmedias.fr\/wp-content\/uploads\/2019\/02\/belle.jpg 500w\" sizes=\"auto, (max-width: 300px) 100vw, 300px\" \/><\/p>\n<p style=\"text-align: justify;\">Pour retrouver le dernier num\u00e9ro avec l&rsquo;invit\u00e9 myst\u00e8re \u00e0 trouver, voici le lien : <a href=\"https:\/\/vpmedias.fr\/?p=42856\">Devinez qui je suis #09<\/a><\/p>\n<p style=\"text-align: justify;\">En tout cas, je vous remercie d&rsquo;avoir vot\u00e9 au sondage. Cependant, vous avez h\u00e9sit\u00e9 entre 2 joueurs. Apr\u00e8s, je vous avoue que je pensais que cela allait \u00eatre simple.<del><\/del><\/p>\n<p style=\"text-align: justify;\">Mais bon sans plus tarder, il s&rsquo;agissait de &#8230;&#8230;<\/p>\n<p><img decoding=\"async\" src=\"https:\/\/votezpourmoi.com\/photos\/1398679.jpg\" alt=\"https:\/\/votezpourmoi.com\/photos\/1398679.jpg\" \/><\/p>\n<p style=\"text-align: justify;\"><span style=\"color: #0000ff; font-size: 18pt;\"><strong>Clementleretour<br \/>\n<\/strong><\/span><\/p>\n<p>Notre mod\u00e9rateur est pass\u00e9 sous la casserole. Il m&rsquo;a avou\u00e9 que concernant la personnalit\u00e9 politique pr\u00e9f\u00e9r\u00e9e, il a mis son deuxi\u00e8me choix afin de ne pas se faire d\u00e9masquer aussi rapidement. Cependant, son peintre pr\u00e9f\u00e9r\u00e9 Renoir nous rappelle son multi Augustrenoir par exemple&#8230;<\/p>\n<p style=\"text-align: justify;\">Place \u00e0 l&rsquo;invit\u00e9 myst\u00e8re de cette semaine.<\/p>\n<p style=\"text-align: justify;\"><img loading=\"lazy\" decoding=\"async\" class=\"irc_mi aligncenter\" src=\"http:\/\/idata.over-blog.com\/4\/76\/05\/50\/Gifs-Barres-3\/2d15b4ab.gif\" alt=\"R\u00e9sultat de recherche d'images pour &quot;s\u00e9parateur de texte anim\u00e9&quot;\" width=\"481\" height=\"122\" \/><\/p>\n<div id=\"post-41976\" class=\"post-alt blog\">\n<div class=\"entry\">\n<p style=\"text-align: justify;\"><strong>1 \u2013 Le principal trait de mon caract\u00e8re.\u00a0<\/strong><strong><br \/>\n<\/strong><\/p>\n<p style=\"text-align: justify;\"><span style=\"color: #800080;\">\u00a0\u00a0\u00a0\u00a0\u00a0 <em>Merdique<br \/>\n<\/em><\/span><\/p>\n<p style=\"text-align: justify;\"><strong>2 \u2013 La qualit\u00e9 que je pr\u00e9f\u00e8re chez un homme.\u00a0<\/strong><strong><br \/>\n<\/strong><\/p>\n<p style=\"text-align: justify;\"><em>\u00a0 \u00a0 <span style=\"color: #800080;\">\u00a0\u00a0 Qu&rsquo;il ne soit pas Krusty.<\/span><br \/>\n<\/em><\/p>\n<p style=\"text-align: justify;\"><strong>3 \u2013 La qualit\u00e9 que je pr\u00e9f\u00e8re chez une femme.\u00a0<\/strong><\/p>\n<p style=\"text-align: justify;\"><span style=\"color: #800080;\"><em>\u00a0\u00a0 \u00a0\u00a0\u00a0 Ses griffes ( Zalou graouuuuuuu).<br \/>\n<\/em><\/span><\/p>\n<p style=\"text-align: justify;\"><strong>4 \u2013 Mon principal d\u00e9faut.\u00a0<\/strong><\/p>\n<p style=\"text-align: justify;\"><em><span style=\"color: #800080;\">\u00a0\u00a0\u00a0\u00a0\u00a0\u00a0 Mon impatience<\/span><br \/>\n<\/em><\/p>\n<p style=\"text-align: justify;\"><strong>5 \u2013 Mon occupation pr\u00e9f\u00e9r\u00e9e IRL et sur VPM.\u00a0<\/strong><\/p>\n<p style=\"text-align: justify;\"><span style=\"color: #800080;\">\u00a0 \u00a0\u00a0\u00a0\u00a0 <\/span><span style=\"color: #800080;\"><em>IRL : Picoler ! | VPM : Picoler du p\u00e9trus !<br \/>\n<\/em><\/span><\/p>\n<p style=\"text-align: justify;\"><strong>6 \u2013 Mon r\u00eave de bonheur IRL et VPM.<\/strong><\/p>\n<p style=\"text-align: justify;\"><strong>\u00a0\u00a0\u00a0\u00a0<\/strong><em><span style=\"color: #800080;\">\u00a0 <\/span><\/em><em><span style=\"color: #800080;\">IRL :\u00a0 {{1}} [[1]]Une partouze avec des siamoises.[[1]]| VPM : Devenir ministre de la cave \u00e0 p\u00e9trus.<br \/>\n<\/span><\/em><\/p>\n<p style=\"text-align: justify;\"><strong>7 \u2013 Quel serait mon plus grand malheur sur VPM ?\u00a0<\/strong><\/p>\n<p style=\"text-align: justify;\"><span style=\"color: #800080;\">\u00a0 \u00a0 \u00a0 \u00a0 <\/span><em><span style=\"color: #800080;\">Qu&rsquo;il n&rsquo;y ait plus de p\u00e9trus.<\/span><br \/>\n<\/em><\/p>\n<p style=\"text-align: justify;\"><strong>8 \u2013 Ce que je voudrais \u00eatre IRL et VPM.\u00a0<\/strong><\/p>\n<p style=\"text-align: justify;\"><span style=\"color: #800080;\"><em>\u00a0\u00a0\u00a0\u00a0\u00a0\u00a0\u00a0 IRL : Ca ne vous occupe pas ! | VPM : Non plus !<br \/>\n<\/em><\/span><\/p>\n<p style=\"text-align: justify;\"><strong>9 \u2013 Le pays o\u00f9 je d\u00e9sirerais vivre.\u00a0<\/strong><\/p>\n<p style=\"text-align: justify;\"><em>\u00a0\u00a0\u00a0\u00a0\u00a0 <span style=\"color: #800080;\">Canada ou Japon<\/span><br \/>\n<\/em><\/p>\n<p style=\"text-align: justify;\"><strong>10 \u2013 La couleur que je pr\u00e9f\u00e8re.\u00a0<\/strong><\/p>\n<p style=\"text-align: justify;\"><span style=\"color: #800080;\"><em>\u00a0\u00a0\u00a0\u00a0\u00a0\u00a0 Bleu<br \/>\n<\/em><\/span><\/p>\n<p style=\"text-align: justify;\"><strong>11 \u2013 La fleur que j\u2019aime.\u00a0<\/strong><\/p>\n<p style=\"text-align: justify;\"><em><span style=\"color: #800080;\">\u00a0\u00a0\u00a0\u00a0\u00a0\u00a0\u00a0 Je n&rsquo;aime pas les fleurs.<\/span><br \/>\n<\/em><\/p>\n<p style=\"text-align: justify;\"><strong>12 \u2013 L\u2019oiseau que je pr\u00e9f\u00e8re.\u00a0<\/strong><\/p>\n<p style=\"text-align: justify;\"><em><span style=\"color: #800080;\">\u00a0\u00a0\u00a0\u00a0\u00a0\u00a0 Celui dans mon assiette.<\/span><br \/>\n<\/em><\/p>\n<p style=\"text-align: justify;\"><strong>13 \u2013 Mes auteurs favoris en prose ainsi que mes livres pr\u00e9f\u00e9r\u00e9s.\u00a0<\/strong><\/p>\n<p style=\"text-align: justify;\"><span style=\"color: #800080;\">\u00a0\u00a0 J.K.R<\/span><span style=\"color: #800080;\"><br \/>\n<\/span><\/p>\n<p style=\"text-align: justify;\"><strong>14 \u2013 Mes h\u00e9ros\/ h\u00e9ro\u00efnes dans la fiction.\u00a0<\/strong><\/p>\n<p style=\"text-align: justify;\"><span style=\"color: #800080;\">\u00a0\u00a0\u00a0\u00a0\u00a0\u00a0 <\/span><em><span style=\"color: #800080;\">Jon Snow<\/span><br \/>\n<\/em><\/p>\n<p style=\"text-align: justify;\"><strong>15 \u2013 Mes compositeurs pr\u00e9f\u00e9r\u00e9s.\u00a0<\/strong><\/p>\n<p style=\"text-align: justify;\"><span style=\"color: #800080;\">\u00a0\u00a0\u00a0\u00a0\u00a0\u00a0\u00a0 <\/span><em><span style=\"color: #800080;\">Je n&rsquo;ai pas de nom en t\u00eate.<\/span><br \/>\n<\/em><\/p>\n<p style=\"text-align: justify;\"><strong>16 \u2013 Mes peintres favoris.\u00a0<\/strong><\/p>\n<p style=\"text-align: justify;\"><span style=\"color: #800080;\">\u00a0\u00a0\u00a0\u00a0\u00a0\u00a0\u00a0\u00a0 <\/span><em><span style=\"color: #800080;\">Je m&rsquo;en fous de la peinture.<\/span><br \/>\n<\/em><\/p>\n<p style=\"text-align: justify;\"><strong> 17 \u2013 Mes h\u00e9ros dans la vie r\u00e9elle et sur VPM.\u00a0<\/strong><\/p>\n<p style=\"text-align: justify;\"><span style=\"color: #800080;\"><em>\u00a0\u00a0 IRL : Je n&rsquo;en ai pas | VPM : Ragnarr<br \/>\n<\/em><\/span><\/p>\n<p style=\"text-align: justify;\"><strong>18 \u2013 Ce que je d\u00e9teste par-dessus tout.\u00a0<\/strong><\/p>\n<p style=\"text-align: justify;\"><span style=\"color: #800080;\"><em>\u00a0\u00a0\u00a0\u00a0\u00a0\u00a0 Les rebelles.<br \/>\n<\/em><\/span><\/p>\n<p style=\"text-align: justify;\"><strong> 19 \u2013 Personnages historiques que je m\u00e9prise le plus.\u00a0<\/strong><\/p>\n<p style=\"text-align: justify;\"><em><span style=\"color: #800080;\">\u00a0\u00a0\u00a0 {{2}} [[2]]Jean Kul 1er du nom.[[2]]<\/span><br \/>\n<\/em><\/p>\n<p style=\"text-align: justify;\"><strong>20 \u2013 Le fait \u00ab\u00a0militaire\u00a0\u00bb , campagnard ou pr\u00e9sidentiel que j\u2019admire le plus sur VPM.\u00a0<\/strong><\/p>\n<p style=\"text-align: justify;\"><em>\u00a0 \u00a0 \u00a0<span style=\"color: #800080;\"> J&rsquo;ai du respect pour le nombre de victoires de Talisman \u00e0 Paris.<\/span><br \/>\n<\/em><\/p>\n<p style=\"text-align: justify;\"><strong>21 \u2013 La r\u00e9forme que j\u2019estime le plus sur VPM.<\/strong><\/p>\n<p style=\"text-align: justify;\"><em><span style=\"color: #800080;\">\u00a0\u00a0\u00a0\u00a0\u00a0\u00a0 Plein de choses.<\/span><br \/>\n<\/em><\/p>\n<p style=\"text-align: justify;\"><strong>22 \u2013 Comment j\u2019aimerais mourir. <\/strong><\/p>\n<p style=\"text-align: justify;\"><span style=\"color: #800080;\"><em>\u00a0\u00a0\u00a0\u00a0 Au calme dans mon plumard.<\/em><em><br \/>\n<\/em><\/span><\/p>\n<p style=\"text-align: justify;\"><strong> 23 \u2013 \u00c9tat pr\u00e9sent de mon esprit.\u00a0<\/strong><\/p>\n<p style=\"text-align: justify;\"><span style=\"color: #800080;\">\u00a0\u00a0\u00a0\u00a0\u00a0\u00a0\u00a0 <\/span><em><span style=\"color: #800080;\"> Prout.<\/span><br \/>\n<\/em><\/p>\n<p style=\"text-align: justify;\"><strong> 24 \u2013 Fautes qui m\u2019inspirent le plus d\u2019indulgence IRL et VPM.<\/strong><\/p>\n<p style=\"text-align: justify;\"><em> \u00a0 <span style=\"color: #800080;\">\u00a0 \u00a0 \u00a0 IRL et VPM : Mon caract\u00e8re de merde.<\/span><br \/>\n<\/em><\/p>\n<p style=\"text-align: justify;\"><strong>25 \u2013 Ma devise.\u00a0<\/strong><\/p>\n<p style=\"text-align: justify;\"><span style=\"color: #800080;\"><em>\u00a0\u00a0\u00a0\u00a0 Qui s&rsquo;y frotte s&rsquo;y pique !<br \/>\n<\/em><\/span><\/p>\n<\/div>\n<p><strong>26 &#8211; <span style=\"color: #993300;\">[Question de l&rsquo;invit\u00e9 myst\u00e8re de la semaine derni\u00e8re]<\/span> : Le premier truc que je fais d\u00e8s que je me r\u00e9veille (autre que se lever)<br \/>\n<\/strong><\/p>\n<p><em><span style=\"color: #800080;\">\u00a0\u00a0\u00a0\u00a0\u00a0 \u00a0\u00a0 Caf\u00e9 Clope Caca les 3C, c&rsquo;est la vie<br \/>\n<\/span><\/em><\/p>\n<\/div>\n<div id=\"post-41976\" class=\"post-alt blog\">\n<div class=\"entry\">\n<p><img loading=\"lazy\" decoding=\"async\" class=\"irc_mi aligncenter\" src=\"http:\/\/idata.over-blog.com\/4\/76\/05\/50\/Gifs-Barres-3\/2d15b4ab.gif\" alt=\"R\u00e9sultat de recherche d'images pour &quot;s\u00e9parateur de texte anim\u00e9&quot;\" width=\"481\" height=\"122\" \/><\/p>\n<p style=\"text-align: justify;\">A vous de jouer mes Sherlock Holmes, trouvez le propri\u00e9taire de cette \u00ab\u00a0interview\u00a0\u00bb en votant. Si vous avez un souci avec le sondage, merci de me le signaler sur le Discord ou en commentaire. Vous pouvez aussi voter via les commentaires si le sondage bug.<\/p>\n<p>[poll id=\u00a0\u00bb82&Prime;]<\/p>\n<p>&nbsp;<\/p>\n<p>&nbsp;<\/p>\n<p style=\"text-align: justify;\">Sur ce, \u00e0 la semaine prochaine. Cette semaine, nous avons retrouv\u00e9 Val\u00e9rie dans la mod\u00e9ration.<\/p>\n<p><img loading=\"lazy\" decoding=\"async\" class=\"irc_mi aligncenter\" src=\"http:\/\/images6.fanpop.com\/image\/photos\/39900000\/Frozen-Tumblr-frozen-39931866-245-160.gif\" alt=\"Image associ\u00e9e\" width=\"245\" height=\"160\" data-iml=\"1554969557481\" \/><\/p>\n<p>&nbsp;<\/p>\n<p>&nbsp;<\/p>\n<\/div>\n<div id=\"bio\" class=\"entry\"><\/div>\n<\/div>\n","protected":false},"excerpt":{"rendered":"<p>Le dixi\u00e8me rendez-vous hebdomadaire de Devinez qui je suis 2.0 appara\u00eet. Le concept est simple, un joueur de VPM anonyme r\u00e9pond au questionnaire, c&rsquo;est \u00e0 vous de d\u00e9couvrir son identit\u00e9. <\/p>\n","protected":false},"author":226,"featured_media":41981,"comment_status":"open","ping_status":"open","sticky":false,"template":"","format":"standard","meta":{"site-container-style":"default","site-container-layout":"default","site-sidebar-layout":"default","disable-article-header":"default","disable-site-header":"default","disable-site-footer":"default","disable-content-area-spacing":"default","footnotes":""},"categories":[312,4],"tags":[555,649],"class_list":["post-42862","post","type-post","status-publish","format-standard","has-post-thumbnail","hentry","category-g-a-la-une","category-2-vpmc","tag-devinez-qui-je-suis","tag-interview-agreable"],"_links":{"self":[{"href":"https:\/\/vpmedias.fr\/index.php?rest_route=\/wp\/v2\/posts\/42862","targetHints":{"allow":["GET"]}}],"collection":[{"href":"https:\/\/vpmedias.fr\/index.php?rest_route=\/wp\/v2\/posts"}],"about":[{"href":"https:\/\/vpmedias.fr\/index.php?rest_route=\/wp\/v2\/types\/post"}],"author":[{"embeddable":true,"href":"https:\/\/vpmedias.fr\/index.php?rest_route=\/wp\/v2\/users\/226"}],"replies":[{"embeddable":true,"href":"https:\/\/vpmedias.fr\/index.php?rest_route=%2Fwp%2Fv2%2Fcomments&post=42862"}],"version-history":[{"count":3,"href":"https:\/\/vpmedias.fr\/index.php?rest_route=\/wp\/v2\/posts\/42862\/revisions"}],"predecessor-version":[{"id":42870,"href":"https:\/\/vpmedias.fr\/index.php?rest_route=\/wp\/v2\/posts\/42862\/revisions\/42870"}],"wp:featuredmedia":[{"embeddable":true,"href":"https:\/\/vpmedias.fr\/index.php?rest_route=\/wp\/v2\/media\/41981"}],"wp:attachment":[{"href":"https:\/\/vpmedias.fr\/index.php?rest_route=%2Fwp%2Fv2%2Fmedia&parent=42862"}],"wp:term":[{"taxonomy":"category","embeddable":true,"href":"https:\/\/vpmedias.fr\/index.php?rest_route=%2Fwp%2Fv2%2Fcategories&post=42862"},{"taxonomy":"post_tag","embeddable":true,"href":"https:\/\/vpmedias.fr\/index.php?rest_route=%2Fwp%2Fv2%2Ftags&post=42862"}],"curies":[{"name":"wp","href":"https:\/\/api.w.org\/{rel}","templated":true}]}}