{"id":43282,"date":"2019-08-08T17:00:28","date_gmt":"2019-08-08T15:00:28","guid":{"rendered":"https:\/\/vpmedias.fr\/?p=43282"},"modified":"2020-03-01T15:16:43","modified_gmt":"2020-03-01T14:16:43","slug":"to-win-or-toulouse-episode-1-debut-de-course","status":"publish","type":"post","link":"https:\/\/vpmedias.fr\/?p=43282","title":{"rendered":"To win or Toulouse, \u00e9pisode 1 : d\u00e9but de course."},"content":{"rendered":"<p style=\"text-align: justify\"><strong>2 janvier 2020, 15h30.\u00a0<\/strong>Un homme entre dans la mairie de Toulouse. Son visage semble familier aux habitu\u00e9s de VPMinfo qui le voient passer : est-ce un politique, un \u00e9ditorialiste, un \u00e9conomiste ? L&rsquo;homme ressort, avec la m\u00eame mine grave que quand il est entr\u00e9. Malgr\u00e9 son grand manteau noir, il frissonne : il fait exceptionnellement froid aujourd&rsquo;hui, et de la neige commence \u00e0 tomber. Il aper\u00e7oit une voiture de VPM\u00e9dias Toulouse, dont sort un journaliste en le voyant arriver. Les nouvelles vont vite, se dit-il, pendant qu&rsquo;on lui demande une photo. Apr\u00e8s tout, il faut bien commencer quelque part en politique, ici presque tout le monde lit VPM\u00e9dias. Demain, il sera pr\u00e9sent\u00e9 comme un des outsiders dans la course \u00e0 la mairie, mais il compte bien devenir plus que \u00e7a. Comment s&rsquo;appelle-t-il ? Son nom a peu d&rsquo;importance, on va l&rsquo;appeler Thomas. Thomas Careiron, pour le jeu de mots. En plus, il y a bien eu un Poincar\u00e9 pr\u00e9sident, alors un Careiron maire de Toulouse, \u00e7a sonnerait bien. Maintenant, il n&rsquo;a plus qu&rsquo;\u00e0 rentrer chez lui : il n&rsquo;a pas grand chose \u00e0 faire pour l&rsquo;instant, la campagne n&rsquo;est pas encore engag\u00e9e, le d\u00e9p\u00f4t de liste du LabolitiK date d&rsquo;hier, celui du Harem de Zalou devrait arriver dans la semaine. Thomas se dirige vers l&rsquo;arr\u00eat de tramway le plus proche.<\/p>\n<p style=\"text-align: justify\">Il arrive chez lui, dans son petit lotissement o\u00f9 les maisons sont toutes les m\u00eames, avec leur petit jardin, leur fa\u00e7ade et leur cl\u00f4ture blanches. Il \u00e9vite soigneusement son voisin qui d\u00e9neige son all\u00e9e, pas envie de parler avec cet imb\u00e9cile qui vote Bobmorane \u00e0 chaque \u00e9lection, persuad\u00e9 qu&rsquo;il est la solution pour sauver la VPMie de tout chacal. Personne n&rsquo;a jamais compris cette histoire de chacals d&rsquo;ailleurs. Bref, Thomas ouvre sa porte, pose son manteau, et s&rsquo;assoit lourdement sur le canap\u00e9. Tiens, je vais regarder les infos, se dit-il en empoignant sa t\u00e9l\u00e9commande. Il met la seule cha\u00eene d&rsquo;infos du pays, VPMinfo. Une des deux seules cha\u00eenes de VPMie d&rsquo;ailleurs, avec VPMloisirs. Un reportage sur les gens qui ont froid en hiver, passionnant. Il \u00e9coute distraitement un interview\u00e9 raconter ses probl\u00e8mes existentiels.<\/p>\n<p style=\"text-align: justify\">\u00ab\u00a0&#8230; j&rsquo;ai les bronches fragiles, vous savez, et le froid, \u00e7a me fait mal aux bronches, et le gouvernement ne fait rien, pourtant avec le progr\u00e8s scientifique ils devraient pouvoir annuler l&rsquo;hiver, ils ont bien r\u00e9chauff\u00e9 Paris de 20 degr\u00e9s le 24 d\u00e9cembre pour pouvoir faire une soir\u00e9e piscine, c&rsquo;est hont &#8230;\u00a0\u00bb<\/p>\n<p style=\"text-align: justify\">L&rsquo;image change tout \u00e0 coup, montrant le palais de l&rsquo;Elys\u00e9e en flammes :<\/p>\n<p style=\"text-align: justify\">\u00ab\u00a0Flash info sp\u00e9cial : Gameknight, le ministre de l&rsquo;int\u00e9rieur, et Girard, le ministre de l&rsquo;ext\u00e9rieur, viennent de faire exploser pour la 7e fois de la semaine l&rsquo;aile ouest de l&rsquo;Elys\u00e9e. Chatheroc, porte-parole du gouvernement, d\u00e9clare que l&rsquo;explosion est &lsquo;un accident au cours de recherches&rsquo;. Selon nos sources, celles-ci porteraient sur la cr\u00e9ation d&rsquo;une capote g\u00e9ante \u00e0 mettre sur la tour de Bretagne, une proposition de campagne du LabolitiK lors de la campagne pr\u00e9sidentielle. Un retour dans le temps devrait \u00eatre enclench\u00e9 d&rsquo;ici une ou deux minutes\u00a0\u00bb<\/p>\n<p style=\"text-align: justify\">Encore un retour dans le temps, se dit Thomas en soupirant. Heureusement, c&rsquo;est arriv\u00e9 apr\u00e8s mon d\u00e9p\u00f4t de candidature. \u00c7a pourrait faire un bon axe de campagne contre le Labo ceci dit. Un flash blanc passa devant les yeux de Thomas, et il se retrouva \u00e0 nouveau devant sa porte. Il la rouvrit en maugr\u00e9ant, accrocha \u00e0 nouveau son manteau, et se r\u00e9installa sur son canap\u00e9. La soir\u00e9e se termina sans autre \u00e9v\u00e9nement, mais Thomas se coucha l&rsquo;esprit encombr\u00e9 par ses id\u00e9es pour mener \u00e0 bien la campagne \u00e0 venir.<\/p>\n<p style=\"text-align: justify\"><strong>3 janvier 2020, 10h.<\/strong> Thomas se leva d&rsquo;un mauvais pied. Il \u00e9tait tard, trop tard, un vrai politique se l\u00e8ve t\u00f4t ! Il appela aussit\u00f4t Fysk, son conseiller, tout en avalant son petit-d\u00e9jeuner en vitesse. Quand Fysk arriva, il \u00e9tait presque 11h. Pendant qu&rsquo;il se r\u00e9pandait en excuses pour son retard, Thomas le d\u00e9tailla. Il \u00e9tait visiblement essouffl\u00e9, il devait avoir couru, et sa chemise blanche \u00e9tait pleine de sueur. C&rsquo;\u00e9tait toujours un spectacle amusant de voir ce petit homme un peu enrob\u00e9 tout rouge et suant \u00e0 grosses gouttes, avec un pantalon trop grand et une chemise trop petite, quand ce n&rsquo;\u00e9tait pas l&rsquo;inverse. Il n&rsquo;\u00e9tait pas bien malin, mais bon, les Schizos du Fisc \u00e9taient un petit parti, c&rsquo;\u00e9tait le conseiller le plus comp\u00e9tent qu&rsquo;il avait.<\/p>\n<p style=\"text-align: justify\">\u00ab\u00a0Alors, Fysk, on se met au travail ? Tu as amen\u00e9 les dossiers des principaux candidats ?<\/p>\n<p style=\"text-align: justify\">&#8211;\u00a0 Oui, j&rsquo;ai celui de Ltn, le candidat du Labo, celui de Loloma, du Parti Orgasmique, et j&rsquo;ai amen\u00e9 aussi celui de Zalou, c&rsquo;est probablement elle qui va se repr\u00e9senter pour le Harem. J&rsquo;ai pris aussi des trucs sur les petits candidats, Bellazelda, du Parti Loyal de l&rsquo;Ouest qui s&rsquo;est inscrite ce matin, des infos sur le Front Populaire Commun dont on connait pas encore le candidat, quelques trucs sur le FLEAU et l&rsquo;Alliance Partisane aussi, au cas o\u00f9.<\/p>\n<p style=\"text-align: justify\">-Parfait, t&rsquo;as quoi sur Zalou ?<\/p>\n<p style=\"text-align: justify\">&#8211; Maire depuis 12 ans, elle repr\u00e9sente le Harem, 3e parti de VPMie, premier parti du Sud. Pr\u00f4ne la sexualit\u00e9 d\u00e9brid\u00e9e, l&rsquo;affirmation culturelle, la reconnaissance de l&rsquo;occitan, la tol\u00e9rance envers le mot chocolatine. Un peu comme nous en somme.<\/p>\n<p style=\"text-align: justify\">&#8211; Nous allons beaucoup plus loin, nous proposons l&rsquo;ind\u00e9pendance nous, et la peine de mort pour les pain-au-chocolatistes ! Pas ces petites mesurettes. Et elle oublie totalement la sieste, point fondamental de notre programme ! C&rsquo;est sur \u00e7a qu&rsquo;il faut l&rsquo;affronter, je suis s\u00fbr qu&rsquo;on peut se montrer plus convaincant qu&rsquo;elle. Les deux autres ?<\/p>\n<p style=\"text-align: justify\">&#8211; Loloma manque d&rsquo;exp\u00e9rience, mais il est efficace, et le PO est bien install\u00e9 dans la ville. L&rsquo;antipode de notre programme, par contre, m\u00eame si il s&rsquo;efforce de se d\u00e9tacher du programme national de son parti, qui inclut l&rsquo;interdiction de la chocolatine, ce qui n&rsquo;est pas tr\u00e8s appr\u00e9ci\u00e9 ici. Il propose aussi la lutte contre la corruption par la corruption des corrupteurs, plut\u00f4t une bonne id\u00e9e, on pourrait la reprendre. Ltn, c&rsquo;est un vieux loubard, il s&rsquo;y connait en politique. Son programme, c&rsquo;est la science avant tout, et la discipline, il pr\u00f4ne une dictature semi-d\u00e9mocratique, qui diverge de la ligne principale du Labo, qui essaie d&rsquo;installer un totalitarisme enti\u00e8rement d\u00e9mocratique. Avec les r\u00e9centes erreurs du Labo, notamment le massacre \u00e0 la petite cuill\u00e8re \u00e9lectronique de manifestants contre le port obligatoire de la blouse, le parti est pas tr\u00e8s appr\u00e9ci\u00e9, mais ils ont les moyens et ils comptent bien se placer au moins en deuxi\u00e8me position.<\/p>\n<p style=\"text-align: justify\">-Bon, d&rsquo;accord, tu me creuses sur Loloma, je veux tout sur son pass\u00e9, il doit bien avoir des trucs \u00e0 se reprocher. Je vais r\u00e9fl\u00e9chir \u00e0 adapter notre programme pour capter \u00e0 la fois les \u00e9lecteurs de Zalou et ceux de Ltn, \u00e7a doit pouvoir se faire. On bossera sur les petits partis plus tard, faut attendre apr\u00e8s-demain la fin des candidatures.\u00a0\u00bb<\/p>\n<p style=\"text-align: justify\">Ils travaill\u00e8rent jusqu&rsquo;\u00e0 la fin de l&rsquo;apr\u00e8s-midi, ne s&rsquo;interrompant que pour d\u00e9jeuner. Vers 18h, Fysk poussa un cri.<\/p>\n<p style=\"text-align: justify\">\u00ab\u00a0J&rsquo;ai trouv\u00e9 ! J&rsquo;ai trouv\u00e9 ! En 2013, Loloma a pris 6 mois de prison pour interruption de sieste massive, il a r\u00e9veill\u00e9 17 personnes \u00e0 Marseille ! Si on r\u00e9v\u00e8le \u00e7a, \u00e7a va lui faire mal.\u00a0\u00bb<\/p>\n<p style=\"text-align: justify\">Thomas sourit. Sa campagne commen\u00e7ait bien.<\/p>\n<p style=\"text-align: justify\"><strong>4 janvier 2020, 11h30.<\/strong> Thomas et Fysk avaient repris leur travail, s&rsquo;attelant \u00e0 \u00e9laborer des positions solides pour leur programme sur des th\u00e8mes phares comme les relations avec la Belgique, l&rsquo;utilisation de la science dans un objectif utile, et l&rsquo;immigration qu\u00e9b\u00e9coise de masse, quand ils entendirent sonner \u00e0 la porte.<\/p>\n<p style=\"text-align: justify\">Qui \u00e7a pouvait bien \u00eatre, \u00e0 cette heure ? Thomas n&rsquo;en savait fichtre rien, le facteur peut-\u00eatre. Il alla vers la porte, et l&rsquo;ouvrit. Sa bouche marqua la surprise.\u00a0 Il mit un certain temps \u00e0 reconna\u00eetre la femme qui se tenait devant lui, mais quand il le fit, on put voir de la peur passer sur son visage. Ce n&rsquo;\u00e9tait pas le facteur. Devant lui se tenait Val\u00e9rie.<\/p>\n","protected":false},"excerpt":{"rendered":"<p>Comment s&rsquo;appelle-t-il ? Son nom a peu d&rsquo;importance, on va l&rsquo;appeler Thomas. Thomas Careiron, pour le jeu de mots. En plus, il y a bien eu un Poincar\u00e9 pr\u00e9sident, alors un Careiron maire de Toulouse, \u00e7a sonnerait bien.<\/p>\n","protected":false},"author":219,"featured_media":43291,"comment_status":"open","ping_status":"open","sticky":false,"template":"","format":"standard","meta":{"site-container-style":"default","site-container-layout":"default","site-sidebar-layout":"default","disable-article-header":"default","disable-site-header":"default","disable-site-footer":"default","disable-content-area-spacing":"default","footnotes":""},"categories":[302],"tags":[45,811,321,792,43,654,197],"class_list":["post-43282","post","type-post","status-publish","format-standard","has-post-thumbnail","hentry","category-5-la-tribune-libre","tag-campagne","tag-chaussette","tag-communaute","tag-feuilleton","tag-fiction","tag-politique","tag-toulouse"],"_links":{"self":[{"href":"https:\/\/vpmedias.fr\/index.php?rest_route=\/wp\/v2\/posts\/43282","targetHints":{"allow":["GET"]}}],"collection":[{"href":"https:\/\/vpmedias.fr\/index.php?rest_route=\/wp\/v2\/posts"}],"about":[{"href":"https:\/\/vpmedias.fr\/index.php?rest_route=\/wp\/v2\/types\/post"}],"author":[{"embeddable":true,"href":"https:\/\/vpmedias.fr\/index.php?rest_route=\/wp\/v2\/users\/219"}],"replies":[{"embeddable":true,"href":"https:\/\/vpmedias.fr\/index.php?rest_route=%2Fwp%2Fv2%2Fcomments&post=43282"}],"version-history":[{"count":6,"href":"https:\/\/vpmedias.fr\/index.php?rest_route=\/wp\/v2\/posts\/43282\/revisions"}],"predecessor-version":[{"id":43292,"href":"https:\/\/vpmedias.fr\/index.php?rest_route=\/wp\/v2\/posts\/43282\/revisions\/43292"}],"wp:featuredmedia":[{"embeddable":true,"href":"https:\/\/vpmedias.fr\/index.php?rest_route=\/wp\/v2\/media\/43291"}],"wp:attachment":[{"href":"https:\/\/vpmedias.fr\/index.php?rest_route=%2Fwp%2Fv2%2Fmedia&parent=43282"}],"wp:term":[{"taxonomy":"category","embeddable":true,"href":"https:\/\/vpmedias.fr\/index.php?rest_route=%2Fwp%2Fv2%2Fcategories&post=43282"},{"taxonomy":"post_tag","embeddable":true,"href":"https:\/\/vpmedias.fr\/index.php?rest_route=%2Fwp%2Fv2%2Ftags&post=43282"}],"curies":[{"name":"wp","href":"https:\/\/api.w.org\/{rel}","templated":true}]}}