{"id":43311,"date":"2019-09-18T20:19:38","date_gmt":"2019-09-18T18:19:38","guid":{"rendered":"https:\/\/vpmedias.fr\/?p=43311"},"modified":"2019-09-18T20:21:00","modified_gmt":"2019-09-18T18:21:00","slug":"od-ca-va-etre-dur-de-massurer-le-soutien-integral-de-mes-deux-partis","status":"publish","type":"post","link":"https:\/\/vpmedias.fr\/?p=43311","title":{"rendered":"OD : \u00ab\u00a0\u00c7a va \u00eatre dur de m&rsquo;assurer le soutien int\u00e9gral de mes deux partis\u00a0\u00bb"},"content":{"rendered":"<p style=\"text-align: justify\"><span style=\"color: #000000;font-family: georgia, palatino, serif\"><strong>Monsieur O.D.<\/strong>, candidat d\u00e9clar\u00e9 \u00e0 la pr\u00e9sidentielle, nous a sollicit\u00e9s pour une nouvelle interview. Il nous parle de son retour et de ses projets. Vous pouvez retrouver <strong><span style=\"text-decoration: underline\"><a href=\"https:\/\/vpmedias.fr\/?p=41751\" target=\"_blank\" rel=\"noopener\">ici<\/a><\/span><\/strong> l&rsquo;interview datant de janvier o\u00f9 il expliquait son d\u00e9part et se d\u00e9voilait au public.<\/span><\/p>\n<blockquote>\n<p style=\"text-align: justify\"><span style=\"font-family: georgia, palatino, serif\"><em><span style=\"color: #000000\">L&rsquo;interview a \u00e9t\u00e9 r\u00e9alis\u00e9e sur plusieurs jours, avant le lancement officiel de la pr\u00e9sidentielle.<\/span><\/em><\/span><\/p>\n<\/blockquote>\n<hr \/>\n<p style=\"text-align: justify\"><span style=\"color: #000000;font-family: georgia, palatino, serif\"><strong>Fysk :<\/strong> Bonjour OD, comment rallez-vous ? Rebienvenue \u00e0 Vpm\u00e9dias !<\/span><\/p>\n<p style=\"text-align: justify\"><span style=\"color: #008000;font-family: georgia, palatino, serif\"><strong>OD :\u00a0<\/strong>Bonsoir et merci beaucoup de m&rsquo;accorder cette interview. Je vais tr\u00e8s bien, et vous, cher Unistrabis ?<\/span><\/p>\n<p style=\"text-align: justify\"><span style=\"color: #000000;font-family: georgia, palatino, serif\"><strong>Fysk :<\/strong> Ca va, \u00e7a va, merci.<\/span><br \/>\n<span style=\"color: #000000;font-family: georgia, palatino, serif\"> Vous faites votre grand retour sur VPM ! Avant que nous en parlions plus en profondeur, j&rsquo;aimerais vous poser une question sur le jeu lui-m\u00eame.<\/span><br \/>\n<span style=\"color: #000000;font-family: georgia, palatino, serif\"> Vous savez je pense que Bananus ne compte pas renouveler l&rsquo;h\u00e9bergement du site en avril si la situation (nombre de joueurs et du coup de cr\u00e9dits achet\u00e9s) ne s&rsquo;am\u00e9liore pas.<\/span><br \/>\n<span style=\"font-family: georgia, palatino, serif\"> <span style=\"color: #000000\"> Qu&rsquo;en pensez-vous ? Auriez-vous une solution pour attirer les joueurs et les faire rester<\/span> <span style=\"color: #000000\">?<\/span><\/span><\/p>\n<p style=\"text-align: justify\"><span style=\"color: #008000;font-family: georgia, palatino, serif\"><strong>OD :<\/strong> Ouh Ouh. Comme quoi la situation est plus grave que je le pensais. Moi je pense comme beaucoup qu&rsquo;il faut r\u00e9former le jeu, trouver une id\u00e9e qui soit constructive. J&rsquo;avais donn\u00e9 des id\u00e9es de r\u00e9formes, au cours de la pr\u00e9sidentielle Anetheron. Mais l\u00e0 perso je suis \u00e0 court d&rsquo;id\u00e9e.<\/span><\/p>\n<p><span style=\"font-family: georgia, palatino, serif\"><img loading=\"lazy\" decoding=\"async\" class=\"aligncenter wp-image-43323\" src=\"https:\/\/vpmedias.fr\/wp-content\/uploads\/2019\/09\/bananussssssssssssss-300x176.png\" alt=\"\" width=\"306\" height=\"180\" srcset=\"https:\/\/vpmedias.fr\/wp-content\/uploads\/2019\/09\/bananussssssssssssss-300x176.png 300w, https:\/\/vpmedias.fr\/wp-content\/uploads\/2019\/09\/bananussssssssssssss-150x88.png 150w, https:\/\/vpmedias.fr\/wp-content\/uploads\/2019\/09\/bananussssssssssssss.png 320w\" sizes=\"auto, (max-width: 306px) 100vw, 306px\" \/><\/span><\/p>\n<p style=\"text-align: justify\"><span style=\"color: #000000;font-family: georgia, palatino, serif\"><strong>Fysk : <\/strong>D&rsquo;accord, ce n&rsquo;est pas grave.<\/span><br \/>\n<span style=\"color: #000000;font-family: georgia, palatino, serif\"> Alors, racontez-nous un peu ce retour. Qu&rsquo;est-ce qui vous a d\u00e9cid\u00e9 \u00e0 revenir ?<\/span><\/p>\n<p style=\"text-align: justify\"><span style=\"color: #008000;font-family: georgia, palatino, serif\"><strong>OD :<\/strong> Je\u00a0voyais <em><strong>les Barbouzes<\/strong><\/em> et la <em><strong>7\u00e8me compagnie<\/strong><\/em> en sommeil. Je voulais les r\u00e9veiller, les remettre dans le top 15. Les refaire vivre. Et j&rsquo;avais l&rsquo;ambition \u00e9galement de battre le record de victoires \u00e0 Toulouse&#8230; Et\u00a0permettre peut-\u00eatre \u00e0 VPM de se r\u00e9veiller, car j&rsquo;ai eu le plus grand mal \u00e0 recruter, surtout \u00e0 la 7\u00e8me compagnie.<\/span><\/p>\n<p style=\"text-align: justify\"><span style=\"color: #000000;font-family: georgia, palatino, serif\"><strong>Fysk :<\/strong> Les Barbouzes vous ont accueilli \u00e0 bras ouverts je suppose<span style=\"font-family: arial, helvetica, sans-serif\"><strong>{{1}}<\/strong><strong>\u00a0[[1]]question con, il vient de te dire qu&rsquo;ils \u00e9taient en sommeil[[1]]<\/strong><\/span><\/span><\/p>\n<p><span style=\"color: #008000;font-family: georgia, palatino, serif\"><strong>OD :\u00a0<\/strong>C&rsquo;est l\u00e9gitime vu que j&rsquo;en suis le fondateur ; c&rsquo;est moi qui les ai accueillis \u00e0 bras ouverts lol<span style=\"font-family: arial, helvetica, sans-serif\"><strong>{{2}} [[2]]bah voil\u00e0[[2]]<\/strong><\/span><\/span><\/p>\n<p style=\"text-align: justify\"><span style=\"color: #000000;font-family: georgia, palatino, serif\"><strong>Fysk : <\/strong>Ah oui, bien s\u00fbr. Mais dites-nous, on nous a annonc\u00e9 le lancement \u00e9ventuel d&rsquo;une pr\u00e9sidentielle, serait-ce une option \u00e0 consid\u00e9rer pour votre retour ?<\/span><\/p>\n<p style=\"text-align: justify\"><span style=\"color: #008000;font-family: georgia, palatino, serif\"><strong>OD :<\/strong> Si une nouvelle \u00e9lection pr\u00e9sidentielle devait avoir lieu je n&rsquo;exclus pas une <em><strong>\u00e9ventuelle candidature<\/strong><\/em>.<\/span><\/p>\n<p style=\"text-align: justify\"><span style=\"color: #008000;font-family: georgia, palatino, serif\">Il y a un an de cela je tentais ma chance \u00e0 <strong><em>l&rsquo;\u00e9lection pr\u00e9sidentielle [NDJ : Pr\u00e9sidentielle Anetheron]<\/em><\/strong>. Je n&rsquo;ai jamais r\u00e9ellement cru que j&rsquo;arriverais l\u00e0 o\u00f9 je suis arriv\u00e9. Quand je me suis lanc\u00e9 dans la course aux parrainages, rien n&rsquo;\u00e9tait r\u00e9ellement gagn\u00e9.<\/span><br \/>\n<span style=\"color: #008000;font-family: georgia, palatino, serif\"> Car <em><strong>Segalle<\/strong><\/em> s&rsquo;\u00e9tait \u00e9galement lanc\u00e9, il avait gagn\u00e9 \u00e0 sa cause une grande partie de la 7\u00e8me compagnie, et l&rsquo;Avenue de la Provence qui le soutenaient.<\/span><br \/>\n<span style=\"color: #008000;font-family: georgia, palatino, serif\"> J&rsquo;avais \u00e9galement comme atout les Barbouzes et un petit carr\u00e9 de fid\u00e8les \u00e0 la 7\u00e8me compagnie.<\/span><br \/>\n<span style=\"color: #008000;font-family: georgia, palatino, serif\"> Cependant l&rsquo;ambiance n&rsquo;\u00e9tait pas au beau fixe aux Barbouzes. Mes petits talents d&rsquo;orateur ont \u00e0 ma grande surprise suffi \u00e0 mobiliser les Barbouzes \u00e0 tel point que ce simple parti du top 15, \u00e9tait devenu une machine \u00e0 conqu\u00e9rir le pouvoir.<\/span><br \/>\n<span style=\"color: #008000;font-family: georgia, palatino, serif\"> J&rsquo;ai par la suite r\u00e9ussi \u00e0 rallier Les Inconnus et la totalit\u00e9 de la 7\u00e8me compagnie. J&rsquo;ai pass\u00e9 ensuite le 1er tour, et \u00e0 la fin de la campagne du second tour enclench\u00e9 une dynamique, j&rsquo;ai \u00e9chou\u00e9 d&rsquo;un poil.<\/span><\/p>\n<p><span style=\"color: #000000;font-family: georgia, palatino, serif\"><strong>Fysk :<\/strong> Et quelles furent, vous pensez, les causes de cet \u00e9chec ?<\/span><\/p>\n<p style=\"text-align: justify\"><span style=\"color: #008000;font-family: georgia, palatino, serif\"><strong>OD :<\/strong> J&rsquo;ai beaucoup analys\u00e9 ceci sur l&rsquo;ann\u00e9e qui vient de s&rsquo;\u00e9couler. Il y a eu dans mes discours trop de fautes d&rsquo;orthographe, et un ton tr\u00e8s d\u00e9magogique. Qui plus est, certains soutiens n&rsquo;\u00e9taient pas assez actifs.<\/span><br \/>\n<span style=\"font-family: georgia, palatino, serif\"> <span style=\"color: #008000\">Oui mon programme trop r\u00e9formateur a d\u00fb effrayer une grande partie de l&rsquo;\u00e9lectorat Vpmien.\u00a0<\/span><span style=\"color: #008000\">Des promesses irr\u00e9alisables et les fautes d&rsquo;orthographes point\u00e9es du doigt m&rsquo;ont co\u00fbt\u00e9 cher.\u00a0<\/span><span style=\"color: #008000\">Et ceux qui devait me soutenir \u00e0 la base, soit on retourn\u00e9 leur veste, soit n&rsquo;allait pas jusqu&rsquo;au bout de leur d\u00e9cision.\u00a0<\/span><span style=\"color: #008000\">Ajoutez \u00e0 \u00e7a mon impossibilit\u00e9 de participer aux diff\u00e9rents d\u00e9bats&#8230;<\/span><\/span><br \/>\n<span style=\"font-family: georgia, palatino, serif\"> <span style=\"color: #008000\">Cet ensemble de petits d\u00e9sagr\u00e9ments m&rsquo;ont certainement fait d\u00e9faut, \u00e0 ce moment-l\u00e0.\u00a0<\/span><span style=\"color: #008000\">Je ne le nie aucunement, et m\u00eame aujourd&rsquo;hui il n&rsquo;y a aucune rancune de ma part envers qui ce soit.<\/span><\/span><\/p>\n<p style=\"text-align: justify\"><span style=\"font-family: georgia, palatino, serif\"><em><strong><span style=\"color: #008000\">Car n&rsquo;oublions pas que nous sommes sur un jeu.<\/span><\/strong><\/em><\/span><\/p>\n<p style=\"text-align: justify\"><span style=\"font-family: georgia, palatino, serif\"><strong>Fysk : <a href=\"https:\/\/www.youtube.com\/watch?v=s4g2CVdGjj0\" target=\"_blank\" rel=\"noopener\"><span style=\"text-decoration: underline\">Ca c&rsquo;est bien vrai<\/span><\/a><\/strong> :) D&rsquo;ailleurs quel est pour vous l&rsquo;ach\u00e8vement, l&rsquo;objectif le plus important sur VPM, que vous l&rsquo;ayez atteint ou non ?<\/span><\/p>\n<p style=\"text-align: justify\"><span style=\"color: #008000;font-family: georgia, palatino, serif\"><strong>OD :<\/strong> <em><strong>Pr\u00e9sident de la R\u00e9publique.<\/strong><\/em><\/span><\/p>\n<p style=\"text-align: justify\"><img loading=\"lazy\" decoding=\"async\" class=\"size-full wp-image-43342 alignleft\" src=\"https:\/\/vpmedias.fr\/wp-content\/uploads\/2019\/09\/od-pr\u00e9sident.png\" alt=\"\" width=\"137\" height=\"222\" srcset=\"https:\/\/vpmedias.fr\/wp-content\/uploads\/2019\/09\/od-pr\u00e9sident.png 137w, https:\/\/vpmedias.fr\/wp-content\/uploads\/2019\/09\/od-pr\u00e9sident-93x150.png 93w\" sizes=\"auto, (max-width: 137px) 100vw, 137px\" \/><strong style=\"font-family: arial, helvetica, sans-serif;font-size: 18pt\">{{3}}<\/strong><\/p>\n<p style=\"text-align: justify\"><span style=\"font-family: arial, helvetica, sans-serif;font-size: 18pt\"><strong>[[3]]photo l\u00e9gale : droit de r\u00e9utilisation des 2 images avec modification^^[[3]]<\/strong><\/span><\/p>\n<p>&nbsp;<\/p>\n<p>&nbsp;<\/p>\n<p>&nbsp;<\/p>\n<p>&nbsp;<\/p>\n<p style=\"text-align: justify\"><span style=\"color: #000000;font-family: georgia, palatino, serif\"><strong>Fysk :<\/strong> A quoi seriez-vous pr\u00eat pour y arriver ?<\/span><\/p>\n<p style=\"text-align: justify\"><span style=\"color: #008000;font-family: georgia, palatino, serif\"><strong>OD :<\/strong> Ca va \u00eatre dur de m&rsquo;assurer le soutien int\u00e9gral de mes deux partis.<em>\u00a0<\/em>Et essayer de rallier \u00e0 ma cause d&rsquo;autre alli\u00e9s. J&rsquo;envisage de faire une commission pour la composition d&rsquo;un programme pr\u00e9sidentiel.<\/span><\/p>\n<p style=\"text-align: justify\"><span style=\"color: #000000;font-family: georgia, palatino, serif\"><strong>Fysk :<\/strong> Ah, tr\u00e8s bien ! Avant de conclure, j&rsquo;aimerais si \u00e7a ne vous d\u00e9range pas, que vous nous racontiez une anecdote sur Vpm, une histoire qui sort un peu de l&rsquo;ordinaire ou qui vous a fait rire.<\/span><\/p>\n<p style=\"text-align: justify\"><span style=\"color: #008000;font-family: georgia, palatino, serif\"><strong>OD :<\/strong> Oh, comme \u00e7a, non, je n&rsquo;ai rien \u00e0 raconter. Bon \u00e0 part vous dire que <strong><em>tout est bon dans le cochon et tout est \u00e0 chier dans le boucher.<\/em><\/strong> <strong>{{4}}[[4]]dans son jardin secret, OD cultive les dictons[[4]]<\/strong> Merci beaucoup pour votre disponibilit\u00e9, car \u00e9tant en vacances en Tunisie, j&rsquo;ai mis plusieurs jours \u00e0 faire cet interview avec vous.<\/span><\/p>\n<p style=\"text-align: justify\"><img loading=\"lazy\" decoding=\"async\" class=\" wp-image-43354 alignleft\" src=\"https:\/\/vpmedias.fr\/wp-content\/uploads\/2019\/09\/pig-article-300x252.png\" alt=\"\" width=\"240\" height=\"202\" srcset=\"https:\/\/vpmedias.fr\/wp-content\/uploads\/2019\/09\/pig-article-300x252.png 300w, https:\/\/vpmedias.fr\/wp-content\/uploads\/2019\/09\/pig-article-150x126.png 150w, https:\/\/vpmedias.fr\/wp-content\/uploads\/2019\/09\/pig-article-550x462.png 550w, https:\/\/vpmedias.fr\/wp-content\/uploads\/2019\/09\/pig-article.png 709w\" sizes=\"auto, (max-width: 240px) 100vw, 240px\" \/><\/p>\n<p style=\"text-align: justify\"><img loading=\"lazy\" decoding=\"async\" class=\"wp-image-43355 alignright\" src=\"https:\/\/vpmedias.fr\/wp-content\/uploads\/2019\/09\/od-artikle-222x300.png\" alt=\"\" width=\"173\" height=\"234\" srcset=\"https:\/\/vpmedias.fr\/wp-content\/uploads\/2019\/09\/od-artikle-222x300.png 222w, https:\/\/vpmedias.fr\/wp-content\/uploads\/2019\/09\/od-artikle-111x150.png 111w, https:\/\/vpmedias.fr\/wp-content\/uploads\/2019\/09\/od-artikle.png 514w\" sizes=\"auto, (max-width: 173px) 100vw, 173px\" \/><\/p>\n<p>&nbsp;<\/p>\n<p>&nbsp;<\/p>\n<p>&nbsp;<\/p>\n<p>&nbsp;<\/p>\n<p>&nbsp;<\/p>\n<p>&nbsp;<\/p>\n<p style=\"text-align: justify\"><span style=\"color: #000000;font-family: georgia, palatino, serif\"><strong>Fysk :<\/strong> Tout le plaisir fut pour VPM\u00e9dias. Au revoir OD, attention \u00e0 ne pas marcher dans le boucher \u00e0 la sortie.<\/span><\/p>\n","protected":false},"excerpt":{"rendered":"<p>OD revient, et nous revenons ensemble sur le fait qu&rsquo;il revienne.<\/p>\n","protected":false},"author":207,"featured_media":43318,"comment_status":"open","ping_status":"open","sticky":false,"template":"","format":"standard","meta":{"site-container-style":"default","site-container-layout":"default","site-sidebar-layout":"default","disable-article-header":"default","disable-site-header":"default","disable-site-footer":"default","disable-content-area-spacing":"default","footnotes":""},"categories":[312,4],"tags":[34,812,209],"class_list":["post-43311","post","type-post","status-publish","format-standard","has-post-thumbnail","hentry","category-g-a-la-une","category-2-vpmc","tag-interview","tag-od","tag-people"],"_links":{"self":[{"href":"https:\/\/vpmedias.fr\/index.php?rest_route=\/wp\/v2\/posts\/43311","targetHints":{"allow":["GET"]}}],"collection":[{"href":"https:\/\/vpmedias.fr\/index.php?rest_route=\/wp\/v2\/posts"}],"about":[{"href":"https:\/\/vpmedias.fr\/index.php?rest_route=\/wp\/v2\/types\/post"}],"author":[{"embeddable":true,"href":"https:\/\/vpmedias.fr\/index.php?rest_route=\/wp\/v2\/users\/207"}],"replies":[{"embeddable":true,"href":"https:\/\/vpmedias.fr\/index.php?rest_route=%2Fwp%2Fv2%2Fcomments&post=43311"}],"version-history":[{"count":44,"href":"https:\/\/vpmedias.fr\/index.php?rest_route=\/wp\/v2\/posts\/43311\/revisions"}],"predecessor-version":[{"id":43362,"href":"https:\/\/vpmedias.fr\/index.php?rest_route=\/wp\/v2\/posts\/43311\/revisions\/43362"}],"wp:featuredmedia":[{"embeddable":true,"href":"https:\/\/vpmedias.fr\/index.php?rest_route=\/wp\/v2\/media\/43318"}],"wp:attachment":[{"href":"https:\/\/vpmedias.fr\/index.php?rest_route=%2Fwp%2Fv2%2Fmedia&parent=43311"}],"wp:term":[{"taxonomy":"category","embeddable":true,"href":"https:\/\/vpmedias.fr\/index.php?rest_route=%2Fwp%2Fv2%2Fcategories&post=43311"},{"taxonomy":"post_tag","embeddable":true,"href":"https:\/\/vpmedias.fr\/index.php?rest_route=%2Fwp%2Fv2%2Ftags&post=43311"}],"curies":[{"name":"wp","href":"https:\/\/api.w.org\/{rel}","templated":true}]}}