{"id":44377,"date":"2020-04-25T19:50:25","date_gmt":"2020-04-25T17:50:25","guid":{"rendered":"https:\/\/vpmedias.fr\/?p=44377"},"modified":"2020-04-24T20:00:48","modified_gmt":"2020-04-24T18:00:48","slug":"confessions-de-basile-peninib-leader-dechu","status":"publish","type":"post","link":"https:\/\/vpmedias.fr\/?p=44377","title":{"rendered":"Confessions de Basile Peninib, leader d\u00e9chu"},"content":{"rendered":"<p style=\"text-align: justify;\"><span style=\"font-weight: 400;\">Incompr\u00e9hension. Consternation. Comment expliquer ce fiasco ? Je croyais avoir pourtant bien pr\u00e9par\u00e9 mon coup. J\u2019\u00e9tais confiant, s\u00fbr de ma force.\u00a0<\/span><\/p>\n<p style=\"text-align: justify;\"><span style=\"font-weight: 400;\">La journ\u00e9e commen\u00e7ait bien. Au quartier g\u00e9n\u00e9ral de notre campagne, j\u2019\u00e9tais en r\u00e9union avec mes coll\u00e8gues <span style=\"color: #ff6600;\"><strong>John Casey<\/strong><\/span>, ancien ministre et <strong><span style=\"color: #ff6600;\">Chuck Bartowski<\/span><\/strong>, vendeur en informatique\/\u00e9lectronique reconverti leader politique. Nous \u00e9tions de bonne humeur en lisant les nouvelles du journal fra\u00eechement livr\u00e9. Notre candidate, la ravissante agent secret <strong><span style=\"color: #ff6600;\">Sarah Walker<\/span><\/strong>, est en t\u00eate des sondages. Depuis plusieurs jours, elle alerte les <strong><span style=\"color: #ff6600;\">R\u00e9mois<\/span><\/strong> sur la situation de la gastronomie locale, le sujet qui inqui\u00e8te le plus les citoyens en raison du <strong><span style=\"color: #ff6600;\">Criticovirus<\/span><\/strong>. Plus r\u00e9cemment, le th\u00e8me people est apparu dans son discours et sa clairvoyance est r\u00e9compens\u00e9e aujourd\u2019hui : une altercation entre les rappeurs La Buse et Baloo d\u00e9fraie la chronique. Notre alli\u00e9 n\u2019est certes pas au maximum de sa forme, mais on peut lui faire confiance pour rebondir. La fin de campagne se profile pour le mieux. Notre candidate est enjou\u00e9e ; en plus du succ\u00e8s de notre campagne, sa mission nationale \u00e0 <strong><span style=\"color: #ff6600;\">l\u2019Assembl\u00e9e<\/span><\/strong> s\u2019annonce positivement.<\/span><\/p>\n<p style=\"text-align: justify;\"><span style=\"font-weight: 400;\">Je vais vous faire une confession : nous avions d\u00e9j\u00e0 entam\u00e9 les d\u00e9marches avec les producteurs locaux pour commander le champagne. Le second tour de l\u2019\u00e9lection arrive dans cinq jours et tout doit \u00eatre pr\u00eat pour c\u00e9l\u00e9brer la victoire.<\/span><\/p>\n<p style=\"text-align: justify;\"><span style=\"font-weight: 400;\">Dans l\u2019apr\u00e8s-midi, je pr\u00e9pare le discours que je vais pr\u00e9senter ce soir \u00e0 mes concitoyens. Je les retrouve \u00e0 la <strong><span style=\"color: #ff6600;\">salle des f\u00eates<\/span><\/strong> pour parler de mon th\u00e8me de pr\u00e9dilection, <strong><span style=\"color: #ff6600;\">la gastronomie<\/span><\/strong>. Le sujet passionne les R\u00e9mois, il a fait la une du journal quotidiennement depuis quatre jours. Je r\u00e9vise le plan, relis mes petites fiches et m\u2019exerce vocalement. Je ma\u00eetrise le sujet parfaitement. Il \u00e9tait au c\u0153ur de mon intervention au <strong><span style=\"color: #ff6600;\">z\u00e9nith de Reims<\/span><\/strong> il y a deux jours de cela : un franc succ\u00e8s. Le moral et le charisme sont au beau fixe. C\u2019est certainement ce qui a pouss\u00e9 Sarah \u00e0 me reconduire pour cet exercice.\u00a0<\/span><\/p>\n<p style=\"text-align: justify;\"><span style=\"font-weight: 400;\">L\u2019enjeu est important, je le sais. Nos \u00e9lecteurs sont nombreux en ville, mais peu militent ouvertement pour nous. Le vote Sarah Walker est un vote cach\u00e9, presque honteux, je le sens. Il faut convaincre nos \u00e9lecteurs de s\u2019affirmer.\u00a0\u00a0\u00a0\u00a0<\/span><\/p>\n<p style=\"text-align: justify;\"><span style=\"font-weight: 400;\">Lorsque j\u2019entre dans la salle des f\u00eates, je suis d\u00e9j\u00e0 plus mitig\u00e9. J\u2019ai appris il y a quelques minutes que l\u2019un de nos principaux concurrents, <span style=\"color: #ff6600;\"><strong>Aurelienvautard<\/strong><\/span>, a alpagu\u00e9 les foules sur<strong><span style=\"color: #ff6600;\"> la <\/span><span style=\"color: #ff6600;\"><strong>place <\/strong>du march\u00e9<\/span><\/strong>, sur le th\u00e8me de <strong><span style=\"color: #ff6600;\">la gastronomie<\/span><\/strong>. La place \u00e9tait pleine et l\u2019ovation s\u2019est entendue jusqu\u2019ici. Pire, une indiscr\u00e9tion de mon alli\u00e9 <strong><span style=\"color: #ff6600;\">Cabasson<\/span><\/strong> m\u2019indique qu\u2019au stade Auguste-Delaune, il va traiter du m\u00eame th\u00e8me. Il \u00e9volue \u00e0 guichet ferm\u00e9.<\/span><\/p>\n<p style=\"text-align: justify;\"><span style=\"font-weight: 400;\">L\u2019inqui\u00e9tude grandit lorsque les projecteurs cessent de m\u2019aveugler. Je trouve une salle vide \u00e0 moiti\u00e9. J\u2019ai toujours \u00e9t\u00e9 optimiste, je pr\u00e9f\u00e8re la voir \u00e0 moiti\u00e9 pleine. Je lance mon discours et je peux d\u00e9j\u00e0 le dire : ce ne sera pas un grand soir pour moi. A 21h30, j\u2019annonce que les restaurants ne pourront rouvrir avant l\u2019\u00e9t\u00e9. Mais \u00e0 21h43, alors que je veux montrer l\u2019efficacit\u00e9 de notre candidate dans la lutte contre le <strong><span style=\"color: #ff6600;\">Criticovirus<\/span><\/strong>, je promets \u00e0 tous qu\u2019ils seront autoris\u00e9s rapidement \u00e0 accueillir des clients. Je suis contraint de revenir sur mon propos, sous les hu\u00e9es et les tomates.\u00a0<\/span><\/p>\n<p style=\"text-align: justify;\"><span style=\"font-weight: 400;\">Les premiers sondages \u00e0 la sortie du meeting tombent \u00e0 22h30 selon les syndicats, 21h15 selon <strong><span style=\"color: #ff6600;\">Bananus<\/span><\/strong>. Mon concurrent sur la place du march\u00e9 a attir\u00e9 plus de R\u00e9mois. Ceux qui sortent de mon meeting affirment en majorit\u00e9 que je les ai convaincus&#8230;de voter pour un autre. Notre tr\u00e9sori\u00e8re de campagne fait la gueule, nous ne r\u00e9cup\u00e9rons pas la moiti\u00e9 de la somme investie pour r\u00e9server la salle. C\u2019est un \u00e9chec total.<\/span><\/p>\n<p style=\"text-align: justify;\"><span style=\"font-weight: 400;\">Je crains maintenant de retrouver <strong><span style=\"color: #ff6600;\">Sarah<\/span><\/strong>. Derri\u00e8re le sourire malicieux qu\u2019elle arbore habituellement se cache une f\u00e9rocit\u00e9 \u00e0 laquelle je ne veux pas \u00eatre confront\u00e9. Elle m\u2019a recrut\u00e9 par d\u00e9faut au d\u00e9but de sa carri\u00e8re. Elle ne le dit pas, mais je sais qu\u2019elle n\u2019aime pas mon nom. Dans les coulisses, dans mon dos, elle me surnomme <strong><span style=\"color: #ff6600;\">\u201cBasile P\u00e9nible\u201d<\/span><\/strong>. En rentrant au QG o\u00f9 le matin m\u00eame je me tenais l\u2019esprit guilleret, je suis d\u00e9sormais abattu. Le meeting au z\u00e9nith qui \u00e9tait pr\u00e9vu demain ne figure plus dans mon agenda. On me dit que c\u2019est mon coll\u00e8gue John, l\u2019ancien ministre, qui se tiendra sur l\u2019estrade.\u00a0<\/span><\/p>\n<p style=\"text-align: justify;\"><span style=\"font-weight: 400;\">Je dois maintenant mettre les bouch\u00e9es doubles pour retrouver les faveurs de Sarah. Une petite voix me sugg\u00e8re d\u2019accepter les propositions de plus en plus nombreuses provenant de ses concurrents. Il m\u2019est de plus en plus difficile de les refuser&#8230;<\/span><\/p>\n","protected":false},"excerpt":{"rendered":"<p>Basile Peninib, le premier leader de Sarah, nous raconte son meeting du jour \u00e0 Reims&#8230;.<\/p>\n","protected":false},"author":14,"featured_media":43280,"comment_status":"open","ping_status":"open","sticky":false,"template":"","format":"standard","meta":{"site-container-style":"default","site-container-layout":"default","site-sidebar-layout":"default","disable-article-header":"default","disable-site-header":"default","disable-site-footer":"default","disable-content-area-spacing":"default","footnotes":""},"categories":[302],"tags":[45,43],"class_list":["post-44377","post","type-post","status-publish","format-standard","has-post-thumbnail","hentry","category-5-la-tribune-libre","tag-campagne","tag-fiction"],"_links":{"self":[{"href":"https:\/\/vpmedias.fr\/index.php?rest_route=\/wp\/v2\/posts\/44377","targetHints":{"allow":["GET"]}}],"collection":[{"href":"https:\/\/vpmedias.fr\/index.php?rest_route=\/wp\/v2\/posts"}],"about":[{"href":"https:\/\/vpmedias.fr\/index.php?rest_route=\/wp\/v2\/types\/post"}],"author":[{"embeddable":true,"href":"https:\/\/vpmedias.fr\/index.php?rest_route=\/wp\/v2\/users\/14"}],"replies":[{"embeddable":true,"href":"https:\/\/vpmedias.fr\/index.php?rest_route=%2Fwp%2Fv2%2Fcomments&post=44377"}],"version-history":[{"count":5,"href":"https:\/\/vpmedias.fr\/index.php?rest_route=\/wp\/v2\/posts\/44377\/revisions"}],"predecessor-version":[{"id":44382,"href":"https:\/\/vpmedias.fr\/index.php?rest_route=\/wp\/v2\/posts\/44377\/revisions\/44382"}],"wp:featuredmedia":[{"embeddable":true,"href":"https:\/\/vpmedias.fr\/index.php?rest_route=\/wp\/v2\/media\/43280"}],"wp:attachment":[{"href":"https:\/\/vpmedias.fr\/index.php?rest_route=%2Fwp%2Fv2%2Fmedia&parent=44377"}],"wp:term":[{"taxonomy":"category","embeddable":true,"href":"https:\/\/vpmedias.fr\/index.php?rest_route=%2Fwp%2Fv2%2Fcategories&post=44377"},{"taxonomy":"post_tag","embeddable":true,"href":"https:\/\/vpmedias.fr\/index.php?rest_route=%2Fwp%2Fv2%2Ftags&post=44377"}],"curies":[{"name":"wp","href":"https:\/\/api.w.org\/{rel}","templated":true}]}}