{"id":44438,"date":"2020-05-02T12:32:28","date_gmt":"2020-05-02T10:32:28","guid":{"rendered":"https:\/\/vpmedias.fr\/?p=44438"},"modified":"2020-05-05T19:41:35","modified_gmt":"2020-05-05T17:41:35","slug":"itw-dharicot-et-de-lyonsuper-a-lorigine-de-la-crise-au-gouvernement","status":"publish","type":"post","link":"https:\/\/vpmedias.fr\/?p=44438","title":{"rendered":"[ITW d&rsquo;Haricot et de Lyonsuper] A l&rsquo;origine de la crise au gouvernement"},"content":{"rendered":"<p style=\"text-align: justify;\">Ahh\u2026 La torpeur proustienne de la r\u00e9miniscence. Le bonheur de retrouver le go\u00fbt du temps perdu, de la madeleine que l\u2019on mangeait chez sa M\u00e8re-grand. Une sensation aussi grisante que de passer une apr\u00e8s-midi d\u2019\u00e9t\u00e9 vautr\u00e9 dans un transat en sirotant une quelconque sous-marque de soda.<\/p>\n<p style=\"text-align: justify;\">Pourtant perdu au c\u0153ur de VPM j&rsquo;\u00e9tais loin d&rsquo;atteindre une telle extase. Pas un visage familier, tout avait chang\u00e9. Je me promenais comme une \u00e2me en peine \u00e0 travers ce pays des souvenirs que j\u2019avais quitt\u00e9 il y plus de 8 ans. D\u00e9j\u00e0.<\/p>\n<p style=\"text-align: justify;\">Cependant quelque chose m&rsquo;intriguait au cours de cette exp\u00e9rience r\u00e9gressive manqu\u00e9e. Il y avait partout des tracts: \u00ab\u00a0RAB\u00a0!\u00a0\u00bb, \u00ab Haricot d\u00e9mission\u00a0\u00bb, \u00ab\u00a0Une monarchie plus d\u00e9mocratique\u00a0!\u00a0\u00bb, \u00ab\u00a0Frego\u00a0: la promesse de 3 nouveaux mouvements d\u2019opposition par semaine\u00a0\u00bb\u2026\u00a0 Je n\u2019y comprenais rien\u00a0! Brisant l\u2019assourdissant silence de l\u2019ennui je me d\u00e9cidais \u00e0 r\u00e9soudre cette \u00e9nigme, j\u2019allais redevenir un journaliste\u00a0!<\/p>\n<p style=\"text-align: justify;\">Je me rendais donc au si\u00e8ge de VPM\u00e9dias, mon bureau ne semblait pas avoir \u00e9t\u00e9 r\u00e9attribu\u00e9 et \u00e9tait plein de toiles d\u2019araign\u00e9e. Le poster de notre grand fondateur Dragalex \u00e9tait toujours l\u00e0 \u00e0 me fixer en d\u00e9pit du fait que la moiti\u00e9 de son visage avait \u00e9t\u00e9 arrach\u00e9.<\/p>\n<p style=\"text-align: justify;\">VPM\u00e9dias avait d\u00e9m\u00e9nag\u00e9, et le crane pos\u00e9 sur ma biblioth\u00e8que ne servait peut-\u00eatre pas pour des repr\u00e9sentations de Shakespeare, il pouvait tout aussi bien appartenir \u00e0 un de mes anciens coll\u00e8gues.<\/p>\n<p style=\"text-align: justify;\">Je repartais sur la route apr\u00e8s avoir r\u00e9cup\u00e9r\u00e9 mon bloc-note, et j\u2019interrogeais les passants sur ces myst\u00e9rieux tracts encore et encore et encore\u2026 et encore\u2026 Puis apr\u00e8s des jours de recherche alors que j\u2019\u00e9tais \u00e0 la plage en train de faire la morale aux passants \u00ab\u00a0De mon temps on ne passait pas ici juste pour convaincre du citoyen, on discutait\u00a0!\u00a0\u00bb un homme s\u2019est pr\u00e9sent\u00e9 \u00e0 moi\u00a0: C&rsquo;\u00e9tait le ministre Haricot\u00a0!<\/p>\n<p style=\"text-align: justify;\">Mon enqu\u00eate reprenait soudain du poil de la b\u00eate.<\/p>\n<h2 style=\"text-align: justify;\"><strong><u>L\u2019interview\u00a0:<\/u><\/strong><\/h2>\n<p style=\"text-align: justify;\"><strong><em>Bonjour Haricot, pour commencer j&rsquo;aurais aim\u00e9 savoir quelle est l&rsquo;origine des critiques \u00e0 ton encontre ?<\/em><\/strong><\/p>\n<p style=\"text-align: justify;\"><strong><u>Haricot<\/u><\/strong>\u00a0: Ah ! \u00e7a viens d&rsquo;il y a 1 an et demi.<\/p>\n<p style=\"text-align: justify;\">J&rsquo;ai commenc\u00e9 \u00e0 me faire des ennemis quand j&rsquo;ai commenc\u00e9 \u00e0 faire le premier 100% du jeu au 2nd tour. Cela s&rsquo;est amplifi\u00e9 avec le temps, car j&rsquo;ai fais des One Shot avec des records \u00e0 Nice et Marseille. Puis, j&rsquo;ai one shot Paris tous \u00e7a en deux mois. J&rsquo;ai commenc\u00e9 \u00e0 essuyer des critiques, certains estimant que j&rsquo;avais pas ma place dans le jeu car selon eux je payais des sommes astronomique dans les cr\u00e9dits. (J&rsquo;en avais mais pas des milliers comme certains le pr\u00e9tendait).<\/p>\n<p style=\"text-align: justify;\">Ensuite, je suis pass\u00e9 pr\u00e9sident r\u00e9volutionnaire, \u00eatre pr\u00e9sident ne vous attire jamais de l&rsquo;amiti\u00e9. Certains veulent ta place. C&rsquo;est d&rsquo;ailleurs ce qui se passe avec Lyon. Il utilise son poste de ministre comme tremplin pour une pr\u00e9sidentielle.<\/p>\n<p style=\"text-align: justify;\">Pour terminer, j&rsquo;ai encore failli marquer l&rsquo;histoire, apr\u00e8s avoir d\u00e9missionn\u00e9 de la pr\u00e9sidence (j&rsquo;y \u00e9tais depuis 5 semaines et je voulais que \u00e7a tourne), mon multi \u00e9tait le premier ministrable. D&rsquo;habitude Bananus rafra\u00eechissait toujours la liste le jour J. J&rsquo;ai donc enlev\u00e9 puis r\u00e9inscrit mon multi dans la liste des ministrable. En faisant cela, j&rsquo;\u00e9tais plus visible dans la liste. Sauf que le lendemain, bananus n&rsquo;avait pas rafra\u00eechit la page pour \u00e9viter que je retourne au gouvernement. Ce qui m\u2019a mis hors de moi et mes propos \u00e9taient vraiment pas jolis. D&rsquo;o\u00f9 le fait que mon compte Voisine a \u00e9t\u00e9 banni.<\/p>\n<p style=\"text-align: justify;\"><strong><em>Globalement on pourrait dire que les principales pol\u00e9miques sur lesquelles se fondent tes adversaires seraient plut\u00f4t de \u00ab\u00a0l&rsquo;histoire ancienne\u00a0\u00bb ?<\/em><\/strong><\/p>\n<p style=\"text-align: justify;\"><strong><u>Haricot\u00a0<\/u><\/strong>: Bien s\u00fbr que c&rsquo;est de l&rsquo;histoire ancienne. Et je reviens plus apais\u00e9 et avec un nouvel \u00e9tat d&rsquo;esprit. Je connais tr\u00e8s bien mes d\u00e9fauts je suis quelqu&rsquo;un d&rsquo;impulsif, je dois travailler la dessus personnellement.<\/p>\n<p style=\"text-align: justify;\">\u00ab\u00a0Le pire ennemis est soit m\u00eame &#8211; Mais je ne le tue car je l&rsquo;aime\u00a0\u00bb &#8211; Charles de Leusse<\/p>\n<p style=\"text-align: justify;\">On ne peut rien me reprocher depuis mon retour. Et si quelqu&rsquo;un \u00e0 quelque chose \u00e0 me dire, je suis toujours ouvert \u00e0 la discussion.<\/p>\n<p style=\"text-align: justify;\"><em><strong>Ces pol\u00e9miques elles te suivent depuis cette \u00e9poque ou ton r\u00f4le de ministre a vraiment fait resurgir \u00e7a ?<\/strong><\/em><\/p>\n<p style=\"text-align: justify;\"><strong><u>Haricot<\/u><\/strong>\u00a0: Mon r\u00f4le de ministre \u00e0 fait resurgir cela, dire l&rsquo;inverse serait mentir. Je ne suis pas revenu sur le jeu suite \u00e0 cet incident. Je suis revenu car Bella m&rsquo;as dis qu&rsquo;elle \u00e9tait au second tour de la pr\u00e9si. Alors je suis revenu et j&rsquo;ai vot\u00e9 pour elle sans h\u00e9siter. Son soutien et sa pr\u00e9sence m&rsquo;as \u00e9t\u00e9 tr\u00e8s utile pour faire face aux critiques quand j&rsquo;\u00e9tais pr\u00e9sident.<\/p>\n<p style=\"text-align: justify;\">Une fois revenu, j&rsquo;ai propos\u00e9 mon nom pour entrer au minist\u00e8re. Elle aurait bien voulu mais avait lanc\u00e9 un sondage populaire. Je m&rsquo;y suis inscrit et ait fini 2e. J&rsquo;ai donc accept\u00e9 d&rsquo;\u00eatre son porte parole. Une fois un poste lib\u00e9r\u00e9, c&rsquo;\u00e9tait difficile car Lyon voulait absolument Dridriii tandis que moi je souhaitais entrer pour ent\u00e9riner ma position de porte parole.<\/p>\n<p style=\"text-align: justify;\">Lyon n&rsquo;as pas obtenu gain de cause suite \u00e0 un vote des ministres, ce qui l&rsquo;as frustr\u00e9 et a jouer la dessus pour faire resurgir mon pass\u00e9. Bien s\u00fbr certains n&rsquo;ont pas eu besoin de la r\u00e9action de Lyon. La derni\u00e8re vision de moi sur le jeu n&rsquo;\u00e9tait pas bonne.<\/p>\n<p style=\"text-align: justify;\"><em><strong>Je voulais parler de ta relation avec Bellazelda mais tu en as d\u00e9j\u00e0 dit beaucoup, elle comme toi vous aviez conscience que ta nomination pouvait \u00eatre un \u00ab\u00a0risque politique\u00a0\u00bb ?<\/strong><\/em><\/p>\n<p style=\"text-align: justify;\"><strong><u>Haricot<\/u><\/strong>\u00a0: Bien s\u00fbr qu&rsquo;on le savait ! Maintenant Bella n&rsquo;est pas quelqu&rsquo;un qui calcule forc\u00e9ment ce genre de choses. Mon mandat pr\u00e9sidentiel \u00e9tait bien anim\u00e9, bananus l&rsquo;ayant m\u00eame salu\u00e9 (\u00e0 ma grande surprise) apr\u00e8s ma d\u00e9mission. Elle savait que ministre je serais actif et ferais tout pour \u00eatre visible sur le forum. D&rsquo;ailleurs, depuis ma nomination, je suis quasi quotidiennement dans les 5 premiers contributeurs forum.<\/p>\n<p style=\"text-align: justify;\">Sa plus grande crainte \u00e9tait de perdre l&rsquo;amiti\u00e9 IRL qu&rsquo;elle pensait avoir avec Lyon. Sauf que cette amiti\u00e9 n&rsquo;\u00e9tait qu&rsquo;illusion et manipulation. Perso, si j&rsquo;ai un ami IRL qui choisi quelqu&rsquo;un que je n\u2019appr\u00e9cie pas dans VPM dans un gouvernement, \u00e7a sera toujours un ami&#8230;<\/p>\n<p style=\"text-align: justify;\"><em><strong>Vous n&rsquo;avez aucun regret d&rsquo;avoir pris le risque d&rsquo;entrer dans une zone de turbulence relativement aux pol\u00e9miques actuelles ?<\/strong><\/em><\/p>\n<p style=\"text-align: justify;\"><strong><u>Haricot<\/u><\/strong>\u00a0: Je ne peux pas parler au nom de BellaZelda.<\/p>\n<p style=\"text-align: justify;\">En mon nom, je pense pas que cela ait \u00e9t\u00e9 un mauvais calcul. \u00c7a a clairement relanc\u00e9 la dynamique Opposition\/Partisan. M\u00eame si je trouve que le RP de l&rsquo;opposition \u00e9tait vraiment fade et avait comme seul objectif : M&rsquo;attaquer personnellement.<\/p>\n<p style=\"text-align: justify;\">J&rsquo;ai l&rsquo;habitude, dans ma pr\u00e9sidence, j&rsquo;\u00e9tais le premier en gouv r\u00e9vo \u00e0 faire une monarchie et \u00e7a avait plut\u00f4t bien fonctionn\u00e9. Je m&rsquo;\u00e9tais allou\u00e9 le budget pour moi seul et les ministres avaient vot\u00e9 pour, une premi\u00e8re qui a fait grincer des dents. Les choix risqu\u00e9s c&rsquo;est ce qui peut faire d&rsquo;un joueur une l\u00e9gende, ou bien, c&rsquo;est ce qui peut l&rsquo;enterrer.<\/p>\n<p style=\"text-align: justify;\">A vaincre sans p\u00e9rils, on triomphe sans gloire. On pourra pas lui reprocher d&rsquo;avoir pris des d\u00e9cisions lisses et de s&rsquo;\u00eatre prot\u00e9g\u00e9e.<\/p>\n<p style=\"text-align: justify;\"><em><strong>Ton activit\u00e9 au sein du gouvernement a \u00e9t\u00e9 \u00e9galement critiqu\u00e9e par les rabistes, tu peux rappeler ta fonction exacte\u00a0?<\/strong><\/em><\/p>\n<p style=\"text-align: justify;\"><strong><u>Haricot<\/u><\/strong>\u00a0: Officiellement mes fonctions sont \u00ab\u00a0(Haricot) Avec ses \u00e9cailles, sa queue et ses dents de crocodile, il devra s&rsquo;occuper des cachots et des territoires. [&#8230;]<\/p>\n<p style=\"text-align: justify;\">N&rsquo;oublions pas qu&rsquo;avec sa langue de reptile, il est charg\u00e9 de s&rsquo;occuper de toutes les critiques \u00e0 l&rsquo;\u00e9gard de la princesse. \u00ab\u00a0<\/p>\n<p style=\"text-align: justify;\"><em><strong>Quel est le bilan de ton action au gouvernement ?<\/strong><\/em><\/p>\n<p style=\"text-align: justify;\"><strong><u>Haricot<\/u><\/strong>\u00a0: Je pense avoir \u00e9t\u00e9 pr\u00e9sent et r\u00e9pondu \u00e0 chacune des critiques faites \u00e0 la Reine. Toujours avec d\u00e9rision. C&rsquo;est constatable sur chacun des topic cr\u00e9ant un mouvement. Je ne suis pas intervenu dans ce qui n\u2019\u00e9tait pas mon domaine comme l&rsquo;AN qui \u00e9tait celui de Duc Robert. Avec Anetheron, nous tenions les ge\u00f4les d&rsquo;une main de fer. Faut dire que j&rsquo;adore livrer \u00e0 Anetheron des \u00e2mes errantes pour qu&rsquo;il les remettent dans le droit chemin.<\/p>\n<p style=\"text-align: justify;\"><em><strong>Comment tu con\u00e7ois globalement la fonction de ministre sur VPM et son rapport au pr\u00e9sident ?<\/strong><\/em><\/p>\n<p style=\"text-align: justify;\"><strong><u>Haricot<\/u><\/strong>\u00a0: La fonction de ministre n&rsquo;est qu&rsquo;honorifique. En r\u00e9alit\u00e9, le ministre est juste la pour son \u00e9toile. Il a n\u00e9anmoins un r\u00f4le de mod\u00e9ration dans les march\u00e9s. \u00a0Le pr\u00e9sident, ne peut plus rien faire une fois ses ministres nomm\u00e9s. Ils ont l&rsquo;\u00e9toile et l&rsquo;auront tant qu\u2019ils ne d\u00e9missionnent pas ou tant qu&rsquo;ils sont actifs sur le forum.<\/p>\n<p style=\"text-align: justify;\">Personnellement je la con\u00e7ois diff\u00e9remment. Tout d&rsquo;abord je ne me verrais pas mettre un couteau dans le dos \u00e0 celui qui m\u2019a donn\u00e9 ce poste. Je l&rsquo;ai jamais fais ni \u00e0 Atheesouhait (Le premier pr\u00e9sident \u00e0 m&rsquo;avoir attribu\u00e9 cette fonction) ni \u00e0 Bella et \u00e7a ne sera jamais le cas.<\/p>\n<p style=\"text-align: justify;\">Ensuite, il est pour moi du r\u00f4le du ministre d&rsquo;animer le forum.<\/p>\n<p style=\"text-align: justify;\">Pour moi le ministre est aussi un conseil du pr\u00e9sident. Le pr\u00e9sident n&rsquo;est pas oblig\u00e9 de le suivre, mais il permet d&rsquo;avoir un point de vu.<\/p>\n<p style=\"text-align: justify;\">Certains disent que c&rsquo;est aussi au ministre d&rsquo;assurer l&rsquo;accueil des nouveaux. Pour moi, c&rsquo;est le r\u00f4le du tuteur et de l&rsquo;admin.<\/p>\n<p style=\"text-align: justify;\"><em><strong>On a parl\u00e9 de tes liens avec Bella, parlons aussi de ta relation avec Lyonsuper et Lorn, est-elle selon toi la principale cause des critiques qu\u2019ils t\u2019adressent ? Tu parlais aussi d&rsquo;un \u00e9ventuel opportunisme en vue de la prochaine pr\u00e9sidentielle<\/strong><\/em><\/p>\n<p style=\"text-align: justify;\"><strong><u>Haricot<\/u><\/strong>\u00a0: Ce n&rsquo;est qu&rsquo;une suspicion. Concernant un opportunisme pour la pr\u00e9si de Lyon. Je peux bien \u00e9videmment me tromper. Mais il a \u00e9t\u00e9 candidat pr\u00e9c\u00e9demment, je verrais pas pourquoi \u00e7a ne serait plus le cas maintenant.<\/p>\n<p style=\"text-align: justify;\">Lyonsuper ne m&rsquo;as jamais connu IG, il \u00e9tait pas la quand je jouais. Il me reproche donc des faits qu&rsquo;il n&rsquo;as jamais connu. Je n\u2019aime pas le joueur qu&rsquo;il est. Il recule devant rien et profite des autres s&rsquo;ils peuvent lui \u00eatre utiles. La personne, j&rsquo;ai pas envie de la juger derri\u00e8re un \u00e9cran et j&rsquo;ai pas non plus envie de le conna\u00eetre plus que \u00e7a.<\/p>\n<p style=\"text-align: justify;\">Lorn, j&rsquo;ai critiqu\u00e9 beaucoup de ses amis en jeu. Ce qui m\u2019a valu son d\u00e9samour. Avec le temps, j&rsquo;apprends \u00e0 appr\u00e9cier le joueur. Il m\u2019a l&rsquo;air vrai et authentique.<\/p>\n<p style=\"text-align: justify;\"><em><strong>Tu es un ardent d\u00e9fenseur de la pr\u00e9sidente ce qui n\u2019est pas forc\u00e9ment aussi \u00e9vident pour tous les ministres, notamment ceux qui s\u2019engagent dans des mouvements d\u2019opposition, tu penses quoi de ces divisions au sein du gouvernement ?<\/strong><\/em><\/p>\n<p style=\"text-align: justify;\"><strong><u>Haricot<\/u><\/strong>\u00a0: Les divisions ? Il y en aura toujours. La question est comment y faisons-nous face.<\/p>\n<p style=\"text-align: justify;\">Ce sont des batailles d&rsquo;\u00e9go et de personne. C&rsquo;est pu\u00e9ril.<\/p>\n<p style=\"text-align: justify;\"><em><strong>La pr\u00e9sidente comment vit-elle la multiplication des critiques et des oppositions ?\u00a0<\/strong><\/em><\/p>\n<p style=\"text-align: justify;\"><strong><u>Haricot<\/u><\/strong>\u00a0: Il faudra lui demander, ce n&rsquo;est pas \u00e0 moi de dire si elle vit bien ou mal cette situation qui n&rsquo;est pas pour moi dramatique. On a vu pire comme r\u00e9volte.<\/p>\n<p style=\"text-align: justify;\">D&rsquo;exp\u00e9rience, c&rsquo;est tr\u00e8s d\u00e9sagr\u00e9able au d\u00e9but. On r\u00e9agit mal, car c&rsquo;est une situation qui peut \u00eatre stressante quand on fait de son mieux pour les autres. Avec le temps, on apprend \u00e0 faire face et \u00e0 mettre de c\u00f4t\u00e9 cela.<\/p>\n<p style=\"text-align: justify;\">Le conseil que je peux lui apporter c&rsquo;est de ne jamais rien attendre des autres. Qu&rsquo;elle poursuive ce qu&rsquo;elle pense \u00eatre le mieux \u00e0 faire pour elle tout en continuant \u00e0 \u00eatre la pour les autres comme elle sait le faire.<\/p>\n<p style=\"text-align: justify;\">.<\/p>\n<p style=\"text-align: justify;\"><em><strong>Certains ont r\u00e9clam\u00e9 ta t\u00eate tu penses que ta d\u00e9mission pourrait d\u00e9tendre l&rsquo;atmosph\u00e8re ?<\/strong><\/em><\/p>\n<p style=\"text-align: justify;\"><strong><u>Haricot<\/u><\/strong>\u00a0: Tous les pr\u00e9textes sont bons pour une r\u00e9volution. Chaque pr\u00e9sident \u00e0 eu droit \u00e0 son opposition. Ma pr\u00e9sence ou non n&rsquo;y changera rien. Pour moi, ceux qui d\u00e9missionnerais pour \u00e7a serait des d\u00e9butants. Pas d&rsquo;bol, je le suis plus.<\/p>\n<p style=\"text-align: justify;\">Une fois que j\u2019aurai d\u00e9missionn\u00e9 on reprochera toujours \u00e0 Bella de m&rsquo;avoir nomm\u00e9 (pour ceux qui lui reprochent). Une fois la d\u00e9cision prise, il faut l&rsquo;assumer. Chose qu&rsquo;elle fait. De plus, je pense \u00eatre en coh\u00e9rence avec ce qu&rsquo;attends de moi Bella. Il n&rsquo;y a donc aucune raison d&rsquo;une d\u00e9mission. Je suis peut-\u00eatre plus l\u00e9gitime que des ministres peu pr\u00e9sents ou qui critiquent le pr\u00e9sident qui leur a offert la place.<\/p>\n<p style=\"text-align: justify;\"><em><strong>Pour finir es-tu satisfait du d\u00e9roulement de cette interview et as-tu quelque chose \u00e0 ajouter ?\u00a0<\/strong><\/em><\/p>\n<p style=\"text-align: justify;\"><strong><u>Haricot<\/u><\/strong>\u00a0: Je te remercie de me laisser l&rsquo;occasion d&rsquo;exprimer mon point de vue aujourd&rsquo;hui.<\/p>\n<p style=\"text-align: justify;\">J&rsquo;ajouterais que ceux qui n&rsquo;ont pas \u00e9t\u00e9 pr\u00e9sident, ne peuvent pas comprendre la duret\u00e9 de ce poste quand on y met son c\u0153ur. VPM reste un jeu. Soyez joueur, mais ne jouez pas avec les gens. Je tiens \u00e0 remercier Bellazelda pour sa confiance et de ne pas s&rsquo;\u00eatre d\u00e9mont\u00e9e.<\/p>\n<p style=\"text-align: justify;\">Concernant ceux que j&rsquo;ai pu choqu\u00e9 ou bless\u00e9 ult\u00e9rieurement, j&rsquo;en suis d\u00e9sol\u00e9, c&rsquo;est pas ce que je suis dans la vie de tous les jours. J&rsquo;ai tr\u00e8s mal r\u00e9agit \u00e0 certaines situation.<\/p>\n<p style=\"text-align: justify;\">Pour terminer je remercie \u00e9galement Bananus pour sa confiance<\/p>\n<h2 style=\"text-align: justify;\"><strong><u>Le droit de r\u00e9ponse\u00a0:<\/u><\/strong><\/h2>\n<p style=\"text-align: justify;\">L\u2019interview avec le ministre \u00e9tait finie, mais il me fallait aussi un point de vue contradictoire. Il fallait donc que je parle au Grand Duc Lyonsuper, lui-aussi ministre et apparemment pr\u00e9curseur des oppositions qui ne cessaient de fleurir sur le forum.\u00a0 J\u2019avais de la chance ! En raison de mon pass\u00e9 sur VPM je connaissais d\u00e9j\u00e0 le Duc et sa nouvelle adresse loin du logement royal avait \u00e9t\u00e9 abondamment comment\u00e9e dans la presse \u00e0 scandale.<\/p>\n<p style=\"text-align: justify;\">Je le connaissais et je savais o\u00f9 le trouver \u00e7a allait \u00eatre du g\u00e2teau\u00a0!<\/p>\n<p style=\"text-align: justify;\">Malheureusement les gardes du corps du premier Duc ne semblaient pas de cet avis, selon eux les toiles d\u2019araign\u00e9e dans mes cheveux me faisaient ressembler \u00e0 un clochard et j\u2019aurais tr\u00e8s bien pu acheter ma carte de presse VPMedias format 2009 chez un brocanteur. Je ne savais pas qu&rsquo;il \u00e9tait fr\u00e9quent pour les clochards d&rsquo;\u00eatre amateurs d\u2019antiquit\u00e9 toutefois il fallait que je trouve une id\u00e9e de g\u00e9nie pour ne pas \u00eatre mis \u00e0 la porte. J\u2019ai alors cri\u00e9 \u00ab\u00a0Lyon\u00a0! J\u2019ai une interview d\u2019Haricot et il parle de toi, tu ne veux pas donner ta version des faits\u00a0?\u00a0\u00bb<\/p>\n<p style=\"text-align: justify;\">Imm\u00e9diatement les gorilles stup\u00e9faits m\u2019ont l\u00e2ch\u00e9 et se sont \u00e9cart\u00e9s, je suis rentr\u00e9 dans le logement ducal et je me suis assis face \u00e0 Lyonsuper. Je lui ai tendu mon interview qu\u2019il a d\u00e9vor\u00e9e voracement sans un mot.<\/p>\n<p style=\"text-align: justify;\">Puis nous avons pu commencer \u00e0 parler&#8230;. Bha quoi oui dans cet article il y \u00e0 une deuxi\u00e8me interview ! C&rsquo;\u00e9tait dans le titre de l&rsquo;article, admettez que vous \u00eates heureux de lire un article aussi long ! On se croirait sur M\u00e9diapart non ? Bref cessons ces simagr\u00e9es cher lecteur imaginaire et voici donc les mots de Lyonsuper.<\/p>\n<p style=\"text-align: justify;\"><strong><u>Lyonsuper<\/u><\/strong>\u00a0: C&rsquo;est marrant dans son interview il manque pas mal de detail.<\/p>\n<p style=\"text-align: justify;\">Monsieur \u00e9tait porte parole, comme vous pouvez le voir ci dessous celui ci a exig\u00e9 aupr\u00e8s de la princesse, un poste de ministre officiel ou il mena\u00e7ait d&rsquo;int\u00e9grer une opposition redoutable face au gouvernement<\/p>\n<p style=\"text-align: justify;\">Et apr\u00e8s ce monsieur m&rsquo;accuse d\u2019\u00eatre manipulateur ? Excusez-moi, mais j&rsquo;ai comme l&rsquo;impression qu&rsquo;il y a un souci dans son accusation<\/p>\n<p><img loading=\"lazy\" decoding=\"async\" class=\"aligncenter wp-image-44461\" src=\"https:\/\/vpmedias.fr\/wp-content\/uploads\/2020\/05\/boris-300x74.png\" alt=\"\" width=\"815\" height=\"201\" srcset=\"https:\/\/vpmedias.fr\/wp-content\/uploads\/2020\/05\/boris-300x74.png 300w, https:\/\/vpmedias.fr\/wp-content\/uploads\/2020\/05\/boris-150x37.png 150w, https:\/\/vpmedias.fr\/wp-content\/uploads\/2020\/05\/boris-768x188.png 768w, https:\/\/vpmedias.fr\/wp-content\/uploads\/2020\/05\/boris-550x135.png 550w, https:\/\/vpmedias.fr\/wp-content\/uploads\/2020\/05\/boris.png 1039w\" sizes=\"auto, (max-width: 815px) 100vw, 815px\" \/><\/p>\n<p style=\"text-align: justify;\"><em><strong>Du coup ta r\u00e9action a \u00e9t\u00e9 le RAB qui a \u00e9t\u00e9 interpr\u00e9t\u00e9 comme une opposition au gouvernement, c&rsquo;\u00e9tait une mauvaise interpr\u00e9tation \u00e0 ton avis ?<\/strong><\/em><\/p>\n<p style=\"text-align: justify;\"><strong><u>Lyonsuper<\/u><\/strong>\u00a0: Ma r\u00e9action a \u00e9t\u00e9 l&rsquo;opposition, lorsqu&rsquo;un pr\u00e9sident n&rsquo;est plus sur le m\u00eame rail que son premier ministre, il n&rsquo;est plus possible de croire en quoi que ce soit du gouvernement, et je l&rsquo;avais pourtant averti que haricot au gouvernement ce n&rsquo;\u00e9tait selon moi qu&rsquo;une pure manipulation ! Haricot ou encore robert son fid\u00e8le acolyte me reproche de ne pas d\u00e9missionner, ils ont cru r\u00e9ellement j&rsquo;allais leur faire ce plaisir. Le mouvement du RAB avait juste pour principe de montrer notre opposition face \u00e0 sa nomination.<\/p>\n<p style=\"text-align: justify;\"><em><strong>Donc \u00e0 pr\u00e9sent les revendications du mouvement se sont \u00e9largies ou le c\u0153ur du probl\u00e8me reste la cohabitation au sein du gouvernement avec Haricot ?<\/strong><\/em><\/p>\n<p style=\"text-align: justify;\"><strong><u>Lyonsuper<\/u><\/strong>\u00a0: Si vous voulez depuis la nomination de celui ci je n&rsquo;\u00e9change plus au sein du gouvernement, j&rsquo;ai la chance de compter sur 2 autres coll\u00e8gues au gouvernement qui partage mon avis, mon cher Dridri ou encore Legend !<\/p>\n<p style=\"text-align: justify;\">Par la suite une coalition de quelques joueurs rebelles a vu le jour dans le but commun de faire bouger les choses, la nomination de cet individu m\u2019a pouss\u00e9 \u00e0 mettre en place ce mouvement.<\/p>\n<p style=\"text-align: justify;\">Depuis le debut de son mandat,\u00a0 les ministres comptent pas mal d&rsquo;incidents qui ont eu des r\u00e9percussions, Krusty qui s&rsquo;est fait limog\u00e9 pour une suppression de compte, mais il y a eu aussi un autre incident auquel vous avez pu assister.<\/p>\n<p style=\"text-align: justify;\">Lorsque des ministres utilisent leurs pouvoirs sur les march\u00e9s (ejecter) juste dans l&rsquo;optique de faire chier un joueur, je trouve cela indigne du poste de ministre<\/p>\n<p style=\"text-align: justify;\">Cela pousse encore plus a faire bouger les choses !<\/p>\n<p style=\"text-align: justify;\"><em><strong>Qu&rsquo;en-est-il des accusations de Haricot qui affirme que tu ne sers que tes int\u00e9r\u00eats personnels en t\u2019opposant\u00a0?<\/strong><\/em><\/p>\n<p style=\"text-align: justify;\"><strong><u>Lyonsuper<\/u><\/strong>\u00a0: On m&rsquo;accuse de pr\u00e9parer une campagne pr\u00e9sidentielle, et bien c&rsquo;est loup\u00e9 je n&rsquo;envisage pas de me pr\u00e9senter \u00e0 la prochaine pr\u00e9sidentielles. C&rsquo;est un flop\u00a0!<\/p>\n<p style=\"text-align: justify;\"><em><strong>La situation actuelle affecte-t-elle ta relation avec la pr\u00e9sidente et le bon fonctionnement du gouvernement ?<\/strong><\/em><\/p>\n<p style=\"text-align: justify;\"><strong><u>Lyonsuper<\/u><\/strong>\u00a0: Bien \u00e9videmment, mais visiblement elle a fait un choix, qu&rsquo;il en soit ainsi malheureusement\u2026 A forcement je te dirais le gouvernement travaille au ralenti, en tout cas pour ma part, je ne suis pas ministre pour travailler avec des enfants.<\/p>\n<p style=\"text-align: justify;\"><em><strong>Du coup comment tu vois la campagne de tomatage entreprise contre Bellazelda qu\u2019Hulkk a lanc\u00e9\u00a0?<\/strong><\/em><\/p>\n<p style=\"text-align: justify;\"><strong><u>Lyonsuper<\/u><\/strong>\u00a0: C\u2019est une campagne suite \u00e0 la coalition, cela fait quelques semaines qu&rsquo;on avait d\u00e9j\u00e0 entam\u00e9 une discussion, un \u00e9l\u00e9ment \u00e0 prendre en compte je me suis mis d&rsquo;accord avec un de mes ennemis l\u00e0 dessus, et c&rsquo;est assez rare pour le souligner !<\/p>\n<p style=\"text-align: justify;\"><em><strong>C&rsquo;est compliqu\u00e9 d&rsquo;\u00eatre \u00e0 la fois dans un gouvernement et dans l&rsquo;opposition ?<\/strong><\/em><\/p>\n<p style=\"text-align: justify;\"><strong><u>Lyonsuper<\/u><\/strong>\u00a0: C&rsquo;est plut\u00f4t facile lorsque la moiti\u00e9 du gouvernement fait parti de l\u2019opposition !<\/p>\n<p style=\"text-align: justify;\">Et je ne pr\u00e9vois pas de d\u00e9missionner pour faire plaisirs aux deux enfants.<\/p>\n<p style=\"text-align: justify;\"><em><strong>Selon toi la pr\u00e9sidente a c\u00e9d\u00e9 \u00e0 quelqu&rsquo;un qui mena\u00e7ait de rentrer dans l&rsquo;opposition et se retrouve quand m\u00eame avec des cons\u00e9quences \u00e9quivalentes. Il y avait une solution pour \u00e9viter la crise\u00a0 ?<\/strong><\/em><\/p>\n<p style=\"text-align: justify;\"><strong><u>Lyonsuper<\/u><\/strong>\u00a0: Exactement, Peut \u00eatre cela aurait \u00e9t\u00e9 possible d&rsquo;\u00e9viter cette crise si la princesse avait pris le choix de ne pas c\u00e9der au caprice de haricot, celui-ci \u00e9tait critiqu\u00e9 avant sa nomination, sachant qu&rsquo;il est contest\u00e9 par certains joueurs, sa nomination au gouvernement a eu un impact n\u00e9gatif sur la suite de son mandat.<\/p>\n<p style=\"text-align: justify;\"><em><strong>Il dit avoir \u00e9t\u00e9 s\u00e9lectionn\u00e9 par un vote au sein du gouvernement, \u00e7a serait une imposture ?<\/strong><\/em><\/p>\n<p style=\"text-align: justify;\"><strong><u>Lyonsuper<\/u><\/strong>\u00a0: il y a eu un premier vote il \u00e9tait question de Lapeuchere \/ Dridri qui a finis en \u00e9galit\u00e9 et par la suite a une non d\u00e9cision. Un deuxi\u00e8me vote a \u00e9t\u00e9 organis\u00e9 une semaine plus tard entre Lapeuchere et Haricot j&rsquo;ai d\u00e9cid\u00e9 de m&rsquo;abstenir sachant que la princesse \u00e9tait incapable de prendre une d\u00e9cision seule. Elle consulte tout le temps.<\/p>\n<p style=\"text-align: justify;\">Alors l\u00e0 quelques ministres se sont prononc\u00e9s, aneth a vot\u00e9 blanc, krusty \u00e0 l&rsquo;\u00e9poque a vot\u00e9 pour haricot dans le seul but de foutre le bordel, et robert a soutenu haricot<\/p>\n<p style=\"text-align: justify;\">Pour moi un pr\u00e9sident ne peut pas faire voter chaque d\u00e9cision, il se doit de prendre des d\u00e9cisions seul.<\/p>\n<p style=\"text-align: justify;\"><em><strong>J&rsquo;avais demand\u00e9 \u00e0 Haricot comment il concevait la fonction de ministre, et toi ? Tu dirais qu&rsquo;il y \u00e0 une grande diff\u00e9rence entre vous \u00e0 ce niveau ?<\/strong><\/em><\/p>\n<p style=\"text-align: justify;\"><strong><u>Lyonsuper<\/u><\/strong>\u00a0: A ce niveau on est d&rsquo;accord apr\u00e8s il est regrettable que le poste de ministre durant ce mandat ait \u00e9t\u00e9 sali par de tr\u00e8s mauvais comportements.<\/p>\n<p style=\"text-align: justify;\"><em><strong>Merci pour tes r\u00e9ponses, tu as quelque chose \u00e0 ajouter\u00a0?<\/strong><\/em><\/p>\n<p style=\"text-align: justify;\"><strong><u>Lyonsuper<\/u><\/strong>\u00a0: Vive la r\u00e9volution !!!!!!!!<\/p>\n<h2 style=\"text-align: justify;\"><strong><u>Les bonnes choses ont une fin (les autres aussi) :<\/u><\/strong><\/h2>\n<p style=\"text-align: justify;\">Je sortais de la somptueuse r\u00e9sidence du chef du gouvernement, pensif. Haricot et Lyonsuper ont deux points de vue totalement oppos\u00e9s de la situation, ils ont pourtant beaucoup de similarit\u00e9s : des joueurs jouissant d&rsquo;un important prestige. Tr\u00e8s proches de la pr\u00e9sidente, tous les deux dot\u00e9s de fortes vell\u00e9it\u00e9s d\u2019ind\u00e9pendance \u00a0avec lesquels ils semblaient avoir su mener un chantage fructueux, tous les deux \u00e9taient inflexibles, et tous les deux se renvoyaient la culpabilit\u00e9 de la crise au sein du Gouvernement&#8230;<\/p>\n<p style=\"text-align: justify;\">Je n\u2019\u00e9tais pas moins perdu qu\u2019au d\u00e9but de mon investigation.<\/p>\n<p style=\"text-align: justify;\">Entre ces interviews et leur publication Haricot m&rsquo;a recontact\u00e9 pour avoir \u00e9galement le droit de lire et de r\u00e9agir aux critiques de Lyonsuper. Cependant il n&rsquo;a pas jug\u00e9 apr\u00e8s lecture que cela en valait la peine. Lyonsuper lui m&rsquo;a recontact\u00e9 pour discuter des avanc\u00e9es de la \u00ab\u00a0r\u00e9volution\u00a0\u00bb et notamment du retour \u00ab\u00a0opportuniste\u00a0\u00bb de certains adversaires de la Pr\u00e9sidente.<\/p>\n<p style=\"text-align: justify;\">Il y a peu de certitudes cependant il y en au moins une : ce p\u00e9ch\u00e9 originel qu&rsquo;est le conflit au sein du gouvernement entre Lyonsuper et Haricot ne cesse de faire des \u00e9mules. Depuis la r\u00e9alisation de ces interviews pas moins de 21 sujets ont \u00e9t\u00e9 cr\u00e9es sur le forum concernant les conflits autour de la Pr\u00e9sidente, certains sont des sujets d&rsquo;oppositions, d&rsquo;autres d&rsquo;oppositions \u00e0 l&rsquo;opposition, d&rsquo;autres simplement de l&rsquo;humour ou de la satire&#8230; Et 4 de ces sujets ont pour auteur Frego ! Voila quelqu&rsquo;un de productif !<\/p>\n<p style=\"text-align: justify;\">Les conflits autour de la pr\u00e9sidence sont toujours bouillants bien qu&rsquo;ils aient largement d\u00e9pass\u00e9 le cadre des conflits au sein du Gouvernement. Les probl\u00e8mes au gouvernement me semblent toutefois pr\u00e9curseurs des conflits qui se sont g\u00e9n\u00e9ralis\u00e9s \u00e0 outrance depuis. Une analyse de la n\u00e9buleuse qui a \u00e9merg\u00e9e \u00e0 partir des premi\u00e8res contestations du RAB serait d&rsquo;ailleurs une suite pertinente de l&rsquo;investigations m\u00eame si l&rsquo;aide d&rsquo;un sociologue ou d&rsquo;un psychologue serait peut-\u00eatre n\u00e9cessaire tant le ph\u00e9nom\u00e8ne peut para\u00eetre incompr\u00e9hensible x) au point d&rsquo;ailleurs que certains opposants de la premi\u00e8re heure comme Lyonsuper critiquent \u00e0 pr\u00e9sent d&rsquo;autres mouvements d&rsquo;oppositions. Ce qui ne manque de compliquer la lecture des \u00e9v\u00e9nements qui ne semble pas se limiter \u00e0 une simple division entre deux blocs.<\/p>\n<p style=\"text-align: justify;\">Pour conclure cette article je souhaite pr\u00e9senter mes excuses \u00e0 la Pr\u00e9sidente \u00e0 qui j\u2019aurais aussi souhait\u00e9 demander son opinion mais la longueur de cet article \u00e9tant d\u00e9j\u00e0 excessive c&rsquo;\u00e9tait pas trop possible d&rsquo;en faire encore plus. Mes excuses aussi \u00e0 mes deux interview\u00e9s. Au vu de leurs antagonismes il aurait \u00e9t\u00e9 plus pertinent de n\u2019en interviewer qu\u2019un seul, n\u00e9anmoins tous mes remerciements \u00e0 eux pour s\u2019\u00eatre pr\u00eater au jeu malgr\u00e9 tout !<\/p>\n<p style=\"text-align: justify;\">Mes excuses finalement \u00e0 mes lecteurs pour les avoir soumis \u00e0 une lecture aussi longue et peut-\u00eatre p\u00e9nible, mais\u00a0 rassurez-vous, \u00e7a ne sera surement pas la derni\u00e8re fois ! ;)<\/p>\n","protected":false},"excerpt":{"rendered":"<p>Un journaliste sur le retour, deux ministres qui s&rsquo;affrontent par interviews interpos\u00e9s, et Lorn qualifi\u00e9 de \u00ab\u00a0vrai et authentique\u00a0\u00bb ! <\/p>\n","protected":false},"author":14,"featured_media":15586,"comment_status":"open","ping_status":"open","sticky":false,"template":"","format":"standard","meta":{"site-container-style":"default","site-container-layout":"default","site-sidebar-layout":"default","disable-article-header":"default","disable-site-header":"default","disable-site-footer":"default","disable-content-area-spacing":"default","footnotes":""},"categories":[312,302],"tags":[292,34],"class_list":["post-44438","post","type-post","status-publish","format-standard","has-post-thumbnail","hentry","category-g-a-la-une","category-5-la-tribune-libre","tag-gouvernement","tag-interview"],"_links":{"self":[{"href":"https:\/\/vpmedias.fr\/index.php?rest_route=\/wp\/v2\/posts\/44438","targetHints":{"allow":["GET"]}}],"collection":[{"href":"https:\/\/vpmedias.fr\/index.php?rest_route=\/wp\/v2\/posts"}],"about":[{"href":"https:\/\/vpmedias.fr\/index.php?rest_route=\/wp\/v2\/types\/post"}],"author":[{"embeddable":true,"href":"https:\/\/vpmedias.fr\/index.php?rest_route=\/wp\/v2\/users\/14"}],"replies":[{"embeddable":true,"href":"https:\/\/vpmedias.fr\/index.php?rest_route=%2Fwp%2Fv2%2Fcomments&post=44438"}],"version-history":[{"count":6,"href":"https:\/\/vpmedias.fr\/index.php?rest_route=\/wp\/v2\/posts\/44438\/revisions"}],"predecessor-version":[{"id":44502,"href":"https:\/\/vpmedias.fr\/index.php?rest_route=\/wp\/v2\/posts\/44438\/revisions\/44502"}],"wp:featuredmedia":[{"embeddable":true,"href":"https:\/\/vpmedias.fr\/index.php?rest_route=\/wp\/v2\/media\/15586"}],"wp:attachment":[{"href":"https:\/\/vpmedias.fr\/index.php?rest_route=%2Fwp%2Fv2%2Fmedia&parent=44438"}],"wp:term":[{"taxonomy":"category","embeddable":true,"href":"https:\/\/vpmedias.fr\/index.php?rest_route=%2Fwp%2Fv2%2Fcategories&post=44438"},{"taxonomy":"post_tag","embeddable":true,"href":"https:\/\/vpmedias.fr\/index.php?rest_route=%2Fwp%2Fv2%2Ftags&post=44438"}],"curies":[{"name":"wp","href":"https:\/\/api.w.org\/{rel}","templated":true}]}}