{"id":44617,"date":"2020-05-25T13:36:11","date_gmt":"2020-05-25T11:36:11","guid":{"rendered":"https:\/\/vpmedias.fr\/?p=44617"},"modified":"2020-05-25T13:40:52","modified_gmt":"2020-05-25T11:40:52","slug":"anetheron-se-met-a-nolulu","status":"publish","type":"post","link":"https:\/\/vpmedias.fr\/?p=44617","title":{"rendered":"Anetheron se met \u00e0 N(olul)u"},"content":{"rendered":"<p style=\"text-align: justify;\">Chers amis lecteurs, ch\u00e8res amies lectrices,<\/p>\n<p style=\"text-align: justify;\">Nous nous retrouvons enfin pour une nouvelle interview digne de ce nom. Oui digne car la personne qui s&rsquo;avance pour se pr\u00e9senter \u00e0 vous est connue de tous &#8230; Ah je sens vos regards interloqu\u00e9s, vos interrogations fuser de tout les c\u00f4t\u00e9s ! Un indice ? C&rsquo;est dur &#8230; il est membre d&rsquo;IMPACT ! L\u00e0 j&rsquo;en ai trop dit, il est impossible de ne pas d\u00e9masquer mon invit\u00e9 ! Derni\u00e8re grande fonction occup\u00e9e : ministre monarchique ! On accueille sans plus tarder <strong><span style=\"color: #000080;\">Anetheron<\/span><\/strong> !<\/p>\n<p><img loading=\"lazy\" decoding=\"async\" class=\"size-medium wp-image-44619 aligncenter\" src=\"https:\/\/vpmedias.fr\/wp-content\/uploads\/2020\/05\/7348646-232x300.jpg\" alt=\"\" width=\"232\" height=\"300\" srcset=\"https:\/\/vpmedias.fr\/wp-content\/uploads\/2020\/05\/7348646-232x300.jpg 232w, https:\/\/vpmedias.fr\/wp-content\/uploads\/2020\/05\/7348646-116x150.jpg 116w, https:\/\/vpmedias.fr\/wp-content\/uploads\/2020\/05\/7348646.jpg 400w\" sizes=\"auto, (max-width: 232px) 100vw, 232px\" \/><\/p>\n<p>&nbsp;<\/p>\n<p style=\"text-align: justify;\"><strong>Anetheron je suis tr\u00e8s content que tu aies accept\u00e9 de te mettre \u00e0 nu devant nous. Mais ne perdons pas de temps, les gens ont envie d&rsquo;en savoir plus sur toi \u2026 Pourrais-tu te pr\u00e9senter en quelques mots\u00a0?<\/strong><\/p>\n<p style=\"text-align: justify;\"><strong><span style=\"text-decoration: underline;\"><span style=\"color: #000080; text-decoration: underline;\">ANETHERON<\/span><\/span><\/strong> :\u00a0<span style=\"color: #000000;\"><span style=\"font-family: 'Times New Roman', serif;\"><span style=\"font-size: medium;\">A nu ? Combien de fois devrai-je dire que mon armure est vide ?&#8230; <\/span><\/span><\/span><\/p>\n<p style=\"text-align: justify;\"><span style=\"color: #000000;\"><span style=\"font-family: 'Times New Roman', serif;\"><span style=\"font-size: medium;\">Quoi qu&rsquo;il en soit, merci \u00e0 toi de me recevoir dans ta villa sur la C\u00f4te d&rsquo;Azur, on dirait qu&rsquo;\u00eatre proche des gouvernements successifs rapporte&#8230;<\/span><\/span><\/span><\/p>\n<p style=\"text-align: justify;\"><span style=\"color: #000000;\"><span style=\"font-family: 'Times New Roman', serif;\"><span style=\"font-size: medium;\">Je suis n\u00e9 du n\u00e9ant en mai 2015, je me suis rapidement int\u00e9ress\u00e9 au forum ainsi qu&rsquo;\u00e0 sa communaut\u00e9 quelque peu loufoque dirons-nous. Moostach m&rsquo;a rapidement enr\u00f4l\u00e9 dans sa team de bras cass\u00e9s \u00e0 l&rsquo;AP ! Je n&rsquo;ai jamais quitt\u00e9 ce parti avec ce compte jusqu&rsquo;\u00e0 la suppression dudit compte en novembre 2018. <\/span><\/span><\/span><\/p>\n<p style=\"text-align: justify;\"><span style=\"color: #000000;\"><span style=\"font-family: 'Times New Roman', serif;\"><span style=\"font-size: medium;\">J&rsquo;ai \u00e9t\u00e9 ministre r\u00e9volutionnaire en 2017 <\/span><\/span><\/span><span style=\"color: #000000;\"><span style=\"font-family: 'Times New Roman', serif;\"><span style=\"font-size: medium;\">(en \u00e9tant leader du mouvement mod\u00e9r\u00e9)<\/span><\/span><\/span> <span style=\"color: #000000;\"><span style=\"font-family: 'Times New Roman', serif;\"><span style=\"font-size: medium;\">car j&rsquo;ai particip\u00e9 \u00e0 la r\u00e9volution des burgers et j&rsquo;ai \u00e9t\u00e9 \u00e9lu pr\u00e9sident de la R\u00e9publique en septembre 2018. Pour des raisons irl, j&rsquo;ai supprim\u00e9 tous mes comptes (Anetheron\/Mephysto\/Orny) en novembre 2018. Je suis revenu un peu par hasard en janvier 2020 en r\u00e9cup\u00e9rant <\/span><\/span><\/span><span style=\"color: #000000;\"><span style=\"font-family: 'Times New Roman', serif;\"><span style=\"font-size: medium;\">aupr\u00e8s de Bananus<\/span><\/span><\/span><span style=\"color: #000000;\"><span style=\"font-family: 'Times New Roman', serif;\"><span style=\"font-size: medium;\"> mon compte Anetheron et en cr\u00e9ant 2 autres (Anetherondeux et Mephystodeux). J&rsquo;ai \u00e9t\u00e9 ministre de Bellazelda de mars \u00e0 mai 2020.<\/span><\/span><\/span><\/p>\n<p style=\"text-align: justify;\"><strong>Je suis d\u00e9sol\u00e9, j&rsquo;aurais d\u00fb te demander o\u00f9 tu aurais pr\u00e9f\u00e9r\u00e9 passer ce moment. J&rsquo;ai aussi une maison sur Biarritz (chutttt). Comment as-tu connu VPM\u00a0?<\/strong><\/p>\n<p style=\"text-align: justify;\"><span style=\"text-decoration: underline;\"><span style=\"color: #000080; text-decoration: underline;\">ANETHERON<\/span><\/span> :\u00a0<span style=\"color: #000000;\"><span style=\"font-family: 'Times New Roman', serif;\"><span style=\"font-size: medium;\">J&rsquo;aurais pr\u00e9f\u00e9r\u00e9 en Enfer mais bon je saurai me contenter de la villa ! Comme beaucoup : par hasard donc ^^ Je regardais un peu les jeux politiques qui existaient et je suis tomb\u00e9 dessus. \u00c7a ne payait pas de mine mais cela semblait simple et efficace, j&rsquo;ai rapidement adh\u00e9r\u00e9 \u00e0 ce concept original et encore peu \u00e9gal\u00e9 (dans le concept hein ! \u2026.)<\/span><\/span><\/span><\/p>\n<p style=\"text-align: justify;\"><strong>Tu n&rsquo;as rien \u00e0 prouver sur le jeu\u00a0: plusieurs fois maire de diff\u00e9rentes communes, des postes de ministre, Pr\u00e9sident de VPM. Dans ce que je viens de citer, qu&rsquo;est-ce qui te fait, et t&rsquo;a fait le plus kiffer\u00a0?<\/strong><\/p>\n<p style=\"text-align: justify;\"><span style=\"text-decoration: underline;\"><span style=\"color: #000080; text-decoration: underline;\">ANETHERON<\/span><\/span> :\u00a0<span style=\"color: #000000;\"><span style=\"font-family: 'Times New Roman', serif;\"><span style=\"font-size: medium;\">Gagner une mairie est toujours gratifiant ! A vrai dire, cela l&rsquo;est d&rsquo;autant plus qu&rsquo;il ne s&rsquo;agit pas tant d&rsquo;une performance pour soi-m\u00eame mais aussi pour un parti et ses membres. On gagne aussi pour faire gagner les autres d&rsquo;une certaine mani\u00e8re. <\/span><\/span><\/span><\/p>\n<p style=\"text-align: justify;\"><span style=\"color: #000000;\"><span style=\"font-family: 'Times New Roman', serif;\"><span style=\"font-size: medium;\">\u00catre ministre ou pr\u00e9si est un exercice \u00e0 la fois plus solitaire et plus \u00ab\u00a0explosif\u00a0\u00bb dans le style. Il est difficile de comparer un minist\u00e8re r\u00e9vo et un minist\u00e8re classique. Entre les deux, il va sans dire que j&rsquo;ai largement pr\u00e9f\u00e9r\u00e9, en terme d&rsquo;amusement, le premier. La r\u00e9volution des burgers m&rsquo;a vraiment amus\u00e9 ! <\/span><\/span><\/span><\/p>\n<p style=\"text-align: justify;\"><span style=\"color: #000000;\"><span style=\"font-family: 'Times New Roman', serif;\"><span style=\"font-size: medium;\">En ce qui concerne la pr\u00e9sidence classique, il appara\u00eet on ne peut plus clairement que la campagne qui m\u00e8ne \u00e0 l&rsquo;\u00e9lection fut courte mais intense et tr\u00e8s amusante ! L&rsquo;exercice en lui-m\u00eame du mandat \u00e9tait marrant mais ce n&rsquo;\u00e9tait pas la m\u00eame chose. Essayer de bouger la communaut\u00e9 vpmienne n&rsquo;est pas une mince affaire. A vrai dire, on est plus proche de Sisyphe^^ Mais je ne regrette rien et je pense que, m\u00eame si une situation donn\u00e9e pour diverses raisons vaut mieux qu&rsquo;une autre, on peut trouver du plaisir dans n&rsquo;importe quel r\u00f4le, r\u00e9el (poste ou mairie) ou fictif (RP), sur VPM. A condition bien entendue d&rsquo;y mettre du sien, de la volont\u00e9, de l&rsquo;\u00e9nergie et que les autres fassent au moins semblant d&rsquo;essayer.<\/span><\/span><\/span><\/p>\n<p style=\"text-align: justify;\"><strong>Comme tu l&rsquo;as dit, tu as \u00e9t\u00e9 \u00e9lu Pr\u00e9sident en septembre 2018. Si tu avais le pouvoir de revenir en arri\u00e8re, que changerais-tu \u00e0 ton mandat\u00a0?<\/strong><\/p>\n<p style=\"text-align: justify;\"><span style=\"text-decoration: underline;\"><span style=\"color: #000080; text-decoration: underline;\">ANETHERON<\/span><\/span> :\u00a0<span style=\"color: #000000;\"><span style=\"font-family: 'Times New Roman', serif;\"><span style=\"font-size: medium;\">Et bien j&rsquo;aurai sans nul doute d\u00fb tout br\u00fbler avant de partir et aspirer d\u00e9finitivement les \u00e2mes de l&rsquo;ensemble des Vpmiens avant de rejoindre le Grand Impur dans les profondeurs du chaos&#8230;<\/span><\/span><\/span><\/p>\n<p style=\"text-align: justify;\"><span style=\"color: #000000;\"><span style=\"font-family: 'Times New Roman', serif;\"><span style=\"font-size: medium;\">Vous savez \u00e0 quoi vous avez \u00e9chapp\u00e9 maintenant\u2026<\/span> <\/span><\/span><\/p>\n<p style=\"text-align: justify;\"><span style=\"color: #000000;\"><span style=\"font-family: 'Times New Roman', serif;\"><span style=\"font-size: medium;\">Plus s\u00e9rieusement, je n&rsquo;ai pas pu mener \u00e0 bien, pour des raisons techniques notamment, la grosse animation que j&rsquo;avais pr\u00e9vue (VPM vs Bretzelburg si mes souvenirs sont bons). C&rsquo;\u00e9tait dommage mais c&rsquo;est ainsi\u2026 Ensuite, je ne pouvais pas deviner que comtesse et Krusty allaient \u00eatre inactifs mais Bananus m&rsquo;a impos\u00e9 de ne pas les changer trop t\u00f4t. Enfin, peut-\u00eatre aurai-je du pr\u00e9venir plus en amont de mon d\u00e9part pr\u00e9cipit\u00e9 mais l&rsquo;instant IRL a pris le pas sur le moment et j&rsquo;ai du faire au plus vite. <\/span><\/span><\/span><\/p>\n<p style=\"text-align: justify;\"><span style=\"color: #000000;\"><span style=\"font-family: 'Times New Roman', serif;\"><span style=\"font-size: medium;\">Sinon je ne regrette rien de fondamental. Si j&rsquo;ai fait des erreurs, j&rsquo;aimerai que d&rsquo;autres les soulignent pour moi afin que je puisse y r\u00e9pondre ou bien les admettre en tant que tel.<\/span><\/span><\/span><\/p>\n<p style=\"text-align: justify;\"><strong>Tu as donc l&rsquo;exp\u00e9rience du poste et \u00e0 la derni\u00e8re pr\u00e9sidentielle tu as soutenu Bellazelda&#8230; Qu&rsquo;est-ce qui te pla\u00eet chez elle\u00a0?<\/strong><\/p>\n<p style=\"text-align: justify;\"><span style=\"text-decoration: underline;\"><span style=\"color: #000080; text-decoration: underline;\">ANETHERON<\/span><\/span> :\u00a0<span style=\"color: #000000;\"><span style=\"font-family: 'Times New Roman', serif;\"><span style=\"font-size: medium;\">Notons tout de m\u00eame que je soutenais initialement Thetrollman, mais celui-ci n&rsquo;ayant pas obtenu les parrainages suffisants, je me suis sans h\u00e9siter ralli\u00e9 \u00e0 Bella.<\/span><\/span><\/span><\/p>\n<p style=\"text-align: justify;\"><span style=\"color: #000000;\"><span style=\"font-family: 'Times New Roman', serif;\"><span style=\"font-size: medium;\">Bella est une altruiste. Ce n&rsquo;est pas une fa\u00e7ade, c&rsquo;est une r\u00e9alit\u00e9 fondamentale ! C&rsquo;est quelqu&rsquo;un qui veut faire plaisir aux autres et qui pense au bien des autres souvent avant le sien d&rsquo;ailleurs (ce qui peut lui porter pr\u00e9judice)\u2026 <\/span><\/span><\/span><\/p>\n<p style=\"text-align: justify;\"><span style=\"color: #000000;\"><span style=\"font-family: 'Times New Roman', serif;\"><span style=\"font-size: medium;\">Au-del\u00e0 de cela, elle avait prouv\u00e9 auparavant qu&rsquo;elle \u00e9tait active et pleine d&rsquo;id\u00e9es, deux moteurs puissants pour \u00eatre pr\u00e9sident. Elle est toujours \u00e0 l&rsquo;\u00e9coute (trop^^) et bienveillante (trop^^), elle recherche g\u00e9n\u00e9ralement le consensus (trop^^). De belles qualit\u00e9s pour une belle personne ! Mais \u00eatre pr\u00e9sident sur VPM c&rsquo;est autre chose\u2026<\/span><\/span><\/span><\/p>\n<blockquote>\n<p style=\"text-align: justify;\">Ouvre la piscine int\u00e9rieure de la grande villa et apporte des cocktails de rafra\u00eechissements<\/p>\n<\/blockquote>\n<p style=\"text-align: justify;\"><strong>Cette femme ne laisse personne indiff\u00e9rent &#8230;<\/strong><\/p>\n<p style=\"text-align: justify;\"><strong>Dernier poste en date\u00a0: ministre monarchique lors du mandat de la Princesse Bellazelda. Sauf que tout s&rsquo;est effondr\u00e9 lors d&rsquo;une terrible R\u00e9volution populaire\u00a0! Depuis Hulkk est le nouveau pr\u00e9sident. Que penses-tu de ce d\u00e9but de mandat\u00a0?<\/strong><\/p>\n<blockquote>\n<p style=\"text-align: justify;\">Anetheron boit le cocktail, le liquide rentre dans le casque et est aspir\u00e9 dans un petit tourbillon ind\u00e9finissable qui, une fois disparu, laisse de nouveau le vide insondable du casque sans vie, hormis les deux petites flammes d&rsquo;un bleu p\u00e2le.<\/p>\n<\/blockquote>\n<p style=\"text-align: justify;\"><span style=\"text-decoration: underline;\"><span style=\"color: #000080; text-decoration: underline;\">ANETHERON<\/span><\/span> :\u00a0<span style=\"color: #000000;\"><span style=\"font-family: 'Times New Roman', serif;\"><span style=\"font-size: medium;\">Je suppose que ce cocktail est bon !<\/span> <\/span><\/span><\/p>\n<p style=\"text-align: justify;\"><span style=\"color: #000000;\"><span style=\"font-family: 'Times New Roman', serif;\"><span style=\"font-size: medium;\">Malheureusement, l&rsquo;IRL a de nouveau reprit le pas et je ne serai que fort peu pr\u00e9sent sur le forum jusqu&rsquo;\u00e0 mi-juin environ. De ce fait, je n&rsquo;ai qu&rsquo;une id\u00e9e rapide de ce qu&rsquo;il s&rsquo;y passe ! <\/span><\/span><\/span><\/p>\n<p style=\"text-align: justify;\"><span style=\"color: #000000;\"><span style=\"font-family: 'Times New Roman', serif;\"><span style=\"font-size: medium;\">N\u00e9anmoins, \u00e0 mon tr\u00e8s grand regret, je constate que certains (dont moi) avaient raison : les courants d&rsquo;air font claquer les portes de l&rsquo;Elys\u00e9e vpmien&#8230; Quelques bonnes id\u00e9es mais mal ficel\u00e9es, mal organis\u00e9es, mal command\u00e9es, mal r\u00e9dig\u00e9es. Une \u00e9quipe gouvernementale, dans son ensemble, peu active et peu convaincante (de surcro\u00eet depuis le d\u00e9part de Barbie). Un malheureux pr\u00e9sident qui fait de son mieux mais en faisant nombre d&rsquo;erreurs grossi\u00e8res et n&rsquo;apportant aucune valeur ajout\u00e9e. <\/span><\/span><\/span><\/p>\n<p style=\"text-align: justify;\"><span style=\"color: #000000;\"><span style=\"font-family: 'Times New Roman', serif;\"><span style=\"font-size: medium;\">Bref ! Tout comme je l&rsquo;avais dit d\u00e8s le d\u00e9but du kill and heal r\u00e9volutionnaire : nous sommes pass\u00e9s de la monarchie \u00e0 la m\u00e9diocratie ! Le pouvoir aux moyens, aux m\u00e9diocres, \u00e0 ceux qui ne sont ni bons ni mauvais, \u00e0 ceux qui se complaisent dans une absence de caract\u00e8re \u2026 La dynamique de reprise du forum qui s&rsquo;\u00e9tait amorc\u00e9e fin janvier, d\u00e9but f\u00e9vrier, risque d&rsquo;\u00eatre cass\u00e9e du fait de l&rsquo;incomp\u00e9tence, de la mauvaise volont\u00e9 ( pas tous je pr\u00e9cise !) et de la voracit\u00e9 d&rsquo;une poign\u00e9e de r\u00e9volutionnaires membres d&rsquo;un club depuis longtemps d\u00e9cri\u00e9 pour son absence quasi totale de capacit\u00e9 animatrice ! <\/span><\/span><\/span><\/p>\n<p style=\"text-align: justify;\"><span style=\"color: #000000;\"><span style=\"font-family: 'Times New Roman', serif;\"><span style=\"font-size: medium;\">Le comble est qu&rsquo;il me semble que l&rsquo;opposition est au moins aussi active si ce n&rsquo;est plus, heureusement qu&rsquo;ils sont l\u00e0 ^^ <\/span><\/span><\/span><\/p>\n<p style=\"text-align: justify;\"><span style=\"color: #000000;\"><span style=\"font-family: 'Times New Roman', serif;\"><span style=\"font-size: medium;\">Ils parlaient de m\u00e9ritocratie ? Bienvenue dans la m\u00e9diocratie ! <\/span><\/span><\/span><\/p>\n<p style=\"text-align: justify;\"><span style=\"color: #000000;\"><span style=\"font-family: 'Times New Roman', serif;\"><span style=\"font-size: medium;\">On va me trouver dur\u2026 Je ne veux pas vexer ici les concern\u00e9s, je n&rsquo;ai rien contre eux. Hulkk est tr\u00e8s sympa ainsi que la plupart de ses ministres, mais le probl\u00e8me \u00e9tant qu&rsquo;on ne leur demande pas d&rsquo;\u00eatre sympas mais d&rsquo;animer et de faire preuve d&rsquo;imagination\u2026 On les avait pr\u00e9venu avant qu&rsquo;ils ne se lancent dans l&rsquo;aventure r\u00e9volutionnaire, ils ont voulu jouer au plus malin\u2026 Et je pense qu&rsquo;ils se rendent compte que ce n&rsquo;est pas aussi simple qu&rsquo;initialement pr\u00e9vu\u2026<\/span><\/span><\/span><\/p>\n<p style=\"text-align: justify;\"><strong>Parlons de ton aventure au sein du gouvernement de Bella qui a \u00e9t\u00e9 pour le moins mouvement\u00e9e\u00a0: les critiques de certains ministres comme Lyonsuper, arriv\u00e9e d&rsquo;un ministre controvers\u00e9. Comment as-tu v\u00e9cu tout \u00e7a\u00a0?<\/strong><\/p>\n<blockquote><p>Quel soupir ! Le prince des t\u00e9n\u00e8bres m&rsquo;en a d\u00e9coiff\u00e9 !<\/p><\/blockquote>\n<p style=\"text-align: justify;\"><span style=\"text-decoration: underline;\"><span style=\"color: #000080; text-decoration: underline;\">ANETHERON<\/span><\/span> :\u00a0<span style=\"color: #000000;\"><span style=\"font-family: 'Times New Roman', serif;\"><span style=\"font-size: medium;\">Quel g\u00e2chis ! <\/span><\/span><\/span><\/p>\n<p style=\"text-align: justify;\"><span style=\"color: #000000;\"><span style=\"font-family: 'Times New Roman', serif;\"><span style=\"font-size: medium;\">Pendant la majeure partie du mandat, j&rsquo;ai eu l&rsquo;impression d&rsquo;\u00eatre entour\u00e9 par une bande de branquignoles qui se complaisaient dans les idioties qu&rsquo;ils commettaient <\/span><span style=\"font-size: medium;\">et d\u00e9bitaient \u00e0 longueur de posts <\/span><span style=\"font-size: medium;\">! Des maternelles ! Juste une cour de maternelles !<\/span> <\/span><\/span><\/p>\n<p style=\"text-align: justify;\"><span style=\"color: #000000;\"><span style=\"font-family: 'Times New Roman', serif;\"><span style=\"font-size: medium;\">Et pourtant tout avait bien commenc\u00e9 ! L&rsquo;AN fonctionnait bien malgr\u00e9 quelques cafouillages initiaux, tous les ministres (sauf Mega, inactif pour raisons IRL) faisaient leur job. Et puis d&rsquo;un seul coup, tout a bascul\u00e9 ! Lyon, que je m&rsquo;\u00e9tais remis \u00e0 appr\u00e9cier pourtant, a trouv\u00e9 ne serait-ce que le plus petit des pr\u00e9textes pour semer le trouble ! Contrairement \u00e0 ce qu&rsquo;il a dit, il a constamment et sciemment recherch\u00e9 la rupture ! <\/span><\/span><\/span><span style=\"color: #000000;\"><span style=\"font-family: 'Times New Roman', serif;\"><span style=\"font-size: medium;\">Haricot a \u00e9t\u00e9 \u00e9lu \u00e0 la suite d&rsquo;un vote entre ministres, c&rsquo;est un comble de rejeter un vote tout de m\u00eame&#8230;<\/span><\/span><\/span> <span style=\"color: #000000;\"><span style=\"font-family: 'Times New Roman', serif;\"><span style=\"font-size: medium;\"> La nomination de Haricot fut du pain b\u00e9ni pour lui ! Il avait trouv\u00e9 le pr\u00e9texte id\u00e9al pour mordre rageusement la main g\u00e9n\u00e9reuse et bienveillante qui l&rsquo;avait nourri (Bella donc) seulement pour ses ambitions personnelles. <\/span><\/span><\/span><\/p>\n<p style=\"text-align: justify;\"><span style=\"color: #000000;\"><span style=\"font-family: 'Times New Roman', serif;\"><span style=\"font-size: medium;\">Le d\u00e9part de Valy <em>[NDLR : Valifaty]<\/em> (qui a tr\u00e8s bien fait son job) et Mega <em>[Megapizz]<\/em> a resserr\u00e9 encore plus le gouvernement\u2026 Sans compter la d\u00e9mission forc\u00e9e de Krusty pour une sinistre affaire dont on ne saisit pas encore bien les tenants et les aboutissants. Cela a port\u00e9 un grave coup au moral de Bella et j&rsquo;\u00e9tais triste pour elle\u2026 Krusty et Mega, ses soutiens de la premi\u00e8re heure, \u00e9taient partis et celui \u00e0 qui elle avait fait totalement confiance et \u00e0 qui elle avait tout donn\u00e9, Lyon, lui avait tourn\u00e9 le dos. Elle a m\u00eame envisag\u00e9 de d\u00e9missionner \u00e0 ce moment-l\u00e0\u2026. Fort heureusement, je l&rsquo;en ai dissuad\u00e9 ! Son principal d\u00e9faut est de prendre les choses trop \u00e0 c\u0153ur. <\/span><\/span><\/span><\/p>\n<p style=\"text-align: justify;\"><span style=\"color: #000000;\"><span style=\"font-family: 'Times New Roman', serif;\"><span style=\"font-size: medium;\">J&rsquo;ai toujours dit, \u00e0 de multiples reprises sur le forum, que Haricot ne m\u00e9ritait aucunement une telle cabale \u00e0 son encontre et qu&rsquo;il \u00e9tait de son droit de m\u00e9riter une seconde chance ! Apr\u00e8s tout, on en avait bien donn\u00e9 une \u00e0 Lyon (qu&rsquo;il a g\u00e2ch\u00e9e) alors qu&rsquo;il avait plus \u00e0 se reprocher que mon croco ! <\/span><\/span><\/span><\/p>\n<p style=\"text-align: justify;\"><span style=\"color: #000000;\"><span style=\"font-family: 'Times New Roman', serif;\"><span style=\"font-size: medium;\">Lyon, Robert et Haricot s&rsquo;\u00e9charpaient constamment tant sur Discord que sur le forum. Dridrii, nouvellement nomm\u00e9, nous offrait un double jeu des plus passionnants <\/span><\/span><\/span><span style=\"color: #000000;\"><span style=\"font-family: 'Times New Roman', serif;\"><span style=\"font-size: medium;\">tant c&rsquo;\u00e9tait ridicule !<\/span><\/span><\/span><\/p>\n<div id=\"messages-51\" dir=\"LTR\" style=\"text-align: justify;\">\n<p><span style=\"color: #000000;\"><span style=\"font-family: 'Times New Roman', serif;\"><span style=\"font-size: medium;\">J&rsquo;ai \u00e9t\u00e9 tent\u00e9 de rentrer dans la m\u00eal\u00e9e mais par respect pour Bella et parce qu&rsquo;elle ne m\u00e9ritait pas cela, je m&rsquo;y suis refus\u00e9. J&rsquo;ai donc soigneusement \u00e9vit\u00e9 le clash sur le forum et sur Discord. J&rsquo;ai tent\u00e9 d&rsquo;apaiser les esprits en vain\u2026 J&rsquo;en ai terriblement voulu \u00e0 mes coll\u00e8gues de la mettre dans une telle situation, ils lui devaient tout et voil\u00e0 comment ils la remerciaient ! <\/span><\/span><\/span><span style=\"color: #000000;\"><span style=\"font-family: 'Times New Roman', serif;\"><span style=\"font-size: medium;\">Mon jugement a \u00e9volu\u00e9 pour Robert <em>[Robertleretour, aka Jesuiscahuzac]<\/em>, un type solide, qui tient bien la route, qui est int\u00e9ressant et intelligent m\u00eame si certaines de ses erreurs ont fait que je l&rsquo;ai eu en grippe un court instant (clash en public avec les autres, le coup de \u00ab\u00a0l&rsquo;article au lien pi\u00e9g\u00e9\u00a0\u00bb entre autres) et Haricot qui s&rsquo;est tr\u00e8s bien comport\u00e9 et a \u00e9t\u00e9 actif malgr\u00e9 quelques esclandres qui n&rsquo;aidaient personne\u2026 <\/span><\/span><\/span><\/p>\n<p><span style=\"color: #000000;\"><span style=\"font-family: 'Times New Roman', serif;\"><span style=\"font-size: medium;\">J&rsquo;ai eu le sentiment d&rsquo;\u00eatre le seul qui tenait vraiment la route en ces temps troubles^^<\/span><\/span><\/span><\/p>\n<div id=\"messages-54\" dir=\"LTR\"><span style=\"color: #000000;\"><span style=\"font-family: 'Times New Roman', serif;\"><span style=\"font-size: medium;\">Et puis vint la r\u00e9volution\u2026 <\/span><\/span><\/span><span style=\"color: #000000;\"><span style=\"font-family: 'Times New Roman', serif;\"><span style=\"font-size: medium;\">Enfin un bien grand mot ! <\/span><\/span><\/span><\/div>\n<\/div>\n<p style=\"text-align: justify;\"><span style=\"color: #000000;\"><span style=\"font-family: 'Times New Roman', serif;\"><span style=\"font-size: medium;\">Le processus \u00e9tait fortement d\u00e9s\u00e9quilibr\u00e9, mal organis\u00e9 et avec un admin qui voulait en faire le moins possible ! Et je ne parlerai pas des pressions IRL qu&rsquo;il a re\u00e7ues pour qu&rsquo;il mette en place cette r\u00e9vo\u2026\u00a0<\/span><\/span><\/span><span style=\"color: #000000;\"><span style=\"font-family: 'Times New Roman', serif;\"><span style=\"font-size: medium;\">Une fois encore, Bella, malgr\u00e9 toute sa bonne volont\u00e9, allait \u00eatre victime d&rsquo;une fort injuste destitution ! C&rsquo;est \u00e0 ce moment que je me suis r\u00e9ellement jet\u00e9 dans l&rsquo;ar\u00e8ne pour essayer de la d\u00e9fendre de toutes mes forces mais l&rsquo;anim \u00e9tant d\u00e9s\u00e9quilibr\u00e9e (je parle ici des tomates et du rapport gain\/perte), c&rsquo;\u00e9tait peine perdue.<\/span><\/span><\/span><\/p>\n<p style=\"text-align: justify;\"><span style=\"color: #000000;\"><span style=\"font-family: 'Times New Roman', serif;\"><span style=\"font-size: medium;\">Je n&rsquo;en veux pas aux rebelles en soi, ils ont jou\u00e9 leurs cartes et ils ont eu raison. J&rsquo;en veux nettement plus \u00e0 Bananus d&rsquo;inventer des r\u00e8gles au fur et \u00e0 mesure au point qu&rsquo;on ne sait jamais o\u00f9 l&rsquo;on va et aux ministres f\u00e9lons qui voulaient simplement participer \u00e0 la course aux petits chevaux et esp\u00e9rer empocher les gains une fois la ligne d&rsquo;arriv\u00e9e pass\u00e9e &#8230;<\/span>\u00a0<\/span><\/span><span style=\"color: #000000;\"><span style=\"font-family: 'Times New Roman', serif;\"><span style=\"font-size: medium;\">Donc je me r\u00e9p\u00e8te, quel g\u00e2chis\u2026<\/span> <\/span><\/span><\/p>\n<p style=\"text-align: justify;\"><span style=\"color: #000000;\"><span style=\"font-family: 'Times New Roman', serif;\"><span style=\"font-size: medium;\">Je pourrai raconter bien des choses et r\u00e9v\u00e9ler nombre de magouilles et de discussions mais ton article serait plus long que mes pav\u00e9s habituels, je vais donc m&rsquo;arr\u00eater l\u00e0 huhu ^^<\/span><\/span><\/span><\/p>\n<p style=\"text-align: justify;\"><strong>Tu es connu pour ton c\u00f4t\u00e9 myst\u00e9rieux, t\u00e9n\u00e9breux, tu poss\u00e8des une plume de qualit\u00e9 \u2026 Legend n&rsquo;a pas su r\u00e9sister \u00e0 ton charme. Je crois m\u00eame avoir entendu parler d&rsquo;un mariage, est-ce exact\u00a0?<\/strong><\/p>\n<p style=\"text-align: justify;\"><span style=\"text-decoration: underline;\"><span style=\"color: #000080; text-decoration: underline;\">ANETHERON<\/span><\/span> :\u00a0<span style=\"color: #000000;\"><span style=\"font-family: 'Times New Roman', serif;\"><span style=\"font-size: medium;\">Les t\u00e9n\u00e8bres sont insondables en effet, \u00e0 moins d&rsquo;\u00eatre initi\u00e9 au culte des damn\u00e9s\u2026 Il faut des pav\u00e9s enflamm\u00e9s pour \u00e9mouvoir la foule et la tirer de sa torpeur morbide quitte \u00e0 la bousculer quelque peu ! <\/span><\/span><\/span><\/p>\n<p style=\"text-align: justify;\"><span style=\"color: #000000;\"><span style=\"font-family: 'Times New Roman', serif;\"><span style=\"font-size: medium;\">Ma Legend ch\u00e9rie aime les mauvais gar\u00e7ons, que veux-tu ^^ <\/span><\/span><\/span><\/p>\n<p style=\"text-align: justify;\"><span style=\"color: #000000;\"><span style=\"font-family: 'Times New Roman', serif;\"><span style=\"font-size: medium;\">En effet, c&rsquo;est une id\u00e9e de Bella ! Magne devait nous marier en 2018 mais cela ne s&rsquo;est jamais fait. Mais je n&rsquo;ai pas le temps de m&rsquo;en occuper pour l&rsquo;instant malheureusement\u2026<\/span><\/span><\/span><\/p>\n<p style=\"text-align: justify;\"><strong>Doit-on s&rsquo;attendre \u00e0 un grand mariage\u00a0? Que peux-tu nous dire pour l&rsquo;instant\u00a0?<\/strong><\/p>\n<p style=\"text-align: justify;\"><span style=\"text-decoration: underline;\"><span style=\"color: #000080; text-decoration: underline;\">ANETHERON<\/span><\/span> :\u00a0<span style=\"color: #000000;\"><span style=\"font-family: 'Times New Roman', serif;\"><span style=\"font-size: medium;\">H\u00e9las, je ne passe presque plus sur Discord et tr\u00e8s peu sur le forum \u00e0 cause de l&rsquo;IRL, mais on en saura plus peut-\u00eatre mi-juin !<\/span><\/span><\/span><\/p>\n<p style=\"text-align: justify;\"><strong>Il nous tarde mi-juin alors pour en d\u00e9couvrir plus.<\/strong><\/p>\n<p style=\"text-align: justify;\"><strong>Parlons parti. Tu es le Tr\u00e9sorier d&rsquo;un parti qui ne fait que progresser\u00a0: IMPACT. Tu l&rsquo;as vite rejoint apr\u00e8s sa cr\u00e9ation. Pourquoi ce choix\u00a0?<\/strong><\/p>\n<p style=\"text-align: justify;\"><span style=\"text-decoration: underline;\"><span style=\"color: #000080; text-decoration: underline;\">ANETHERON<\/span><\/span> :\u00a0<span style=\"color: #000000;\"><span style=\"font-family: 'Times New Roman', serif;\"><span style=\"font-size: medium;\">C&rsquo;est ma foi fort vrai ! Mais tu le sais tr\u00e8s bien, tu es dans ledit parti ^^<\/span><\/span><\/span><\/p>\n<p style=\"text-align: justify;\"><span style=\"color: #000000;\"><span style=\"font-family: 'Times New Roman', serif;\"><span style=\"font-size: medium;\">Un hasard incroyable a voulu que Moostach et moi-m\u00eame revenions quasiment en m\u00eame temps sur VPM ! Comme on ne pouvait plus rejoindre l&rsquo;AP du fait des inactifs, on a d\u00e9cid\u00e9 de recr\u00e9er un nouveau parti ! Moos a trouv\u00e9 le nom, toujours aussi g\u00e9nial ^^ <\/span><\/span><\/span><\/p>\n<p style=\"text-align: justify;\"><span style=\"color: #000000;\"><span style=\"font-family: 'Times New Roman', serif;\"><span style=\"font-size: medium;\">Je l&rsquo;ai rejoint et voil\u00e0 ! C&rsquo;\u00e9tait un nouveau d\u00e9part !<\/span><\/span><\/span><\/p>\n<p style=\"text-align: justify;\"><strong>Bien sur que je le sais ^^<\/strong><\/p>\n<p style=\"text-align: justify;\"><strong>Ta r\u00e9ponse est chouette car la moustache n&rsquo;est jamais tr\u00e8s loin quand on \u00e9voque Anetheron \u2026 cela m&rsquo;a toujours intrigu\u00e9\u00a0: ami, amant, ex-couple\u00a0?<\/strong><\/p>\n<p style=\"text-align: justify;\"><span style=\"text-decoration: underline;\"><span style=\"color: #000080; text-decoration: underline;\">ANETHERON<\/span><\/span> :\u00a0<span style=\"color: #000000;\"><span style=\"font-family: 'Times New Roman', serif;\"><span style=\"font-size: medium;\">Haha ! Je ne le supporterais pas au quotidien malheureux^^. Non rien de tout cela, on ne se conna\u00eet pas IRL, c&rsquo;est juste le premier vrai pote de jeu sur VPM et il a fait office de mentor rien de plus !<\/span><\/span><\/span><\/p>\n<div id=\"messages-53\" dir=\"LTR\" style=\"text-align: justify;\"><span style=\"color: #000000;\"><span style=\"font-family: 'Times New Roman', serif;\"><span style=\"font-size: medium;\">C&rsquo;est un type haut en couleur et assez d\u00e9jant\u00e9, pile ce qu&rsquo;il faut \u00e0 vpm en r\u00e9alit\u00e9 mais il a tendance \u00e0 \u00eatre occup\u00e9 IRL \u00e0 notre grand regret !<\/span><\/span><\/span><\/div>\n<p style=\"text-align: justify;\"><span style=\"color: #000000;\"><span style=\"font-family: 'Times New Roman', serif;\"><span style=\"font-size: medium;\">(Il n&rsquo;est vraiment pas bon en campagne mais chut ! ^^)<\/span><\/span><\/span><\/p>\n<p style=\"text-align: justify;\"><strong>Oulala se sera dit, r\u00e9p\u00e9t\u00e9, et tr\u00e8s certainement amplifi\u00e9\u00a0!<\/strong><\/p>\n<p style=\"text-align: justify;\"><span style=\"text-decoration: underline;\"><span style=\"color: #000080; text-decoration: underline;\">ANETHERON<\/span><\/span> :\u00a0<span style=\"color: #000000;\"><span style=\"font-family: 'Times New Roman', serif;\"><span style=\"font-size: medium;\">Peuh ! Tout le monde le sait !<\/span><\/span><\/span><\/p>\n<p style=\"text-align: justify;\"><strong>Bon passons \u00e0 autre chose, va. Tu es le maire du Havre. S&rsquo;il existe, quel est ton prochain objectif sur VPM\u00a0?<\/strong><\/p>\n<p style=\"text-align: justify;\"><span style=\"text-decoration: underline;\"><span style=\"color: #000080; text-decoration: underline;\">ANETHERON<\/span><\/span> :\u00a0<span style=\"color: #000000;\"><span style=\"font-family: 'Times New Roman', serif;\"><span style=\"font-size: medium;\">Ho je n&rsquo;ai gu\u00e8re d&rsquo;objectif pr\u00e9cis. Avant c&rsquo;\u00e9tait d&rsquo;\u00eatre pr\u00e9sident mais maintenant que c&rsquo;est fait je n&rsquo;en ai plus r\u00e9ellement. J&rsquo;ambitionnais de prendre Paris, cela serait gratifiant et tr\u00e8s bien pour le parti mais bon ce n&rsquo;est pas un absolu en soi. Il serait bon que l&rsquo;on soit dans le top 3 mais l\u00e0 aussi ce n&rsquo;est pas un objectif absolu. Non, je ne souhaite que continuer \u00e0 m&rsquo;amuser avec les amis, anciens et nouveaux, en campagne et sur le forum, rien de plus ^^<\/span><\/span><\/span><\/p>\n<p style=\"text-align: justify;\"><strong>C&rsquo;est un bel objectif\u00a0! Tu es un grand lecteur de VPM\u00e9dias. Qu&rsquo;est-ce qui te pla\u00eet dans ce journal et quel est le genre d&rsquo;article qui attire ton attention\u00a0?<\/strong><\/p>\n<p style=\"text-align: justify;\"><span style=\"text-decoration: underline;\"><span style=\"color: #000080; text-decoration: underline;\">ANETHERON<\/span><\/span> :\u00a0<span style=\"color: #000000;\"><span style=\"font-family: 'Times New Roman', serif;\"><span style=\"font-size: medium;\">Oui je lis r\u00e9guli\u00e8rement ce torch\u2026 heu cette presse digne et s\u00e9rieuse (la seule \u00e0 vrai dire^^). <\/span><\/span><\/span><\/p>\n<p style=\"text-align: justify;\"><span style=\"color: #000000;\"><span style=\"font-family: 'Times New Roman', serif;\"><span style=\"font-size: medium;\">Et bien, Vpm\u00e9dias est pour ainsi dire une institution ! C&rsquo;est le dernier grand m\u00e9dia vpmien ! Il en existait d&rsquo;autres nagu\u00e8re mais ils ont malheureusement disparu\u2026 <\/span><\/span><\/span><\/p>\n<p style=\"text-align: justify;\"><span style=\"color: #000000;\"><span style=\"font-family: 'Times New Roman', serif;\"><span style=\"font-size: medium;\">Le CN est un passage oblig\u00e9, les journalistes sont sympathiques et heureusement qu&rsquo;ils sont l\u00e0 d&rsquo;ailleurs, toujours motiv\u00e9s ! Je lis \u00e0 peu pr\u00e8s tout sinon et j&rsquo;essaye de toujours commenter, autant que faire ce peut, afin d&rsquo;encourager les r\u00e9dacteurs \u00e0 continuer ainsi.<\/span><\/span><\/span><\/p>\n<p style=\"text-align: justify;\"><span style=\"color: #000000;\"><span style=\"font-family: 'Times New Roman', serif;\"><span style=\"font-size: medium;\">Je regrette d&rsquo;ailleurs que pas plus de Vpmiens ne s&rsquo;y rendent car les articles sont polyvalents et la parole est nettement plus libre que sur VPM ! Il est d&rsquo;ailleurs fort regrettable que Bananus n&rsquo;ait pas mis un lien (\u00e0 l&rsquo;image du wikivpm) clairement visible \u00e0 c\u00f4t\u00e9 du forum, enfin\u2026.<\/span><\/span><\/span><\/p>\n<p style=\"text-align: justify;\"><strong>Je l&rsquo;ai d\u00e9j\u00e0 dit, tu as une belle plume et cette interview en est encore une preuve. Est-ce que, plus tard, nous aurons la chance de lire des articles sign\u00e9s Anetheron\u00a0? En plus simple, ton int\u00e9gration dans le journal est-elle envisageable\u00a0?<\/strong><\/p>\n<p style=\"text-align: justify;\"><span style=\"text-decoration: underline;\"><span style=\"color: #000080; text-decoration: underline;\">ANETHERON<\/span><\/span> :\u00a0<span style=\"color: #000000;\"><span style=\"font-family: 'Times New Roman', serif;\"><span style=\"font-size: medium;\">Je te remercie ^^ <\/span><\/span><\/span><\/p>\n<p style=\"text-align: justify;\"><span style=\"color: #000000;\"><span style=\"font-family: 'Times New Roman', serif;\"><span style=\"font-size: medium;\">Il me semble que Gigi ou 006 m&rsquo;avaient d\u00e9j\u00e0 propos\u00e9 cela il y a quelques ann\u00e9es mais j&rsquo;avais d\u00fb d\u00e9cliner par manque de temps. H\u00e9las, j&rsquo;y ai pens\u00e9 \u00e0 plusieurs reprises ! Mais pour faire quoi ? Je suis heureux de lire le CN ou le CR mais, pour \u00eatre tout \u00e0 fait honn\u00eate, j&rsquo;aurai vraiment la flemme de les faire (c&rsquo;est pour cela que je loue ceux qui s&rsquo;y collent!). De surcro\u00eet l&rsquo;ann\u00e9e estudiantine qui arrive risque d&rsquo;\u00eatre tr\u00e8s prenante pour moi, donc je risquerai d&rsquo;\u00eatre un journaliste fictif\u2026 <\/span><\/span><\/span><\/p>\n<p style=\"text-align: justify;\"><span style=\"color: #000000;\"><span style=\"font-family: 'Times New Roman', serif;\"><span style=\"font-size: medium;\">Et puis la simple id\u00e9e d&rsquo;apporter le caf\u00e9 \u00e0 Fysk, Gigi ou Game, hors de question ^^<\/span><\/span><\/span><\/p>\n<p style=\"text-align: justify;\"><strong>Je te remercie d&rsquo;avoir appuy\u00e9 sur ce qui fait mal \u2026 Je souffre tous les jours de cette situation\u00a0!<\/strong><\/p>\n<p style=\"text-align: justify;\"><span style=\"text-decoration: underline;\"><span style=\"color: #000080; text-decoration: underline;\">ANETHERON<\/span><\/span> :\u00a0<span style=\"color: #000000;\"><span style=\"font-family: 'Times New Roman', serif;\"><span style=\"font-size: medium;\">Je compatis\u2026 Et puis les massages de pied de Fysk, mon pauvre ami\u2026 Et apporter les couches \u00e0 Bobmorane ! A son \u00e2ge c&rsquo;est normal, mais bon quand m\u00eame&#8230;<\/span><\/span><\/span><\/p>\n<p style=\"text-align: justify;\"><strong>Ne dis plus rien\u00a0! ARRETE\u00a0! STOP\u00a0! NOOONNNNNNNN\u00a0!<\/strong><\/p>\n<p style=\"text-align: justify;\"><strong>Depuis ton retour sur VPM, j&rsquo;ai l&rsquo;impression que tu t&rsquo;es assagi\u00a0: vrai ou faux\u00a0? Bon, apr\u00e8s ce que tu viens de me faire, j&rsquo;h\u00e9site &#8230;<\/strong><\/p>\n<p style=\"text-align: justify;\"><span style=\"text-decoration: underline;\"><span style=\"color: #000080; text-decoration: underline;\">ANETHERON<\/span><\/span> :\u00a0<span style=\"color: #000000;\"><span style=\"font-family: 'Times New Roman', serif;\"><span style=\"font-size: medium;\">Assagi ? Les morts ne vieillissent pas tu sais ^^ Les esprits peut-\u00eatre\u2026<\/span><\/span><\/span><\/p>\n<p style=\"text-align: justify;\"><span style=\"color: #000000;\"><span style=\"font-family: 'Times New Roman', serif;\"><span style=\"font-size: medium;\">Je l&rsquo;ignore ! Mais il est vrai que l&rsquo;exp\u00e9rience fait que l&rsquo;on est plus \u00e0 m\u00eame de prendre du recul par rapport \u00e0 ses d\u00e9buts. Disons que j&rsquo;ai la m\u00eame \u00e9nergie qu&rsquo;auparavant mais que je ne l&rsquo;utilise qu&rsquo;\u00e0 bon escient (ou en tout cas ce que je juge comme tel) ^^ <\/span><\/span><\/span><\/p>\n<p style=\"text-align: justify;\"><span style=\"color: #000000;\"><span style=\"font-family: 'Times New Roman', serif;\"><span style=\"font-size: medium;\">De surcro\u00eet, comme beaucoup d&rsquo;anciens, je suis assez d\u00e9sabus\u00e9\u2026 Bananus ne veut plus rien faire, et bien soit ! Je continue de me battre, je n&rsquo;ai pas baiss\u00e9 les bras compar\u00e9 \u00e0 certains (je ne leur en veux pas d&rsquo;ailleurs) mais pour de petits changements (la double sanction du pr\u00e9fet par exemple). Pour le reste, il faut vraiment \u00eatre un nouveau pour croire que l&rsquo;on peut changer VPM de fond en comble juste avec nos petits bras de joueurs. Donc d\u00e9sabus\u00e9 en partie mais cela ne m&#8217;emp\u00eache de continuer \u00e0 m&rsquo;amuser ! Disons que je cours moins apr\u00e8s des chim\u00e8res peut-\u00eatre !<\/span><\/span><\/span><\/p>\n<p style=\"text-align: justify;\"><strong>Mon cher ami, cette interview touche \u00e0 sa fin et j&rsquo;en suis d\u00e9sol\u00e9 car j&rsquo;ai pris beaucoup de plaisir \u00e0 la r\u00e9aliser \u00e0 tes c\u00f4t\u00e9s. Tu en as l&rsquo;habitude, je laisse des cartes blanches \u00e0 mes invit\u00e9s. Ce que tu veux \u00e9voquer tu le peux, fais-toi plaisir\u00a0!<\/strong><\/p>\n<p style=\"text-align: justify;\"><span style=\"text-decoration: underline;\"><span style=\"color: #000080; text-decoration: underline;\">ANETHERON<\/span><\/span> :\u00a0<span style=\"color: #000000;\"><span style=\"font-family: 'Times New Roman', serif;\"><span style=\"font-size: medium;\">J&rsquo;ignore o\u00f9 l&rsquo;on va ! <\/span><\/span><\/span><\/p>\n<p style=\"text-align: justify;\"><span style=\"color: #000000;\"><span style=\"font-family: 'Times New Roman', serif;\"><span style=\"font-size: medium;\">Les esprits sont sans repos et continuent de tournoyer au-dessus de nos t\u00eates. <\/span><\/span><\/span><\/p>\n<p style=\"text-align: justify;\"><span style=\"color: #000000;\"><span style=\"font-family: 'Times New Roman', serif;\"><span style=\"font-size: medium;\">Je ne sais pas o\u00f9 va VPM et o\u00f9 vont les Vpmiens\u2026 Je prends cela avec recul et je ne souhaite aucunement faire l&rsquo;oiseau de mauvais augure ! N\u00e9anmoins, l&rsquo;absence de volont\u00e9 \u00ab\u00a0d&rsquo;en-haut\u00a0\u00bb et, parfois, le niveau peu \u00e9lev\u00e9 \u00ab\u00a0d&rsquo;en-bas\u00a0\u00bb ne sont pas de nature \u00e0 me rassurer pour la suite\u2026 <\/span><\/span><\/span><\/p>\n<p style=\"text-align: justify;\"><span style=\"color: #000000;\"><span style=\"font-family: 'Times New Roman', serif;\"><span style=\"font-size: medium;\">J&rsquo;aimerai tant que VPM revive ! Mais une s\u00e9rie de malheureuses erreurs et la mauvaise volont\u00e9 de certains coupl\u00e9s \u00e0 des guerres d&rsquo;ego et des ambitions d\u00e9brid\u00e9es, font que tout cela ne tourne pas rond ! <\/span><\/span><\/span><\/p>\n<p style=\"text-align: justify;\"><span style=\"color: #000000;\"><span style=\"font-family: 'Times New Roman', serif;\"><span style=\"font-size: medium;\">Mais, que je cesse ici d&rsquo;\u00eatre le pessimiste de service ! Ne soyons pas catastrophistes comme certains sont tent\u00e9s de l&rsquo;\u00eatre ! Il existe nombre de Vpmiens supers, qu&rsquo;ils soient anciens ou nouveaux et tant que ces personnes actives et volontaires continueront \u00e0 faire de leur mieux, je suis s\u00fbr qu&rsquo;il y a encore de l&rsquo;espoir ! En ce qui me concerne, je t\u00e2cherai toujours de vous assommer \u00e0 coups de pav\u00e9s r\u00e9p\u00e9t\u00e9s juste pour vous maintenir un peu \u00e9veill\u00e9s (du moins quand j&rsquo;ai le temps\u2026) ! <\/span><\/span><\/span><\/p>\n<p style=\"text-align: justify;\"><span style=\"color: #000000;\"><span style=\"font-family: 'Times New Roman', serif;\"><span style=\"font-size: medium;\">On me reproche parfois ces pav\u00e9s, mais je pense qu&rsquo;il faut aussi pousser les gens \u00e0 faire marcher leurs neurones (ils le font IRL vous me direz), il faut pousser \u00e0 la r\u00e9flexion, \u00e0 l&rsquo;amusement, au RP<\/span><\/span><\/span><span style=\"font-size: medium; font-family: 'Times New Roman', serif; color: #000000;\">\u00a0et aussi \u00e0 la lecture ! Ce sont nos discussions qui animent VPM ! Alors t\u00e2chons de discuter, parfois pour dire des \u00e2neries ! Cependant, soyons intelligents dans notre b\u00eatise ^^<\/span><\/p>\n<p style=\"text-align: justify;\"><span style=\"color: #000000;\"><span style=\"font-family: 'Times New Roman', serif;\"><span style=\"font-size: medium;\">Les urnes vpmiennes sont en crise ? Et bien bourrez-les ! ^^<\/span><\/span><\/span><\/p>\n<p style=\"text-align: justify;\"><strong>Je tiens \u00e0 te rassurer la plupart des joueurs aiment VPM ! Et m\u00eame s&rsquo;ils n&rsquo;osent pas le dire, tes pav\u00e9s font partie int\u00e9grante du jeu et on prend un certain plaisir, parfois coupable, \u00e0 te lire ! Ne change pas ! Merci beaucoup encore d&rsquo;avoir pris le temps de me r\u00e9pondre et je te souhaite que du bonheur sur ce beau jeu !<\/strong><\/p>\n<p style=\"text-align: justify;\"><span style=\"text-decoration: underline;\"><span style=\"color: #000080; text-decoration: underline;\">ANETHERON<\/span><\/span> :\u00a0<span style=\"color: #000000;\"><span style=\"font-family: 'Times New Roman', serif;\"><span style=\"font-size: medium;\">C&rsquo;est que tu n&rsquo;en as jamais \u00e9t\u00e9 victime sans doute ^^ Je te suis gr\u00e9 pour tous ces compliments ! Merci \u00e0 toi de m&rsquo;avoir accueilli dans ta somptueuse habitation ! <\/span><\/span><\/span><\/p>\n<p style=\"text-align: justify;\"><span style=\"color: #000000;\"><span style=\"font-family: 'Times New Roman', serif;\"><span style=\"font-size: medium;\">Les statues de femmes \u00e0 poil et de dieux grecs c&rsquo;est un peu kitsch quand m\u00eame \u2026 <\/span><\/span><\/span><span style=\"color: #000000;\"><span style=\"font-family: 'Times New Roman', serif;\"><span style=\"font-size: medium;\">J&rsquo;esp\u00e8re que tu n&rsquo;as pas pomm\u00e9 les cl\u00e9s du local d&rsquo;IMPACT car je crois que le N\u00e9ant a emport\u00e9 les miennes\u2026. :\/ <\/span><\/span><\/span><\/p>\n<p style=\"text-align: justify;\"><span style=\"color: #000000;\"><span style=\"font-family: 'Times New Roman', serif;\"><span style=\"font-size: medium;\">Plein de malheur \u00e0 toi aussi\u00a0!<\/span><\/span><\/span><\/p>\n<p><span style=\"color: #000000; font-family: 'Times New Roman', serif; font-size: medium;\">\u00a0<\/span><\/p>\n","protected":false},"excerpt":{"rendered":"<p>Le Prince des t\u00e9n\u00e8bres passe \u00e0 la casserole &#8230; ses pav\u00e9s, nous, on les adore ! <\/p>\n","protected":false},"author":229,"featured_media":44619,"comment_status":"open","ping_status":"open","sticky":false,"template":"","format":"standard","meta":{"site-container-style":"default","site-container-layout":"default","site-sidebar-layout":"default","disable-article-header":"default","disable-site-header":"default","disable-site-footer":"default","disable-content-area-spacing":"default","footnotes":""},"categories":[312,4],"tags":[824,34,209],"class_list":["post-44617","post","type-post","status-publish","format-standard","has-post-thumbnail","hentry","category-g-a-la-une","category-2-vpmc","tag-se-met-a-nolulu","tag-interview","tag-people"],"_links":{"self":[{"href":"https:\/\/vpmedias.fr\/index.php?rest_route=\/wp\/v2\/posts\/44617","targetHints":{"allow":["GET"]}}],"collection":[{"href":"https:\/\/vpmedias.fr\/index.php?rest_route=\/wp\/v2\/posts"}],"about":[{"href":"https:\/\/vpmedias.fr\/index.php?rest_route=\/wp\/v2\/types\/post"}],"author":[{"embeddable":true,"href":"https:\/\/vpmedias.fr\/index.php?rest_route=\/wp\/v2\/users\/229"}],"replies":[{"embeddable":true,"href":"https:\/\/vpmedias.fr\/index.php?rest_route=%2Fwp%2Fv2%2Fcomments&post=44617"}],"version-history":[{"count":12,"href":"https:\/\/vpmedias.fr\/index.php?rest_route=\/wp\/v2\/posts\/44617\/revisions"}],"predecessor-version":[{"id":44638,"href":"https:\/\/vpmedias.fr\/index.php?rest_route=\/wp\/v2\/posts\/44617\/revisions\/44638"}],"wp:featuredmedia":[{"embeddable":true,"href":"https:\/\/vpmedias.fr\/index.php?rest_route=\/wp\/v2\/media\/44619"}],"wp:attachment":[{"href":"https:\/\/vpmedias.fr\/index.php?rest_route=%2Fwp%2Fv2%2Fmedia&parent=44617"}],"wp:term":[{"taxonomy":"category","embeddable":true,"href":"https:\/\/vpmedias.fr\/index.php?rest_route=%2Fwp%2Fv2%2Fcategories&post=44617"},{"taxonomy":"post_tag","embeddable":true,"href":"https:\/\/vpmedias.fr\/index.php?rest_route=%2Fwp%2Fv2%2Ftags&post=44617"}],"curies":[{"name":"wp","href":"https:\/\/api.w.org\/{rel}","templated":true}]}}