{"id":44954,"date":"2020-06-12T00:24:56","date_gmt":"2020-06-11T22:24:56","guid":{"rendered":"https:\/\/vpmedias.fr\/?p=44954"},"modified":"2020-06-12T00:32:17","modified_gmt":"2020-06-11T22:32:17","slug":"chlochlos-se-met-a-nolulu","status":"publish","type":"post","link":"https:\/\/vpmedias.fr\/?p=44954","title":{"rendered":"Chlochlos se met \u00e0 N(olul)u"},"content":{"rendered":"<p style=\"text-align: justify;\">Chers amis lecteurs, ch\u00e8res amies lectrices.<\/p>\n<p style=\"text-align: justify;\">Nous recevons aujourd&rsquo;hui un joueur que vous connaissez certainement. Son parti fait l&rsquo;actualit\u00e9 et il en est le porte-parole. Il a \u00e9t\u00e9 le premier pr\u00e9sident de l&rsquo;Assembl\u00e9e Nationale version Bellazelda, il s&rsquo;est pr\u00e9sent\u00e9 plusieurs fois \u00e0 l&rsquo;\u00e9lection pr\u00e9sidentielle. Oui c&rsquo;est un rebelle ! Je vous demande une ovation pour <strong><span style=\"color: #0000ff;\">Chlochlos<\/span><\/strong> !<\/p>\n<p><img loading=\"lazy\" decoding=\"async\" class=\"size-medium wp-image-44961 aligncenter\" src=\"https:\/\/vpmedias.fr\/wp-content\/uploads\/2020\/06\/62735-205x300.png\" alt=\"\" width=\"205\" height=\"300\" srcset=\"https:\/\/vpmedias.fr\/wp-content\/uploads\/2020\/06\/62735-205x300.png 205w, https:\/\/vpmedias.fr\/wp-content\/uploads\/2020\/06\/62735-102x150.png 102w, https:\/\/vpmedias.fr\/wp-content\/uploads\/2020\/06\/62735.png 222w\" sizes=\"auto, (max-width: 205px) 100vw, 205px\" \/><\/p>\n<p>&nbsp;<\/p>\n<blockquote>\n<p style=\"text-align: justify;\">Hier, 20h30, dans ma chambre \u00e0 regarder les oiseaux chanter, les feuilles tomber &#8230; bref, \u00e0 me faire chier royalement. Allez, direction le centre-ville pour se changer les id\u00e9es. Une bo\u00eete de nuit pour faire passer les heures.<\/p>\n<p style=\"text-align: justify;\">C&rsquo;est bien de pouvoir s&rsquo;amuser de temps \u00e0 autre. Mais un journaliste (stagiaire) aussi r\u00e9put\u00e9 que moi ne passe pas inaper\u00e7u &#8230; Trois charmantes filles m&rsquo;ont assez vite rejoint, me reconnaissant au loin. Une bonne soir\u00e9e en perspective &#8230;<\/p>\n<p style=\"text-align: justify;\">\u00ab\u00a0Cela doit \u00eatre g\u00e9nial de travailler dans un journal comme VPM\u00e9dias !\u00a0\u00bb. Effectivement, on s&rsquo;y pla\u00eet. Mais cette soir\u00e9e va tr\u00e8s vite se transformer en cauchemar.<\/p>\n<p style=\"text-align: justify;\">\u00ab\u00a0Il est comment Fysk ? Moi je l&rsquo;adore !\u00a0\u00bb, \u00ab\u00a0Oh Game a l&rsquo;air tellement mignon ?\u00a0\u00bb, \u00ab\u00a0Magne est-il si vieux que cela ?\u00a0\u00bb, \u00ab\u00a0J&rsquo;adore Bellazelda, j&rsquo;aimerais tellement la rencontrer &#8230;\u00a0\u00bb.<\/p>\n<p style=\"text-align: justify;\">Quoi ? Fysk est un pervers. C&rsquo;est quand m\u00eame l&rsquo;inventeur d&rsquo;un site pour adultes. Game &#8230; il est si petit &#8230; on dirait un nain ! Bien sur que Magne est vieux : c&rsquo;est un Pape qui n&rsquo;a plus toute sa t\u00eate. Par contre Bellazelda, c&rsquo;est sur mon territoire alors pas touche ! Non mais &#8230;<\/p>\n<p style=\"text-align: justify;\">Trop c&rsquo;est trop ! Lulu si tu allais prendre l&rsquo;air ? Bonne id\u00e9e. Mais cette fois-ci, je n&rsquo;aurai absolument pas le temps de me faire suer &#8230; bien au contraire. Les nouvelles actualit\u00e9s s&rsquo;affichant sur mon t\u00e9l\u00e9phone, je vois le <strong>Front de la R\u00e9bellion<\/strong> en t\u00eate du Top 15 des partis les plus influents de VPM. Comme tout bon journaliste qui se respecte, Lulu a \u00e9norm\u00e9ment de contacts &#8230; le porte-parole dudit parti ? Bien s\u00fbr ! Le rencontrer ? Il est partant ! Alors c&rsquo;est parti !<\/p>\n<p>&nbsp;<\/p><\/blockquote>\n<p style=\"text-align: justify;\"><strong>Cher Chlochlos je suis ravi que tu aies accept\u00e9 de te pr\u00eater au jeu des questions-r\u00e9ponses, que la nudit\u00e9 ne te pose aucun souci ! Pourrais-tu te pr\u00e9senter en quelques mots, s&rsquo;il te pla\u00eet\u00a0?<\/strong><\/p>\n<p style=\"text-align: justify;\"><strong><span style=\"text-decoration: underline;\"><span style=\"color: #0000ff; text-decoration: underline;\">CHLOCHLOS<\/span><\/span> :<\/strong>\u00a0<span style=\"color: #000000;\"><span style=\"font-family: 'Times New Roman', serif;\"><span style=\"font-size: medium;\">Tout d\u2019abord merci pour l\u2019invitation, j\u2019adore me mettre \u00e0 nu ! Je suis le porte-parole du Front de la R\u00e9bellion, candidat \u00e0 Bruxelles. Je suis de nature optimiste.<\/span><\/span><\/span><\/p>\n<p style=\"text-align: justify;\"><strong>Alors raconte-nous tout\u00a0! Depuis quand es-tu sur le jeu, et comment l&rsquo;a tu d\u00e9couvert\u00a0?<\/strong><\/p>\n<p style=\"text-align: justify;\"><strong><span style=\"text-decoration: underline;\"><span style=\"color: #0000ff; text-decoration: underline;\">CHLOCHLOS<\/span><\/span> :<\/strong>\u00a0<span style=\"color: #000000;\"><span style=\"font-family: 'Times New Roman', serif;\"><span style=\"font-size: medium;\">Eh bien \u00e7a ne me rajeunit pas je suis sur le jeu depuis 2006&#8230;. \u00e0 l\u2019\u00e9poque de la campagne de la pr\u00e9sidentielle de 2007 par int\u00e9r\u00eat pour la chose politique. Et puis je suis encore l\u00e0 13 ans apr\u00e8s.<\/span><\/span><\/span><\/p>\n<p style=\"text-align: justify;\"><strong>Tu es un vieux du jeu.<\/strong><\/p>\n<p style=\"text-align: justify;\"><strong>Quand on parle de toi, que ton nom est mentionn\u00e9, on pense imm\u00e9diatement au Parti For Ever que tu as rejoint d\u00e8s 2013 avant de le quitter 4 ans plus tard. Avais-tu besoin de voir autre chose\u00a0? Pourquoi l&rsquo;avoir quitt\u00e9\u00a0?<\/strong><\/p>\n<p style=\"text-align: justify;\"><strong><span style=\"text-decoration: underline;\"><span style=\"color: #0000ff; text-decoration: underline;\">CHLOCHLOS<\/span><\/span> :<\/strong>\u00a0<span style=\"color: #000000;\"><span style=\"font-family: 'Times New Roman', serif;\"><span style=\"font-size: medium;\">Oui un vieux. 4 ans de loyaux services au PFE c\u2019\u00e9tait g\u00e9nial&#8230; je ne suis pas pr\u00eat de partir du<span style=\"color: #0000ff;\"><strong> Front de la R\u00e9bellion<\/strong><\/span>&#8230; Je suis parti pour voir ailleurs, rencontrer d\u2019autres gens et partis. J\u2019ai toujours des rapports au top avec le PFE, beaucoup de membres m\u2019ont apport\u00e9 leur soutien lors de la pr\u00e9sidentielle par exemple.<\/span><\/span><\/span><\/p>\n<p style=\"text-align: justify;\"><strong>En parlant de la pr\u00e9sidentielle, on se pose tous une question\u00a0: le matin, quand tu te rase, penses-tu encore et toujours \u00e0 la pr\u00e9sidence de VPM\u00a0?<\/strong><\/p>\n<p style=\"text-align: justify;\"><strong><span style=\"text-decoration: underline;\"><span style=\"color: #0000ff; text-decoration: underline;\">CHLOCHLOS<\/span><\/span> :<\/strong>\u00a0<span style=\"color: #000000;\"><span style=\"font-family: 'Times New Roman', serif;\"><span style=\"font-size: medium;\">Ahahah, je ne me rase pas, j\u2019aime ma barbe. Plus s\u00e9rieusement, que je vois les attaques incessantes des oppositions contre <span style=\"color: #0000ff;\"><strong>Hulkk<\/strong><\/span>, non je ne pense pas \u00e0 la pr\u00e9sidentielle. Je suis engag\u00e9 comme d\u00e9put\u00e9 et porte-parole \u00e0 faire r\u00e9ussir les rebelles avant tout.<\/span><\/span><\/span><\/p>\n<p style=\"text-align: justify;\"><strong>En effet, c&rsquo;est d\u00e9j\u00e0 un beau projet.<\/strong><\/p>\n<p style=\"text-align: justify;\"><strong>Tu as un palmar\u00e8s assez fourni. En octobre 2013, tu t&#8217;empares de la mairie de Villeurbanne que tu ne l\u00e2cheras plus\u00a0: 9 fois maire, avec des scores de second tour impressionnants. Un retour dans ton fief, est-ce que tu y penses\u00a0?<\/strong><\/p>\n<p><img loading=\"lazy\" decoding=\"async\" class=\" wp-image-44973 aligncenter\" src=\"https:\/\/vpmedias.fr\/wp-content\/uploads\/2020\/06\/Capture-1-300x120.png\" alt=\"\" width=\"383\" height=\"153\" srcset=\"https:\/\/vpmedias.fr\/wp-content\/uploads\/2020\/06\/Capture-1-300x120.png 300w, https:\/\/vpmedias.fr\/wp-content\/uploads\/2020\/06\/Capture-1-150x60.png 150w, https:\/\/vpmedias.fr\/wp-content\/uploads\/2020\/06\/Capture-1.png 484w\" sizes=\"auto, (max-width: 383px) 100vw, 383px\" \/><\/p>\n<p style=\"text-align: justify;\"><strong><span style=\"text-decoration: underline;\"><span style=\"color: #0000ff; text-decoration: underline;\">CHLOCHLOS<\/span><\/span> :<\/strong>\u00a0<span style=\"color: #000000;\"><span style=\"font-family: 'Times New Roman', serif;\"><span style=\"font-size: medium;\">Oui 9 victoires, plus de 88 % au second tour lors de la meilleure \u00e9lection, c\u2019est in\u00e9dit. La mairie de <span style=\"color: #0000ff;\"><strong>Villeurbanne<\/strong><\/span> rayonnait et \u00e9tait le centre politique de VPM pendant un temps&#8230; quand on voit ce que fait le maire actuel Katnevermange de la ville&#8230; quelle tristesse ! Un retour dans mon fief, n\u2019est pas pour le moment pr\u00e9vu, je suis concentr\u00e9 sur Bruxelles, je donne tout pour battre Kropo et mettre les rebelles \u00e0 la t\u00eate de cette ville.\u00a0\u00a0<\/span><\/span><\/span><\/p>\n<p style=\"text-align: justify;\"><strong>Bruxelles, belle Belgique.<\/strong><\/p>\n<p style=\"text-align: justify;\"><strong>En 2019, tu fais tes tout premiers pas au Front de la R\u00e9bellion\u00a0: pourquoi avoir rejoint ce parti\u00a0?<\/strong><\/p>\n<p style=\"text-align: justify;\"><strong><span style=\"text-decoration: underline;\"><span style=\"color: #0000ff; text-decoration: underline;\">CHLOCHLOS<\/span><\/span> :<\/strong>\u00a0<span style=\"color: #000000;\"><span style=\"font-family: 'Times New Roman', serif;\"><span style=\"font-size: medium;\">Oui, d\u2019ailleurs les \u00e9lecteurs sont appel\u00e9s \u00e0 voter demain <strong>{{1}}[[1]]NDLR : A Bruxelles[[1]]<\/strong>. J\u2019ai recommenc\u00e9 \u00e0 jouer pleinement en 2019, j\u2019ai postul\u00e9 chez les rebelles car j\u2019avais le sentiment que ce parti pouvait avoir un grand avenir&#8230; j\u2019ai eu du nez pour le moment.<\/span><\/span><\/span><\/p>\n<p style=\"text-align: justify;\"><strong>Apr\u00e8s avoir obtenu la mairie de Nantes, tu as d&rsquo;excellents r\u00e9sultats dans la ville belge. Les grandes villes semblent te r\u00e9ussir\u00a0: y prends-tu plus de plaisir\u00a0?<\/strong><\/p>\n<p style=\"text-align: justify;\"><strong><span style=\"text-decoration: underline;\"><span style=\"color: #0000ff; text-decoration: underline;\">CHLOCHLOS<\/span><\/span> :<\/strong>\u00a0<span style=\"color: #000000;\"><span style=\"font-family: 'Times New Roman', serif;\"><span style=\"font-size: medium;\">Nantes \u00e9tait le choix du c\u0153ur, je suis en IRL un vrai ptit\u2019Lu (j\u2019aime bien les BN aussi (\u00e7a veut dire Biscuiterie Nantaise)). Bref, donc j\u2019ai tout fait pour faire un r\u00e9sultat ambitieux. Pour <span style=\"color: #0000ff;\"><strong>Bruxelles<\/strong><span style=\"color: #000000;\">,<\/span><\/span> c\u2019est le choix de la raison, Hulkk m\u2019a fait confiance pour prendre la capitale belge, j\u2019y suis donc. J\u2019aime \u00eatre dans les grandes villes mais j\u2019aime aussi les plus petites, je fais campagne \u00e0 <span style=\"color: #0000ff;\"><strong>Angers<\/strong><\/span> avec mon multi et je tourne autour de 42% au premier tour.<\/span><\/span><\/span><\/p>\n<p style=\"text-align: justify;\"><strong>Depuis peu, le Front de la R\u00e9bellion est en t\u00eate du top 15 des partis les plus influents de VPM. Ton premier ressenti en tant que porte-parole\u00a0?<\/strong><\/p>\n<p style=\"text-align: justify;\"><strong><span style=\"text-decoration: underline;\"><span style=\"color: #0000ff; text-decoration: underline;\">CHLOCHLOS<\/span><\/span> :<\/strong>\u00a0<span style=\"color: #000000;\"><span style=\"font-family: 'Times New Roman', serif;\"><span style=\"font-size: medium;\">De l\u2019\u00e9motion bien entendu. Le Front de la R\u00e9bellion gr\u00e2ce \u00e0 tout les membres a r\u00e9ussi \u00e0 devenir <span style=\"color: #0000ff;\"><strong>premier<\/strong><\/span> en effet, c\u2019est un v\u00e9ritable travail d\u2019\u00e9quipe. Avec Hulkk comme pr\u00e9sident, <span style=\"color: #0000ff;\"><strong>Mamix<\/strong><\/span> qui donne de pr\u00e9cieux conseil ou encore <span style=\"color: #0000ff;\"><strong>Lens<\/strong><\/span> \u00e0 la caisse, nous avons tous \u0153uvr\u00e9 dans ce sens. Comme <span style=\"color: #0000ff;\"><strong>PP<\/strong><\/span>, j\u2019ai comme mission de cr\u00e9er le plus d\u2019alliance possible, et cela permet d\u2019avoir des campagnes plus intenses.\u00a0 \u00a0<\/span><\/span><\/span><\/p>\n<p style=\"text-align: justify;\"><strong>Bon, je pense, sans trop me mouiller, que l&rsquo;objectif principal est de conserver cette premi\u00e8re place, ou au moins rester sur le podium. Quels sont les ingr\u00e9dients pour y arriver\u00a0?<\/strong><\/p>\n<p style=\"text-align: justify;\"><strong><span style=\"text-decoration: underline;\"><span style=\"color: #0000ff; text-decoration: underline;\">CHLOCHLOS<\/span><\/span> :<\/strong>\u00a0<span style=\"color: #000000;\"><span style=\"font-family: 'Times New Roman', serif;\"><span style=\"font-size: medium;\">Oui, bien entendu le plus dur n\u2019est pas de monter, le plus dur c\u2019est de se maintenir. Les ingr\u00e9dients sont : un peu de Hulkk, un pinc\u00e9e de Mamix, un zeste de Chlochlos, 4 \u0153ufs du nom de Ugo, Sylsylsy, Shaakti et Husky. Mettre au four Artarriat. Laisse refroidir et faites confiance \u00e0 Deusmer, Vloumy, Tistouf et Amarula pour d\u00e9guster le tout.<\/span><\/span><\/span><\/p>\n<p style=\"text-align: justify;\"><strong>J&rsquo;esp\u00e8re que cette recette est bonne alors \u2026<\/strong><\/p>\n<p style=\"text-align: justify;\"><strong>Le FR est leader, Hulkk est le Pr\u00e9sident de VPM\u00a0! Tout va pour le mieux pour vous \u2026 Que penses-tu de son mandat\u00a0?<\/strong><\/p>\n<p style=\"text-align: justify;\"><strong><span style=\"text-decoration: underline;\"><span style=\"color: #0000ff; text-decoration: underline;\">CHLOCHLOS<\/span><\/span> :<\/strong>\u00a0<span style=\"color: #000000;\"><span style=\"font-family: 'Times New Roman', serif;\"><span style=\"font-size: medium;\">Oui cela va bien. Le mandat de Hulkk est un mandat compliqu\u00e9, la t\u00e2che est dure. Il n\u2019a pas \u00e9t\u00e9 \u00e9lu de mani\u00e8re d\u00e9mocratique, cela doit le renforcer dans sa capacit\u00e9 \u00e0 r\u00e9ussir. J\u2019ai \u00e9t\u00e9 un des premiers lors de son investiture \u00e0 \u00eatre proche de lui pour lui donner des conseils, Hulk est un bon pr\u00e9sident il a le soucis de VPM c\u2019est le plus important. Peut-\u00eatre l\u2019allumage \u00e9tait long, oui, n\u00e9anmoins il faut remettre dans le contexte d\u2019une prise de pouvoir non pr\u00e9vue.<\/span><\/span><\/span><\/p>\n<p style=\"text-align: justify;\"><strong>Tu as raison. Ce n&rsquo;\u00e9tait pas une \u00e9lection ordinaire. Cela s&rsquo;est effectu\u00e9 gr\u00e2ce \u00e0 un kill and heal entre r\u00e9volutionnaires (les personnes ayant lanc\u00e9 le plus de tomates lors du mandat de Bellazelda). Apr\u00e8s, je pense que tout le monde savait qu&rsquo;Hulkk en sortirai vainqueur. Ne s&rsquo;est-il pas du tout pr\u00e9par\u00e9 pour le poste\u00a0?<\/strong><\/p>\n<p style=\"text-align: justify;\"><strong><span style=\"text-decoration: underline;\"><span style=\"color: #0000ff; text-decoration: underline;\">CHLOCHLOS<\/span><\/span> :\u00a0<\/strong><span style=\"color: #000000;\"><span style=\"font-family: 'Times New Roman', serif;\"><span style=\"font-size: medium;\">Bien entendu il s\u2019\u00e9tait pr\u00e9par\u00e9, mais tant qu\u2019on n\u2019est pas en poste, il faut \u00eatre pragmatique. Mais bon, aujourd\u2019hui, il assure comme pr\u00e9sident.<\/span><\/span><\/span><\/p>\n<p style=\"text-align: justify;\"><strong>Une des animations mise en place a engendr\u00e9e une pluie de critiques\u00a0: l&rsquo;AN qui devait \u00eatre l&rsquo;animation phare du mandat de Hulkk. Certains joueurs, dont un ministre Dridrii, se sont plaints d&rsquo;une animation \u00e0 la peine pour se mettre en place, avec des changements de r\u00e8gles au gr\u00e9 du vent pour favoriser certains groupes (c&rsquo;est ce qu&rsquo;il en est ressorti). Une r\u00e9partition de si\u00e8ges qui a pu \u00e9galement faire d\u00e9bat\u00a0: la liste \u00e9tant arriv\u00e9e en t\u00eate du scrutin ayant le m\u00eame nombre de d\u00e9put\u00e9s que la deuxi\u00e8me (donc aucun avantage \u00e0 avoir gagn\u00e9 le vote) ce qui a pu rappeler quelques avantages \u00e0 un groupe. Une fois l&rsquo;animation r\u00e9ellement commenc\u00e9e, des d\u00e9put\u00e9s qui devaient se prononcer pour envoyer une enveloppe \u00e0 un joueur ne le font pas, tous les d\u00e9put\u00e9s ne votent pas ! On a comme l&rsquo;impression d&rsquo;un souhait de balayer tout ce qui a pu bien fonctionner par le pass\u00e9 car cela avait \u00e9t\u00e9 r\u00e9alis\u00e9 par la monarchie. D&rsquo;ailleurs cette Assembl\u00e9e fonctionnait assez bien. Que penses-tu de toutes ces critiques\u00a0?<\/strong><\/p>\n<p style=\"text-align: justify;\"><strong><span style=\"text-decoration: underline;\"><span style=\"color: #0000ff; text-decoration: underline;\">CHLOCHLOS<\/span><\/span> :<\/strong>\u00a0<span style=\"color: #000000;\"><span style=\"font-family: 'Times New Roman', serif;\"><span style=\"font-size: medium;\">Je ne commenterai pas les petites attaques de certaines personnes ne proposant rien d\u2019autre que <strong><span style=\"color: #0000ff;\">la chienlit<\/span><\/strong> et pr\u00e9parant des <strong><span style=\"color: #0000ff;\">\u00e9ch\u00e9ances futures<\/span><\/strong>. <strong><span style=\"color: #0000ff;\">L\u2019assembl\u00e9e de la royaut\u00e9<\/span><\/strong> fonctionnait, je l\u2019ai dis plusieurs fois, j\u2019en ai \u00e9t\u00e9 d\u2019ailleurs le premier pr\u00e9sident. Hulkk a fait le choix de faire autrement et je trouve cela int\u00e9ressant \u00e9galement. Quand \u00e0 la r\u00e9partition par vote, cela est li\u00e9 au mode de scrutin. La liste rebelle avait environ 8 voix de plus que la troisi\u00e8me, la question pouvait aussi se l\u00e9gitimer de savoir pourquoi elle n\u2019a pas deux si\u00e8ges au lieu d\u2019un. Churchill disait \u201cla d\u00e9mocratie est le pire syst\u00e8me politique apr\u00e8s tous les autres\u201d. Il n\u2019est pas parfait mais faut faire avec. Aujourd\u2019hui l\u2019assembl\u00e9e fonctionne au ralenti car <strong><span style=\"color: #0000ff;\">le superd\u00e9put\u00e9<\/span><\/strong> venant du <strong><span style=\"color: #0000ff;\">groupe ANUS<\/span>{{2}}[[2]]Salsifesses[[2]]<\/strong> a \u00e9t\u00e9 incapable d&rsquo;\u00eatre \u00e0 la hauteur. Je suis d\u00e9put\u00e9, j\u2019ai vu le superd\u00e9put\u00e9 en faire une institution immobile. Il va falloir rendre plus flexible l\u2019Assembl\u00e9e nationale r\u00e9volutionnaire.<\/span><\/span><\/span><\/p>\n<p style=\"text-align: justify;\"><strong>Tu parles de l&rsquo;immobilisme de l&rsquo;institution \u2026 actuellement il n&rsquo;y a pas de pr\u00e9sident de l&rsquo;Assembl\u00e9e\u00a0: pourquoi\u00a0? Va-t-on revoir un pr\u00e9sident au sein de l&rsquo;h\u00e9micycle\u00a0?<\/strong><\/p>\n<p style=\"text-align: justify;\"><strong><span style=\"text-decoration: underline;\"><span style=\"color: #0000ff; text-decoration: underline;\">CHLOCHLOS<\/span><\/span> :<\/strong>\u00a0<span style=\"color: #000000;\"><span style=\"font-family: 'Times New Roman', serif;\"><span style=\"font-size: medium;\">Oui, pas de pr\u00e9sident car il a d\u00e9cid\u00e9 de quitter le navire. Deux choix, soit \u00e9lire un nouveau pr\u00e9sident de l\u2019assembl\u00e9e, j\u2019ai d\u2019ailleurs dit que j\u2019\u00e9tais candidat. Soit dissoudre l\u2019assembl\u00e9e et repasser par les urnes avec une assembl\u00e9e avec plus de d\u00e9put\u00e9s.<\/span><\/span><\/span><\/p>\n<p style=\"text-align: justify;\"><strong>Du moins, c&rsquo;est le Pr\u00e9sident Hulkk qui s&rsquo;octroie le poste en d\u00e9partageant celui qui aura l&rsquo;enveloppe &#8230; n&rsquo;est ce pas aller \u00e0 l&rsquo;encontre de l&rsquo;institution que de demander au Pr\u00e9sident de trancher ? L&rsquo;enveloppe n&rsquo;est donc plus du seul fait des d\u00e9put\u00e9s &#8230;<\/strong><\/p>\n<p style=\"text-align: justify;\"><strong><span style=\"text-decoration: underline;\"><span style=\"color: #0000ff; text-decoration: underline;\">CHLOCHLOS<\/span><\/span> :<\/strong>\u00a0<span style=\"color: #000000;\"><span style=\"font-family: 'Times New Roman', serif;\"><span style=\"font-size: medium;\">Il peut sembler y avoir une confusion des pouvoirs. N\u00e9anmoins, l\u2019assembl\u00e9e a toujours vot\u00e9 massivement ses projets. J\u2019ai confiance dans sa capacit\u00e9 \u00e0 \u00e9viter l\u2019immobilisme. Apr\u00e8s je l\u2019ai redit plusieurs fois il faut un nouveau pr\u00e9sident ou pr\u00e9sidente de l\u2019institution.<\/span><\/span><\/span><\/p>\n<p style=\"text-align: justify;\"><strong>Donc pour \u00eatre clair tu demandes au Pr\u00e9sident d&rsquo;abandonner ce poste et de faire en sorte que les d\u00e9put\u00e9s \u00e9lisent un pr\u00e9sident pour l&rsquo;institution ?<\/strong><\/p>\n<p style=\"text-align: justify;\"><strong><span style=\"text-decoration: underline;\"><span style=\"color: #0000ff; text-decoration: underline;\">CHLOCHLOS<\/span><\/span> :<\/strong>\u00a0<span style=\"color: #000000;\"><span style=\"font-family: 'Times New Roman', serif;\"><span style=\"font-size: medium;\">Oui, j\u2019ai d\u2019ailleurs pris position sur le forum. Hulkk est Pr\u00e9sident de la R\u00e9publique c\u2019est d\u00e9j\u00e0 beaucoup. Il faut d\u00e9l\u00e9guer les choses. il a ce poste le temps que les choses entrent dans le rang.<\/span><\/span><\/span><\/p>\n<p style=\"text-align: justify;\"><strong>Tr\u00e8s bien.<\/strong><\/p>\n<p style=\"text-align: justify;\"><strong>Le Pr\u00e9sident a \u00e9mis un d\u00e9sir\u00a0: celui de publier un sondage pour tester sa c\u00f4te de popularit\u00e9. Ce sondage r\u00e9alis\u00e9 par Clementleretour montre une forme d&rsquo;insatisfaction du peuple. Comment analyses-tu ces chiffres en tenant compte que 3 des r\u00e9ponses (sur 5) \u00e9taient assez favorables au Pr\u00e9sident\u00a0?<\/strong><\/p>\n<p><img loading=\"lazy\" decoding=\"async\" class=\" wp-image-44975 aligncenter\" src=\"https:\/\/vpmedias.fr\/wp-content\/uploads\/2020\/06\/Capture-4-300x168.png\" alt=\"\" width=\"400\" height=\"224\" srcset=\"https:\/\/vpmedias.fr\/wp-content\/uploads\/2020\/06\/Capture-4-300x168.png 300w, https:\/\/vpmedias.fr\/wp-content\/uploads\/2020\/06\/Capture-4-150x84.png 150w, https:\/\/vpmedias.fr\/wp-content\/uploads\/2020\/06\/Capture-4.png 407w\" sizes=\"auto, (max-width: 400px) 100vw, 400px\" \/><\/p>\n<p style=\"text-align: justify;\"><strong><span style=\"text-decoration: underline;\"><span style=\"color: #0000ff; text-decoration: underline;\">CHLOCHLOS<\/span><\/span> :<\/strong>\u00a0<span style=\"color: #000000;\"><span style=\"font-family: 'Times New Roman', serif;\"><span style=\"font-size: medium;\">Tout d\u2019abord, c\u2019est un signal fort ! Hulkk redonne le pouvoir au peuple, c\u2019est l\u2019essence m\u00eame des rebelles. Le pr\u00e9sident a environ 36% d\u2019opinions favorables. Et environ 10% de correct. C\u2019est un tr\u00e8s bon chiffre, il fait \u00e0 lui seul environ 46% de popularit\u00e9, alors que la liste que je menais aux l\u00e9gislatives faisait environ 25%. Il y a donc une progression forte ! De plus, vus les diff\u00e9rents groupes d\u2019oppositions, c\u2019est finalement tr\u00e8s minime comme d\u00e9fiance. La d\u00e9fiance est majoritaire, oui mais tellement explos\u00e9 entre les groupes que Hulkk est le seul \u00e0 bord.<\/span><\/span><\/span><\/p>\n<p style=\"text-align: justify;\"><strong>Bon revenons \u00e0 toi \u2026 Dis nous tout\u00a0! Tu es plus du style \u00e0 chanter la Marseillaise de tout ton c\u0153ur, ou plus centr\u00e9 vers des chants de r\u00e9volte, des chants r\u00e9volutionnaires\u00a0?<\/strong><\/p>\n<p style=\"text-align: justify;\"><strong><span style=\"text-decoration: underline;\"><span style=\"color: #0000ff; text-decoration: underline;\">CHLOCHLOS<\/span><\/span> :<\/strong>\u00a0<span style=\"color: #000000;\"><span style=\"font-family: 'Times New Roman', serif;\"><span style=\"font-size: medium;\">Les deux ! La marseillaise est un chant r\u00e9volutionnaire. Pour rappel le 25 avril 1792 Claude Joseph Rouget de Lisle compose \u00e0 Strasbourg, sous la R\u00e9volution fran\u00e7aise, une chanson militaire pour les soldats fran\u00e7ais. Et en 1792, ce n\u2019\u00e9tait pas la monarchie (d\u00e9sol\u00e9 je suis prof d\u2019histoire g\u00e9o). Je suis un r\u00e9volt\u00e9 pragmatique. Tout un concept.<\/span><\/span><\/span><\/p>\n<p style=\"text-align: justify;\"><strong>L&rsquo;interview touche malheureusement \u00e0 sa fin. Je te laisse carte blanche pour exprimer tout ce qui te passe par la t\u00eate, fais-toi plaisir\u00a0!<\/strong><\/p>\n<p style=\"text-align: justify;\"><strong><span style=\"text-decoration: underline;\"><span style=\"color: #0000ff; text-decoration: underline;\">CHLOCHLOS<\/span><\/span> :<\/strong>\u00a0<span style=\"color: #000000;\"><span style=\"font-family: 'Times New Roman', serif;\"><span style=\"font-size: medium;\">En tout cas merci pour l\u2019interview. Ma carte blanche ira vers les joueurs de VPM, je souhaite leur souhaiter dans cette p\u00e9riode troubl\u00e9e IRL beaucoup de courage et de solidarit\u00e9. J\u2019esp\u00e8re que chacun prend soin de soi.<\/span><\/span><\/span><\/p>\n<p style=\"text-align: justify;\"><strong>Merci beaucoup d&rsquo;avoir r\u00e9pondu \u00e0 toutes ces questions. En te souhaitant une bonne continuation avec le FR.<\/strong><\/p>\n<p style=\"text-align: justify;\"><span style=\"text-decoration: underline;\"><span style=\"color: #0000ff; text-decoration: underline;\">CHLOCHLOS<\/span><\/span> :\u00a0<span style=\"color: #000000;\"><span style=\"font-family: 'Times New Roman', serif;\"><span style=\"font-size: medium;\">Merci Nolulu :)<\/span><\/span><\/span><\/p>\n","protected":false},"excerpt":{"rendered":"<p>Le Front de la R\u00e9bellion fait une perc\u00e9e et se retrouve sur le podium (n\u00b01) des partis les plus influents ! Pour en parler, qui de mieux plac\u00e9 que leur porte-parole ! <\/p>\n","protected":false},"author":229,"featured_media":44961,"comment_status":"open","ping_status":"open","sticky":false,"template":"","format":"standard","meta":{"site-container-style":"default","site-container-layout":"default","site-sidebar-layout":"default","disable-article-header":"default","disable-site-header":"default","disable-site-footer":"default","disable-content-area-spacing":"default","footnotes":""},"categories":[312,4],"tags":[34,209],"class_list":["post-44954","post","type-post","status-publish","format-standard","has-post-thumbnail","hentry","category-g-a-la-une","category-2-vpmc","tag-interview","tag-people"],"_links":{"self":[{"href":"https:\/\/vpmedias.fr\/index.php?rest_route=\/wp\/v2\/posts\/44954","targetHints":{"allow":["GET"]}}],"collection":[{"href":"https:\/\/vpmedias.fr\/index.php?rest_route=\/wp\/v2\/posts"}],"about":[{"href":"https:\/\/vpmedias.fr\/index.php?rest_route=\/wp\/v2\/types\/post"}],"author":[{"embeddable":true,"href":"https:\/\/vpmedias.fr\/index.php?rest_route=\/wp\/v2\/users\/229"}],"replies":[{"embeddable":true,"href":"https:\/\/vpmedias.fr\/index.php?rest_route=%2Fwp%2Fv2%2Fcomments&post=44954"}],"version-history":[{"count":11,"href":"https:\/\/vpmedias.fr\/index.php?rest_route=\/wp\/v2\/posts\/44954\/revisions"}],"predecessor-version":[{"id":44983,"href":"https:\/\/vpmedias.fr\/index.php?rest_route=\/wp\/v2\/posts\/44954\/revisions\/44983"}],"wp:featuredmedia":[{"embeddable":true,"href":"https:\/\/vpmedias.fr\/index.php?rest_route=\/wp\/v2\/media\/44961"}],"wp:attachment":[{"href":"https:\/\/vpmedias.fr\/index.php?rest_route=%2Fwp%2Fv2%2Fmedia&parent=44954"}],"wp:term":[{"taxonomy":"category","embeddable":true,"href":"https:\/\/vpmedias.fr\/index.php?rest_route=%2Fwp%2Fv2%2Fcategories&post=44954"},{"taxonomy":"post_tag","embeddable":true,"href":"https:\/\/vpmedias.fr\/index.php?rest_route=%2Fwp%2Fv2%2Ftags&post=44954"}],"curies":[{"name":"wp","href":"https:\/\/api.w.org\/{rel}","templated":true}]}}