{"id":45843,"date":"2020-09-27T18:55:02","date_gmt":"2020-09-27T16:55:02","guid":{"rendered":"https:\/\/vpmedias.fr\/?p=45843"},"modified":"2020-09-27T18:55:02","modified_gmt":"2020-09-27T16:55:02","slug":"election-presidentielle-dadamax-se-met-a-nolulu","status":"publish","type":"post","link":"https:\/\/vpmedias.fr\/?p=45843","title":{"rendered":"Election Pr\u00e9sidentielle : Dadamax se met \u00e0 N(olul)u !"},"content":{"rendered":"<p><span style=\"font-size: 10pt\">Cette interview a \u00e9t\u00e9 r\u00e9alis\u00e9e le dimanche 27 septembre 2020 entre 17h52 et 18h17.\u00a0<\/span><\/p>\n<p style=\"text-align: justify\"><span style=\"font-size: 12pt;font-family: georgia, palatino, serif\"><strong><span style=\"color: #000000\">On se retrouve chers amis pour ce qui est un rituel pour chaque \u00e9lection pr\u00e9sidentielle : la fameuse interview des candidats. Nous accueillons sans plus tarder Dadamax, candidat \u00e0 l&rsquo;\u00e9lection pr\u00e9sidentielle. Mais le connaissez-vous bien ? Voulez-vous le d\u00e9couvrir ou mieux l&rsquo;appr\u00e9hender ? Est-il un candidat s\u00e9rieux dans cette \u00e9lection ? B\u00e9n\u00e9ficiera t-il de votre parrainage, de votre vote final ? Une s\u00e9rie de questions identiques aux autres candidats, l&rsquo;interview ? La voici, la voil\u00e0 ! <\/span><\/strong><\/span><\/p>\n<p><img loading=\"lazy\" decoding=\"async\" class=\"aligncenter size-large wp-image-45848\" src=\"https:\/\/vpmedias.fr\/wp-content\/uploads\/2020\/09\/5288052-550x550.jpg\" alt=\"\" width=\"550\" height=\"550\" srcset=\"https:\/\/vpmedias.fr\/wp-content\/uploads\/2020\/09\/5288052-550x550.jpg 550w, https:\/\/vpmedias.fr\/wp-content\/uploads\/2020\/09\/5288052-150x150.jpg 150w, https:\/\/vpmedias.fr\/wp-content\/uploads\/2020\/09\/5288052-300x300.jpg 300w, https:\/\/vpmedias.fr\/wp-content\/uploads\/2020\/09\/5288052-144x144.jpg 144w, https:\/\/vpmedias.fr\/wp-content\/uploads\/2020\/09\/5288052.jpg 600w\" sizes=\"auto, (max-width: 550px) 100vw, 550px\" \/><\/p>\n<p><strong>Comment as tu connu VPM\u00a0?<\/strong><\/p>\n<p>Par hasard, en surfant sur le net !<\/p>\n<p><strong>Quel est ton parcours sur le jeu. As tu des ambitions, des projets dans le jeu pour le futur\u00a0?<\/strong><\/p>\n<p style=\"text-align: justify\">J&rsquo;ai eu un premier compte en 2016 et celui-ci depuis 2018. J&rsquo;ai fait plusieurs pauses dans le jeu, lors de la derni\u00e8re pr\u00e9si notamment. J&rsquo;ai d\u00e9j\u00e0 eu quelques postes.<\/p>\n<p><strong>As-tu d\u00e9j\u00e0 tent\u00e9 par le pass\u00e9 l\u2019aventure de la pr\u00e9sidentielle ?<\/strong><\/p>\n<p>Non, c&rsquo;est la premi\u00e8re fois ! Mais j&rsquo;ai d\u00e9j\u00e0 accompagn\u00e9 des pr\u00e9sidents <span class=\"emojiContainer-3X8SvE\" tabindex=\"0\"><img decoding=\"async\" class=\"emoji\" src=\"https:\/\/discord.com\/assets\/da3651e59d6006dfa5fa07ec3102d1f3.svg\" alt=\":slight_smile:\" \/><\/span><\/p>\n<p><strong>As-tu d\u00e9j\u00e0 \u00e9t\u00e9 ministre d\u2019un Pr\u00e9sident ? Si oui, lesquels ?<\/strong><\/p>\n<p>Non jamais !<\/p>\n<p><strong>Pour toi, est-ce une finalit\u00e9 de terminer Pr\u00e9sident ou l\u2019on peut tr\u00e8s bien s\u2019en passer ?<\/strong><\/p>\n<p>Bah, on peut tr\u00e8s bien s&rsquo;en passer, mais \u00e7a a l&rsquo;air bien !! En plus, c&rsquo;est pas pour tr\u00e8s longtemps <span class=\"emojiContainer-3X8SvE\" tabindex=\"0\"><img decoding=\"async\" class=\"emoji\" src=\"https:\/\/discord.com\/assets\/da3651e59d6006dfa5fa07ec3102d1f3.svg\" alt=\":slight_smile:\" \/><\/span><\/p>\n<p style=\"text-align: justify\"><strong>Bon, question tr\u00e8s s\u00e9rieuse. Je veux des noms, obligatoirement. Quels sont les joueurs susceptibles d\u2019\u00eatre nomm\u00e9s ministre si tu deviens Pr\u00e9sident ?<\/strong><\/p>\n<p style=\"text-align: justify\">Haha !! Je n&rsquo;ai pas r\u00e9fl\u00e9chi encore \u00e0 la composition de mon gouv, mais je pense que unistra ou chlochlos par exemple peuvent tr\u00e8s bien \u00eatre dans un gouvernement !!<\/p>\n<p><strong>Tu es plus pr\u00e9sidence classique, ou gouvernement r\u00e9volutionnaire ? Pourquoi ?<\/strong><\/p>\n<p style=\"text-align: justify\">Je dirais classique, avec le fait de donner un budget, approuv\u00e9 ou pas, choisir ses ministres, les r\u00e9voquer&#8230; mais j&rsquo;aime le gouv r\u00e9volutionnaire ceci dit ! Les deux ont des points positifs et n\u00e9gatifs !<\/p>\n<p><strong>As-tu d\u00e9j\u00e0 une id\u00e9e d\u2019animation pour ton mandat ? Veux tu nous en d\u00e9voiler un peu ?<\/strong><\/p>\n<p style=\"text-align: justify\">Je ne sais pas si il y aura une grosse anim, mais je propose qu&rsquo;on organise certaines anims en effet. Par exemple : le retour du Pr\u00e9sident des Etages-Unis, la banque vpm, la roue de la fortune, des ab\u00e9c\u00e9daires&#8230; Il y aura \u00e9videmment des id\u00e9es \/ anims en plus annonc\u00e9es dans le courant de la campagne !<\/p>\n<p><strong>Quel type de Pr\u00e9sident seras tu ? En me citant d\u2019anciens Pr\u00e9sidents, \u00e0 qui voudrais-tu ressembler ?<\/strong><\/p>\n<p style=\"text-align: justify\">Un pr\u00e9sident proche des joueurs, de proximit\u00e9, qui ne se prend pas de haut, qui ne d\u00e9cide pas de tout et qui ne fait pas tout. J&rsquo;ai aim\u00e9 beaucoup de pr\u00e9sidents : hulkk, bellazelda, talisman, anetheron, renau&#8230;<\/p>\n<p><span style=\"text-decoration: underline;font-size: 18pt\"><strong><span style=\"color: #ff0000;text-decoration: underline\">QUESTIONS PERSONNELLES.<\/span><\/strong><\/span><\/p>\n<p style=\"text-align: justify\"><strong>Je suis intrigu\u00e9 &#8230; tu te lances assez tard dans la course \u00e0 l&rsquo;\u00e9lection pr\u00e9sidentielle par rapport aux autres candidats. Dis moi, si je me trompe, tu sera le candidat \u00ab\u00a0rebelle\u00a0\u00bb ? Pourquoi t&rsquo;\u00eatre lanc\u00e9 si tardivement dans la course ? Personne ne voulait ?<\/strong><\/p>\n<p style=\"text-align: justify\">Je comprend cette intrigue !! Pour ne rien cacher, j&rsquo;ai beaucoup h\u00e9sit\u00e9 avant de me lancer. Je ne veux pas me glorifier du fait d&rsquo;\u00eatre un \u00a0\u00bb recours \u00ab\u00a0, ce que je ne suis pas. Hulkk a d\u00e9cid\u00e9 de ne pas \u00eatre candidat \u00e0 un nouveau mandat et un concours de circonstances a fait que je me suis impos\u00e9 comme le candidat. Je ne serais pas le candidat \u00a0\u00bb rebelle \u00a0\u00bb au sens o\u00f9 je ne suis pas membre effectif de ce mouvement, mais de nombreux rebelles m&rsquo;apportent leur soutien et je les en remercie. Je veux rassembler le plus grand nombre ! Je me suis lanc\u00e9 tardivement c&rsquo;est vrai, mais ce n&rsquo;est pas la premi\u00e8re fois que \u00e7a arrive ! Hulkk s&rsquo;est pr\u00e9sent\u00e9 tard et est all\u00e9 aux 2nd tour ! Je ne sais pas si \u00a0\u00bb personne ne voulait \u00a0\u00bb \u00eatre candidat, mais en tout cas, je suis aujourd&rsquo;hui le candidat.<\/p>\n<p style=\"text-align: justify\"><strong>Pourquoi toi ? Pourquoi les Vpmiens devraient se bousculer dans les isoloirs pour glisser ton nom dans l&rsquo;urne ?<\/strong><\/p>\n<p style=\"text-align: justify\">Ah question difficile ! C&rsquo;est toujours dur de dire \u00a0\u00bb pourquoi soi ? \u00ab\u00a0. Je pense apporter de la nouveaut\u00e9 et quelque chose de diff\u00e9rent, pas du recycl\u00e9. Si vous voulez de la bonne humeur, parrainez et votez Dada !<\/p>\n<p>&nbsp;<\/p>\n<p style=\"text-align: justify\"><strong>Merci Dadamax d&rsquo;avoir r\u00e9pondu \u00e0 toutes ses questions qui serviront \u00e0 tous les Vpmiens de mieux te connaitre, ou te d\u00e9couvrir. Je te souhaite, \u00e0 toi aussi, beaucoup de joie et de bonheur dans cette aventure.\u00a0\u00a0<\/strong><\/p>\n","protected":false},"excerpt":{"rendered":"<p>Un nouveau candidat entre les mains de votre Nolulu ! Le connaissez-vous ? Le connaissez-vous bien ? Ah, tu h\u00e9sites &#8230; tu ne le connait pas au final, ou pas suffisamment. Apprend \u00e0 le d\u00e9couvrir dans cet article. Et toujours cette interrogation persistante qui nous emp\u00eache de passer des nuits compl\u00e8tes : qui sera \u00e9lu Pr\u00e9sident de VPM ?<\/p>\n","protected":false},"author":229,"featured_media":45811,"comment_status":"open","ping_status":"open","sticky":false,"template":"","format":"standard","meta":{"site-container-style":"default","site-container-layout":"default","site-sidebar-layout":"default","disable-article-header":"default","disable-site-header":"default","disable-site-footer":"default","disable-content-area-spacing":"default","footnotes":""},"categories":[312,4],"tags":[34,209,815,418],"class_list":["post-45843","post","type-post","status-publish","format-standard","has-post-thumbnail","hentry","category-g-a-la-une","category-2-vpmc","tag-interview","tag-people","tag-presi-30","tag-presidentielle"],"_links":{"self":[{"href":"https:\/\/vpmedias.fr\/index.php?rest_route=\/wp\/v2\/posts\/45843","targetHints":{"allow":["GET"]}}],"collection":[{"href":"https:\/\/vpmedias.fr\/index.php?rest_route=\/wp\/v2\/posts"}],"about":[{"href":"https:\/\/vpmedias.fr\/index.php?rest_route=\/wp\/v2\/types\/post"}],"author":[{"embeddable":true,"href":"https:\/\/vpmedias.fr\/index.php?rest_route=\/wp\/v2\/users\/229"}],"replies":[{"embeddable":true,"href":"https:\/\/vpmedias.fr\/index.php?rest_route=%2Fwp%2Fv2%2Fcomments&post=45843"}],"version-history":[{"count":5,"href":"https:\/\/vpmedias.fr\/index.php?rest_route=\/wp\/v2\/posts\/45843\/revisions"}],"predecessor-version":[{"id":45849,"href":"https:\/\/vpmedias.fr\/index.php?rest_route=\/wp\/v2\/posts\/45843\/revisions\/45849"}],"wp:featuredmedia":[{"embeddable":true,"href":"https:\/\/vpmedias.fr\/index.php?rest_route=\/wp\/v2\/media\/45811"}],"wp:attachment":[{"href":"https:\/\/vpmedias.fr\/index.php?rest_route=%2Fwp%2Fv2%2Fmedia&parent=45843"}],"wp:term":[{"taxonomy":"category","embeddable":true,"href":"https:\/\/vpmedias.fr\/index.php?rest_route=%2Fwp%2Fv2%2Fcategories&post=45843"},{"taxonomy":"post_tag","embeddable":true,"href":"https:\/\/vpmedias.fr\/index.php?rest_route=%2Fwp%2Fv2%2Ftags&post=45843"}],"curies":[{"name":"wp","href":"https:\/\/api.w.org\/{rel}","templated":true}]}}