{"id":46360,"date":"2021-01-10T15:51:20","date_gmt":"2021-01-10T14:51:20","guid":{"rendered":"https:\/\/vpmedias.fr\/?p=46360"},"modified":"2021-01-10T15:52:44","modified_gmt":"2021-01-10T14:52:44","slug":"vpm-dor-2020-le-ministre-de-lannee","status":"publish","type":"post","link":"https:\/\/vpmedias.fr\/?p=46360","title":{"rendered":"VPM d&rsquo;Or 2020 : Le Ministre de l&rsquo;Ann\u00e9e"},"content":{"rendered":"<h1 style=\"text-align: center;\"><span style=\"color: #ff0000; font-family: georgia, palatino, serif;\">Ministre 2020\u00a0 \u00a0<\/span><\/h1>\n<p style=\"text-align: center;\"><span style=\"font-size: 12pt; font-family: georgia, palatino, serif;\"><em>R\u00e9compense bas\u00e9e sur le r\u00e9sultat du sondage correspondant.<\/em><\/span><\/p>\n<p style=\"text-align: center;\"><span style=\"font-size: 12pt; font-family: georgia, palatino, serif;\"><strong>Rejoignez la c\u00e9r\u00e9monie <a href=\"https:\/\/discord.gg\/vSz4BJ6aVg\"><u>ici<\/u><\/a><\/strong><\/span><\/p>\n<blockquote><p><span style=\"font-family: georgia, palatino, serif;\">Comme plusieurs r\u00e9ponses sont possibles, le pourcentage correspond \u00e0 la part de ceux qui ont choisi cette r\u00e9ponse dans tous ceux qui ont r\u00e9pondu \u00e0 la question et l\u2019addition des pourcentages peut d\u00e9passer 100\u00a0\u00a0<\/span><\/p><\/blockquote>\n<p>&nbsp;<\/p>\n<table class=\" aligncenter\" style=\"width: 447px; height: 345px;\" align=\"center\">\n<tbody>\n<tr>\n<td style=\"width: 146px;\" align=\"center\">&nbsp;<\/p>\n<p style=\"text-align: center;\"><span style=\"color: #993300; font-family: georgia, palatino, serif;\"><span style=\"font-size: 24px;\"><b>Robert-<\/b><\/span><\/span><\/p>\n<p style=\"text-align: center;\"><span style=\"color: #993300; font-family: georgia, palatino, serif;\"><span style=\"font-size: 24px;\"><b>leretour<\/b><\/span><\/span><\/p>\n<p style=\"text-align: center;\"><span style=\"color: #993300; font-family: georgia, palatino, serif; font-size: 18pt;\"><strong>\u00a0 \u00a0\u00a0<i>42 %\u00a0 \u00a0\u00a0<\/i><\/strong><\/span><\/p>\n<p><img decoding=\"async\" src=\"http:\/\/vpmedias.fr\/wp-content\/uploads\/2016\/01\/Img-Podium-3.png\" alt=\"\" width=\"140\" \/><\/td>\n<td style=\"width: 122px;\" align=\"center\">&nbsp;<\/p>\n<p><span style=\"color: #ff9900; font-size: 24px; font-family: georgia, palatino, serif;\"><b>Mmegilberte\u00a0 \u00a0 \u00a0<\/b><\/span><span style=\"font-size: 18pt; font-family: georgia, palatino, serif;\"><em><strong><span style=\"color: #ff9900;\">58 %<\/span><\/strong><\/em><\/span><\/p>\n<p style=\"text-align: center;\"><span style=\"font-family: georgia, palatino, serif;\"><img decoding=\"async\" src=\"http:\/\/vpmedias.fr\/wp-content\/uploads\/2016\/01\/Img-Podium-1.png\" alt=\"\" width=\"140\" \/><\/span><\/p>\n<\/td>\n<td style=\"width: 157px;\" align=\"center\">&nbsp;<\/p>\n<p><span style=\"font-size: 18pt; font-family: georgia, palatino, serif;\"><strong><span style=\"color: #808080;\">Dridriii<\/span><\/strong><\/span><\/p>\n<p><span style=\"font-size: 18pt; font-family: georgia, palatino, serif;\"><strong><span style=\"color: #808080;\"><em>46 %<\/em><\/span><\/strong><\/span><\/p>\n<p><img decoding=\"async\" src=\"http:\/\/vpmedias.fr\/wp-content\/uploads\/2016\/01\/Img-Podium-2.png\" alt=\"\" width=\"140\" \/><\/td>\n<\/tr>\n<\/tbody>\n<\/table>\n<p>&nbsp;<\/p>\n<blockquote>\n<p style=\"text-align: center;\"><span style=\"font-family: georgia, palatino, serif;\">Mmegilberte (mandat Renau-II) s&#8217;empare de ce VPM d&rsquo;Or au nez et au civet de Dridriii (Bellazelda et Hulkk), qui ravit la deuxi\u00e8me place de peu. Notons que les nomin\u00e9s membres de l&rsquo;Assembl\u00e9e Nationale &#8211; Union Salsifiste (ANUS) &#8212; Haricot et Robert &#8212; sont pl\u00e9biscit\u00e9s par moins de la moiti\u00e9 des votants, malgr\u00e9 la victoire de l&rsquo;ANUS aux \u00ab\u00a0l\u00e9gislatives\u00a0\u00bb sous Hulkk<\/span><\/p>\n<\/blockquote>\n<blockquote>\n<hr \/>\n<p><span style=\"font-family: georgia, palatino, serif;\"><strong>Nombre de participants : 24 (2 r\u00e9ponses possibles)<\/strong><\/span><\/p>\n<p><span style=\"font-family: georgia, palatino, serif;\">11 :\u00a0Dridriii<\/span><\/p>\n<p><span style=\"font-family: georgia, palatino, serif;\">4 :\u00a0Haricot<\/span><\/p>\n<p><span style=\"font-family: georgia, palatino, serif;\">10 :\u00a0Robertleretour<\/span><\/p>\n<p><span style=\"font-family: georgia, palatino, serif;\">14 :\u00a0Mmegilberte<\/span><\/p><\/blockquote>\n","protected":false},"excerpt":{"rendered":"<p>Et c&rsquo;est une ministresse !<\/p>\n","protected":false},"author":207,"featured_media":43631,"comment_status":"open","ping_status":"open","sticky":false,"template":"","format":"standard","meta":{"site-container-style":"default","site-container-layout":"default","site-sidebar-layout":"default","disable-article-header":"default","disable-site-header":"default","disable-site-footer":"default","disable-content-area-spacing":"default","footnotes":""},"categories":[268],"tags":[256],"class_list":["post-46360","post","type-post","status-publish","format-standard","has-post-thumbnail","hentry","category-4-breves","tag-vpm-dor"],"_links":{"self":[{"href":"https:\/\/vpmedias.fr\/index.php?rest_route=\/wp\/v2\/posts\/46360","targetHints":{"allow":["GET"]}}],"collection":[{"href":"https:\/\/vpmedias.fr\/index.php?rest_route=\/wp\/v2\/posts"}],"about":[{"href":"https:\/\/vpmedias.fr\/index.php?rest_route=\/wp\/v2\/types\/post"}],"author":[{"embeddable":true,"href":"https:\/\/vpmedias.fr\/index.php?rest_route=\/wp\/v2\/users\/207"}],"replies":[{"embeddable":true,"href":"https:\/\/vpmedias.fr\/index.php?rest_route=%2Fwp%2Fv2%2Fcomments&post=46360"}],"version-history":[{"count":3,"href":"https:\/\/vpmedias.fr\/index.php?rest_route=\/wp\/v2\/posts\/46360\/revisions"}],"predecessor-version":[{"id":46363,"href":"https:\/\/vpmedias.fr\/index.php?rest_route=\/wp\/v2\/posts\/46360\/revisions\/46363"}],"wp:featuredmedia":[{"embeddable":true,"href":"https:\/\/vpmedias.fr\/index.php?rest_route=\/wp\/v2\/media\/43631"}],"wp:attachment":[{"href":"https:\/\/vpmedias.fr\/index.php?rest_route=%2Fwp%2Fv2%2Fmedia&parent=46360"}],"wp:term":[{"taxonomy":"category","embeddable":true,"href":"https:\/\/vpmedias.fr\/index.php?rest_route=%2Fwp%2Fv2%2Fcategories&post=46360"},{"taxonomy":"post_tag","embeddable":true,"href":"https:\/\/vpmedias.fr\/index.php?rest_route=%2Fwp%2Fv2%2Ftags&post=46360"}],"curies":[{"name":"wp","href":"https:\/\/api.w.org\/{rel}","templated":true}]}}