{"id":46486,"date":"2021-02-15T17:48:56","date_gmt":"2021-02-15T16:48:56","guid":{"rendered":"https:\/\/vpmedias.fr\/?p=46486"},"modified":"2021-02-15T18:26:38","modified_gmt":"2021-02-15T17:26:38","slug":"classement-national-354-15-fevrier-2021","status":"publish","type":"post","link":"https:\/\/vpmedias.fr\/?p=46486","title":{"rendered":"Classement National #354 | 15 f\u00e9vrier 2021"},"content":{"rendered":"<p><img loading=\"lazy\" decoding=\"async\" class=\"aligncenter size-large wp-image-46488\" src=\"https:\/\/vpmedias.fr\/wp-content\/uploads\/2021\/02\/Capture-4-550x168.png\" alt=\"\" width=\"550\" height=\"168\" srcset=\"https:\/\/vpmedias.fr\/wp-content\/uploads\/2021\/02\/Capture-4-550x168.png 550w, https:\/\/vpmedias.fr\/wp-content\/uploads\/2021\/02\/Capture-4-150x46.png 150w, https:\/\/vpmedias.fr\/wp-content\/uploads\/2021\/02\/Capture-4-300x92.png 300w, https:\/\/vpmedias.fr\/wp-content\/uploads\/2021\/02\/Capture-4.png 734w\" sizes=\"auto, (max-width: 550px) 100vw, 550px\" \/><\/p>\n<p style=\"text-align: justify\">Bonjour \u00e0 tous. On se retrouve aujourd&rsquo;hui pour un nouveau <strong>Classement National<\/strong> \u00e0 vous pr\u00e9senter et de nombreuses nouvelles surprises \u00e0 pr\u00e9voir. Mais, avant de commencer, permettez-moi de saluer mes anciens coll\u00e8gues de chez \u00ab\u00a0Public\u00a0\u00bb et veuillez m&rsquo;excusez, chers lecteurs, pour mes nombreuses approximations lors de mon dernier CN. J&rsquo;ai cru qu&rsquo;il s&rsquo;agissait juste de donner des noms, raconter des vies et de vous expliquer en profondeurs les derni\u00e8res news p\u00e9tillantes de nos c\u00e9l\u00e9brit\u00e9s avec des photos tr\u00e8s os\u00e9s pour illustrer leurs campagnes.<\/p>\n<p style=\"text-align: justify\">Tr\u00eaves de plaisanteries, tous les chiffres cit\u00e9s sont fiables et sortent tout droit de notre merveilleux <strong>MagneBot<\/strong> sans qui, nous journalistes, serions perdus. Mais sans plus tarder, voici le CN !<\/p>\n<p><em>(Classement relev\u00e9 le 15.02.2021 \u00e0 14h01)<\/em><\/p>\n<table style=\"font-family: georgia, palatino;font-size: 14px\">\n<tbody>\n<tr style=\"background-color: #f2f2f2;color: #3f3f3f;text-align: center;height: 60px\">\n<th style=\"width: 250px\">Parti<\/th>\n<th style=\"width: 85px\">Influence (%)<\/th>\n<th style=\"width: 110px\">Evolution en place<\/th>\n<th style=\"width: 120px\">Evolution en influence (%)<\/th>\n<\/tr>\n<tr style=\"text-align: center;height: 29px\">\n<td style=\"background-color: #376092;color: white\">1. <a style=\"color: white\" href=\"http:\/\/wiki.vpmedias.fr\/Le_Harem_de_Zalou\">Le Harem de Zalou<\/a><\/td>\n<td>14.59<\/td>\n<td style=\"color: black;background-color: #ffffcc\">=<\/td>\n<td style=\"color: #b10006;background-color: #ffc7ce\">-2.1<\/td>\n<\/tr>\n<tr style=\"text-align: center;height: 29px\">\n<td style=\"background-color: #376092;color: white\">2. <a style=\"color: white\" href=\"http:\/\/wiki.vpmedias.fr\/Laguna_TEAM\">Laguna TEAM<\/a><\/td>\n<td>14.11<\/td>\n<td style=\"color: black;background-color: #ffffcc\">=<\/td>\n<td style=\"color: #b10006;background-color: #ffc7ce\">-1.17<\/td>\n<\/tr>\n<tr style=\"text-align: center;height: 29px\">\n<td style=\"background-color: #376092;color: white\">3. <a style=\"color: white\" href=\"http:\/\/wiki.vpmedias.fr\/Les_enfants_g\u00e2t\u00e9s\">Les enfants g\u00e2t\u00e9s<\/a><\/td>\n<td>13.91<\/td>\n<td style=\"color: #006100;background-color: #c6efce\">+1<\/td>\n<td style=\"color: #006100;background-color: #c6efce\">+5.27<\/td>\n<\/tr>\n<tr style=\"text-align: center;height: 29px\">\n<td style=\"background-color: #376092;color: white\">4. <a style=\"color: white\" href=\"http:\/\/wiki.vpmedias.fr\/Le_monde_est_\u00e0_nous\">Le monde est \u00e0 nous<\/a><\/td>\n<td>10.32<\/td>\n<td style=\"color: #b10006;background-color: #ffc7ce\">-1<\/td>\n<td style=\"color: #b10006;background-color: #ffc7ce\">-0.81<\/td>\n<\/tr>\n<tr style=\"text-align: center;height: 29px\">\n<td style=\"background-color: #376092;color: white\">5. <a style=\"color: white\" href=\"http:\/\/wiki.vpmedias.fr\/C_est_l_heure_de_l_ap\u00e9ro_\">C&rsquo;est l&rsquo;heure de l&rsquo;ap\u00e9ro <\/a><\/td>\n<td>7.10<\/td>\n<td style=\"color: #006100;background-color: #c6efce\">+3<\/td>\n<td style=\"color: #006100;background-color: #c6efce\">+2.19<\/td>\n<\/tr>\n<tr style=\"text-align: center;height: 29px\">\n<td style=\"background-color: #376092;color: white\">6. <a style=\"color: white\" href=\"http:\/\/wiki.vpmedias.fr\/Les_Guillotin\u00e9s\">Les Guillotin\u00e9s<\/a><\/td>\n<td>6.83<\/td>\n<td style=\"color: #b10006;background-color: #ffc7ce\">-1<\/td>\n<td style=\"color: #b10006;background-color: #ffc7ce\">-0.06<\/td>\n<\/tr>\n<tr style=\"text-align: center;height: 29px\">\n<td style=\"background-color: #376092;color: white\">7. <a style=\"color: white\" href=\"http:\/\/wiki.vpmedias.fr\/Freedom_s_Knights\">Freedom&rsquo;s Knights<\/a><\/td>\n<td>5.26<\/td>\n<td style=\"color: black;background-color: #ffffcc\">=<\/td>\n<td style=\"color: #b10006;background-color: #ffc7ce\">-0.49<\/td>\n<\/tr>\n<tr style=\"text-align: center;height: 29px\">\n<td style=\"background-color: #376092;color: white\">8. <a style=\"color: white\" href=\"http:\/\/wiki.vpmedias.fr\/Parti_Loyal_de_l_Ouest_(PLO)\">Parti Loyal de l&rsquo;Ouest (PLO)<\/a><\/td>\n<td>4.70<\/td>\n<td style=\"color: #006100;background-color: #c6efce\">+2<\/td>\n<td style=\"color: #006100;background-color: #c6efce\">+0.31<\/td>\n<\/tr>\n<tr style=\"text-align: center;height: 29px\">\n<td style=\"background-color: #376092;color: white\">9. <a style=\"color: white\" href=\"http:\/\/wiki.vpmedias.fr\/La_Communaut\u00e9_de_l_Agneau\">La Communaut\u00e9 de l&rsquo;Agneau<\/a><\/td>\n<td>4.14<\/td>\n<td style=\"color: #b10006;background-color: #ffc7ce\">-3<\/td>\n<td style=\"color: #b10006;background-color: #ffc7ce\">-2.14<\/td>\n<\/tr>\n<tr style=\"text-align: center;height: 29px\">\n<td style=\"background-color: #376092;color: white\">10. <a style=\"color: white\" href=\"http:\/\/wiki.vpmedias.fr\/Les_petits_monstres\">Les petits monstres<\/a><\/td>\n<td>4.06<\/td>\n<td style=\"color: #b10006;background-color: #ffc7ce\">-1<\/td>\n<td style=\"color: #b10006;background-color: #ffc7ce\">-0.4<\/td>\n<\/tr>\n<tr style=\"text-align: center;height: 29px\">\n<td style=\"background-color: #376092;color: white\">11. <a style=\"color: white\" href=\"http:\/\/wiki.vpmedias.fr\/Front_de_la_R\u00e9bellion_\">Front de la R\u00e9bellion <\/a><\/td>\n<td>3.32<\/td>\n<td style=\"text-align: center;background-color: #ffffcc\">ENTREE<\/td>\n<\/tr>\n<tr style=\"text-align: center;height: 29px\">\n<td style=\"background-color: #376092;color: white\">12. <a style=\"color: white\" href=\"http:\/\/wiki.vpmedias.fr\/Un_soir_de_Juillet.\">Un soir de Juillet.<\/a><\/td>\n<td>3.17<\/td>\n<td style=\"color: #006100;background-color: #c6efce\">+2<\/td>\n<td style=\"color: #006100;background-color: #c6efce\">+0.27<\/td>\n<\/tr>\n<tr style=\"text-align: center;height: 29px\">\n<td style=\"background-color: #376092;color: white\">13. <a style=\"color: white\" href=\"http:\/\/wiki.vpmedias.fr\/Le_milieu\">Le milieu<\/a><\/td>\n<td>2.89<\/td>\n<td style=\"text-align: center;background-color: #ffffcc\">ENTREE<\/td>\n<\/tr>\n<tr style=\"text-align: center;height: 29px\">\n<td style=\"background-color: #376092;color: white\">14. <a style=\"color: white\" href=\"http:\/\/wiki.vpmedias.fr\/PACMAN\">PACMAN<\/a><\/td>\n<td>2.87<\/td>\n<td style=\"color: #006100;background-color: #c6efce\">+1<\/td>\n<td style=\"color: #006100;background-color: #c6efce\">+0.2<\/td>\n<\/tr>\n<tr style=\"text-align: center;height: 29px\">\n<td style=\"background-color: #376092;color: white\">15. <a style=\"color: white\" href=\"http:\/\/wiki.vpmedias.fr\/Le_Cercle_Des_Anc\u00eatres\">Le Cercle Des Anc\u00eatres<\/a><\/td>\n<td>2.75<\/td>\n<td style=\"color: #b10006;background-color: #ffc7ce\">-2<\/td>\n<td style=\"color: #b10006;background-color: #ffc7ce\">-0.5<\/td>\n<\/tr>\n<tr>\n<td><\/td>\n<td><\/td>\n<td><\/td>\n<td style=\"text-align: center\"><small><a href=\"http:\/\/vpmedias.fr\/magnebot\">MagneBot\u00a9<\/a><\/small><\/td>\n<\/tr>\n<\/tbody>\n<\/table>\n<p>&nbsp;<\/p>\n<p><img decoding=\"async\" style=\"color: #800080;text-align: justify\" src=\"https:\/\/vpmedias.fr\/wp-content\/uploads\/2016\/07\/tendance.png\" \/><span style=\"text-decoration: underline;font-size: 24pt\"><strong style=\"color: #800080;text-align: justify;text-decoration: underline\">Tendance g\u00e9n\u00e9rale<\/strong><\/span><\/p>\n<p style=\"text-align: justify\">Quelle excitation, je vous jure, quelle excitation ! Le stress est \u00e0 son comble, le suspens insoutenable ! Qui est sur le podium cette semaine, quelles sont les entr\u00e9es, les sorties, qui a gagn\u00e9 des places, qui en a c\u00e9d\u00e9. Du calme !<\/p>\n<p style=\"text-align: justify\">Tout d&rsquo;abord, <strong>le podium<\/strong>. Et on y retrouve <strong><span style=\"color: #ff6600\">Le Harem de Zalou<\/span><\/strong>, mais \u00e9galement <span style=\"color: #ff6600\"><strong>Laguna TEAM<\/strong><\/span> aux <strong>deux premi\u00e8res places<\/strong>. Et, la surprise vient de la troisi\u00e8me place avec l&rsquo;entr\u00e9e dans le club des <strong><span style=\"color: #ff6600\">Enfants g\u00e2t\u00e9s<\/span><\/strong> qui remplace sur ce podium <strong><span style=\"color: #ff6600\">Le monde est \u00e0 nous<\/span><\/strong>. Nous reviendrons plus en profondeur sur le pourquoi du comment dans la suite de ce CN.<\/p>\n<p style=\"text-align: justify\">Malheureusement, <strong>deux partis nous ont quitt\u00e9s<\/strong> et n&rsquo;apparaissent plus dans ce <strong>Top 15<\/strong>, \u00e0 savoir <strong><span style=\"color: #ff6600\">La ruche<\/span><\/strong> et <strong>Les 7 P\u00e9ch\u00e9s Capitaux<\/strong>. Mais, quand on \u00e9voque les sorties, inutile de pr\u00e9ciser qu&rsquo;il y a des entr\u00e9es &#8230; et deux en l&rsquo;occurrence avec <strong><span style=\"color: #ff6600\">Le Front de la R\u00e9bellion<\/span><\/strong> et <span style=\"color: #ff6600\"><strong>Le milieu<\/strong><\/span> qui font leurs apparitions dans le top du top.<\/p>\n<p style=\"text-align: justify\">Et cette semaine, <strong>une annonce de la plus haute importance<\/strong> ma marqu\u00e9e. Une annonce qui va faire parler, qui a fait couler beaucoup d&rsquo;encre dans le petit milieu du journalisme :<\/p>\n<p><img loading=\"lazy\" decoding=\"async\" class=\"aligncenter size-large wp-image-46493\" src=\"https:\/\/vpmedias.fr\/wp-content\/uploads\/2021\/02\/Capture-3-550x314.png\" alt=\"\" width=\"550\" height=\"314\" srcset=\"https:\/\/vpmedias.fr\/wp-content\/uploads\/2021\/02\/Capture-3-550x314.png 550w, https:\/\/vpmedias.fr\/wp-content\/uploads\/2021\/02\/Capture-3-150x86.png 150w, https:\/\/vpmedias.fr\/wp-content\/uploads\/2021\/02\/Capture-3-300x171.png 300w, https:\/\/vpmedias.fr\/wp-content\/uploads\/2021\/02\/Capture-3.png 610w\" sizes=\"auto, (max-width: 550px) 100vw, 550px\" \/><\/p>\n<p>&nbsp;<\/p>\n<p>A t-elle r\u00e9ussi cet exploit ? A t-elle conserv\u00e9 la ville de Paris ?<\/p>\n<h1 style=\"text-align: justify\"><span style=\"color: #ffcc00\"><img decoding=\"async\" src=\"https:\/\/vpmedias.fr\/wp-content\/uploads\/2016\/07\/podium1.png\" \/><span style=\"text-decoration: underline\"><strong>Podium<\/strong><\/span><\/span><\/h1>\n<p style=\"text-align: justify\">En <strong>premi\u00e8re position<\/strong> et toujours leader du Top 15 : <strong><span style=\"color: #ff6600\">Le Harem de Zalou<\/span><\/strong>. Mais, car il y a un mais, le parti ne poss\u00e8de d\u00e9sormais plus que <span style=\"color: #008000\"><strong>0,48 %<\/strong><\/span> d&rsquo;avance sur son dauphin qui pointe le bout de son nez. Le parti \u00e0 perdu <strong><span style=\"color: #ff0000\">2,1 %<\/span><\/strong> d&rsquo;influence par rapport \u00e0 la semaine pass\u00e9e. Qu&rsquo;est-ce qui peut expliquer une telle baisse ? Tout d&rsquo;abord, c&rsquo;est la ville d&rsquo;<span style=\"text-decoration: underline\">Anvers<\/span> qui a \u00e9t\u00e9 perdu par le parti. <strong><span style=\"color: #0000ff\">Ludoviccruchot<\/span><\/strong> y a \u00e9t\u00e9 envoy\u00e9 \u00e0 la place du maire <strong><span style=\"color: #0000ff\">Barbiegirl<\/span><\/strong> pour y d\u00e9fendre la ville : il n&rsquo;est \u00ab\u00a0que\u00a0\u00bb conseiller municipal. Mais il ne s&rsquo;agit pas de la seule d\u00e9faite dans les plus grandes villes du jeu. Alors qu&rsquo;ils d\u00e9tenaient \u00e9galement la mairie de <span style=\"text-decoration: underline\">Montpellier<\/span>, gr\u00e2ce \u00e0 ce m\u00eame <strong><span style=\"color: #0000ff\">Ludoviccruchot<\/span><\/strong>, <strong><span style=\"color: #0000ff\">Danylm<\/span><\/strong> y a obtenu r\u00e9cemment le poste de conseiller municipal. <strong>Deux grosses villes perdues<\/strong> coup sur coup donc. Mais la mairie de <span style=\"text-decoration: underline\">Bordeaux<\/span> ne change pas de parti et c&rsquo;est<strong><span style=\"color: #0000ff\"> Facteur<\/span><\/strong> (avec 57,73 % des voix au second tour) qui a repris les r\u00eanes de la ville dirig\u00e9e pr\u00e9c\u00e9demment par <span style=\"color: #0000ff\"><strong>Quentinlefort<\/strong><\/span>. Autre point positif pour le parti, l&rsquo;obtention du titre de maire-adjoint de <span style=\"text-decoration: underline\">Paris<\/span> obtenue par <strong><span style=\"color: #0000ff\">Barbiegirl<\/span><\/strong>.<\/p>\n<p style=\"text-align: justify\"><strong>Le deuxi\u00e8me du classement<\/strong> se nomme <strong><span style=\"color: #ff6600\">Laguna TEAM<\/span><\/strong>. Ce parti profite de la baisse d&rsquo;influence du leader pour s&rsquo;en rapprocher. C&rsquo;est <span style=\"text-decoration: underline\">Montpellier<\/span> qui fait partie des acquisitions notables du parti avec, donc, le maire de la ville <strong><span style=\"color: #0000ff\">Barbebleu<\/span><\/strong> \u00e9lu avec 64,13 % des voix devant le candidat du <strong><span style=\"color: #ff6600\">Harem de Zalou<\/span><\/strong>. Mais aussi avec <strong><span style=\"color: #0000ff\">Ertuen<\/span><\/strong> qui est encore bien install\u00e9 \u00e0 son poste de maire de la Ville rose (<span style=\"text-decoration: underline\">Toulouse<\/span>). Le conseiller municipal de <span style=\"text-decoration: underline\">Paris<\/span> se trouve \u00e9galement au sein du parti puisqu&rsquo;il s&rsquo;agit de <strong><span style=\"color: #0000ff\">Gintonic<\/span><\/strong>, et le maire adjoint de <span style=\"text-decoration: underline\">Anvers<\/span> est <strong><span style=\"color: #0000ff\">Pinxo<\/span><\/strong>.<\/p>\n<p style=\"text-align: justify\">Enfin, le parti venant <strong>compl\u00e9ter le podium<\/strong> de cette semaine n&rsquo;est autre que <strong><span style=\"color: #ff6600\">Les enfants g\u00e2t\u00e9s<\/span><\/strong>. Avec une particularit\u00e9 \u00e0 souligner : <strong>aucun poste<\/strong> de maire dans les villes les plus importantes du jeu. Class\u00e9 aux portes du podium la semaine derni\u00e8re, le parti vient d\u00e9loger du podium<strong><span style=\"color: #ff6600\"> Le monde est \u00e0 nous<\/span><\/strong> avec la plus grosse \u00e9volution en influence \u00e0 noter (<strong><span style=\"color: #008000\">+5,27 %<\/span><\/strong>). Ce parti devient une v\u00e9ritable menace pour les deux premiers cit\u00e9s avec un rapprochement spectaculaire. Le parti d\u00e9tient la mairie de <span style=\"text-decoration: underline\">Villeurbanne<\/span> gr\u00e2ce \u00e0 <strong><span style=\"color: #0000ff\">Anetherondeux<\/span><\/strong> et ses 76,32 % des voix au second tour. Le maire-adjoint de <span style=\"text-decoration: underline\">Montpellier<\/span> est \u00e9galement membre du parti (<strong><span style=\"color: #0000ff\">Mahigan<\/span><\/strong>). Mais, cette \u00e9volution du parti est d\u00fb \u00e9galement \u00e0 <strong>la perc\u00e9e<\/strong> de <strong><span style=\"color: #0000ff\">Lyonsuper<\/span><\/strong> qui avoisine les 31 % d&rsquo;intentions de vote dans la belle <span style=\"text-decoration: underline\">Bruxelles<\/span>. Ce qui permet au parti de c\u00f4toyer les sommets !<\/p>\n<p style=\"text-align: justify\"><span style=\"font-size: 24pt\"><img decoding=\"async\" style=\"color: #008000\" src=\"https:\/\/vpmedias.fr\/wp-content\/uploads\/2016\/07\/Hausse.png\" \/><span style=\"text-decoration: underline;color: #008000\"><strong>Hausses<\/strong><\/span><\/span><\/p>\n<p style=\"text-align: justify\">Le parti <strong><span style=\"color: #ff6600\">PACMAN<\/span><\/strong> est en <strong>l\u00e9g\u00e8re hausse<\/strong> et gagne un rang au sein de ce classement pour se retrouver \u00e0 la 14\u00e8me place. Une augmentation de <strong><span style=\"color: #008000\">0,2 %<\/span><\/strong> d&rsquo;influence. Le parti d\u00e9tient la mairie de <span style=\"text-decoration: underline\">Nantes<\/span> avec <strong><span style=\"color: #0000ff\">Trankillemile<\/span><\/strong> qui compte renouveler cette belle performance.<\/p>\n<p style=\"text-align: justify\">Une autre hausse celle d&rsquo;<strong><span style=\"color: #ff6600\">Un soir de Juillet<\/span><\/strong> qui gagne <strong>deux places<\/strong> pour se situer d\u00e9sormais au 12\u00e8me rang. La mairie de <span style=\"text-decoration: underline\">Besan\u00e7on<\/span> est d\u00e9tenue par <strong><span style=\"color: #0000ff\">Raztar<\/span><\/strong>, \u00e9lu avec 72,19 % des suffrages. <strong><span style=\"color: #0000ff\">Ypleupa<\/span><\/strong>, maire de <span style=\"text-decoration: underline\">Dijon<\/span> (54,41 %). Le dernier poste en date se situe dans le sud de la France, dans la ville de <span style=\"text-decoration: underline\">Toulon<\/span> avec <strong><span style=\"color: #0000ff\">Maxlegrand<\/span><\/strong> qui en est le maire-adjoint.<\/p>\n<p style=\"text-align: justify\"><strong><span style=\"color: #ff6600\">Le Parti Loyal de l&rsquo;Ouest<\/span><\/strong> (PLO) gagne, pour sa part, <strong>deux places<\/strong> dans le classement (8\u00e8me position). Et cela est du au fait que le parti s&rsquo;est impos\u00e9 dans l&rsquo;une des plus grandes ville : <span style=\"text-decoration: underline\">Nice<\/span> est tomb\u00e9 entre les mains de <strong><span style=\"color: #0000ff\">Laplante<\/span><\/strong> qui esp\u00e8re continuer \u00e0 monopoliser l&rsquo;attention dans la ville. N&rsquo;oublions pas, \u00e9galement, de mentionner le fait que <strong><span style=\"color: #0000ff\">Petitpoilu<\/span><\/strong> est toujours bien positionn\u00e9 \u00e0 <span style=\"text-decoration: underline\">Marseille<\/span> et a obtenu le poste de conseiller municipal de la cit\u00e9 phoc\u00e9enne.<\/p>\n<h1 style=\"text-align: justify\"><span style=\"color: #ff0000\"><img decoding=\"async\" src=\"https:\/\/vpmedias.fr\/wp-content\/uploads\/2016\/07\/Naisse.png\" \/><span style=\"text-decoration: underline\"><strong>Baisses<\/strong><\/span><\/span><\/h1>\n<p style=\"text-align: justify\">En ce qui concerne les baisses, elle fait particuli\u00e8rement mal puisqu&rsquo;elle <strong>prive<\/strong> <strong><span style=\"color: #ff6600\">Le monde est \u00e0 nous<\/span><\/strong> de podium. Que s&rsquo;est-il pass\u00e9 pour ce parti qui a r\u00e9ussi \u00e0 conserver le poste tant convoit\u00e9 de maire de <span style=\"text-decoration: underline\">Paris<\/span> ? Succ\u00e9der \u00e0 <strong><span style=\"color: #0000ff\">Ghool<\/span><\/strong> ne devait pas \u00eatre chose simple ! Et pourtant. Elle l&rsquo;a promis &#8230; elle l&rsquo;a fait ! <strong><span style=\"color: #0000ff\">Lookatmefouryou<\/span><\/strong> a r\u00e9ussi l&rsquo;<strong>exploit<\/strong> de conserver la mairie. Elle a \u00e9t\u00e9 \u00e9lue avec 77,33 % des voix ! <strong><span style=\"color: #0000ff\">Conchitawurst<\/span><\/strong> est \u00e9galement maire-adjoint de <span style=\"text-decoration: underline\">Bordeaux<\/span>. Et &#8230; c&rsquo;est tout ! Et c&rsquo;est surement la raison qui fait que le parti <strong>c\u00e8de sa place sur le podium<\/strong>. Pourtant, \u00e0 <span style=\"text-decoration: underline\">Lyon<\/span>, <strong><span style=\"color: #0000ff\">Ghool<\/span><\/strong> est \u00e0 15,4 % d&rsquo;intentions de vote. Mais <strong><span style=\"color: #0000ff\">Maalibu<\/span><\/strong> \u00e0 <span style=\"text-decoration: underline\">Bruxelles<\/span> n&rsquo;est qu&rsquo;\u00e0 5 % pour l&rsquo;instant et le parti n&rsquo;est, des fois, pas repr\u00e9sent\u00e9 dans plusieurs grandes villes du jeu.<\/p>\n<p style=\"text-align: justify\"><strong><span style=\"color: #ff6600\">Les Guillotin\u00e9s<\/span><\/strong> <strong>perdent \u00e9galement une place<\/strong> (6\u00e8me). Ils d\u00e9tiennent pourtant la mairie d&rsquo;<span style=\"text-decoration: underline\">Anvers<\/span> et de <span style=\"text-decoration: underline\">Lyon<\/span> (<strong><span style=\"color: #0000ff\">Labeechamel<\/span><\/strong> et<strong><span style=\"color: #0000ff\"> Escodevpm<\/span><\/strong>) tous deux \u00e9lus avec respectivement 64,7 % et 47,75 % des suffrages au second tour. Un poste de conseiller municipal dans la ville de <span style=\"text-decoration: underline\">Villeurbanne<\/span> a \u00e9t\u00e9 obtenu par <span style=\"color: #0000ff\"><strong>Breyo<\/strong><\/span>.<\/p>\n<p style=\"text-align: justify\"><strong>La plus grosse baisse<\/strong> cette semaine est \u00e0 mettre au cr\u00e9dit de <strong><span style=\"color: #ff6600\">La Communaut\u00e9 de l&rsquo;Agneau<\/span><\/strong> qui <strong>perd trois places<\/strong> et se retrouve au 9\u00e8me rang du classement. Une baisse de <strong><span style=\"color: #ff0000\">2,14 %<\/span><\/strong> d&rsquo;influence. Le parti d\u00e9tient la mairie belge de <span style=\"text-decoration: underline\">Bruxelles<\/span> par l&rsquo;interm\u00e9diaire de <strong><span style=\"color: #0000ff\">Saintlouis<\/span><\/strong> \u00e9lu avec 73,08 % des voix.<\/p>\n<p style=\"text-align: justify\"><strong><span style=\"color: #ff6600\">Les petits monstres<\/span><\/strong> <strong>perdent une petite place<\/strong> au classement (10\u00e8me). La mairie de <span style=\"text-decoration: underline\">Strasbourg<\/span> est une belle prise de guerre pour le parti qui voit <strong><span style=\"color: #0000ff\">Lamuette<\/span><\/strong> prendre les commandes de la ville (44,51 %). La mairie de <span style=\"text-decoration: underline\">Reims<\/span> leur appartient \u00e9galement (<strong><span style=\"color: #0000ff\">Lagouluee<\/span><\/strong>). <strong><span style=\"color: #0000ff\">Stoeckel<\/span><\/strong>, d\u00e9j\u00e0 maire du <span style=\"text-decoration: underline\">Havre<\/span>, y r\u00e8gne en maitre avec actuellement 47,3 % d&rsquo;intentions de vote.<\/p>\n<p style=\"text-align: justify\">Enfin, une <strong>baisse de deux places<\/strong> du <strong><span style=\"color: #ff6600\">Cercle Des Anc\u00eatres<\/span> <\/strong>qui pointe \u00e0 la <strong>derni\u00e8re position<\/strong>. Parti qui voit \u00e9volu\u00e9 dans ses rangs le maire-adjoint de <span style=\"text-decoration: underline\">Strasbourg<\/span>, <strong><span style=\"color: #0000ff\">Hiltonlgason<\/span><\/strong>.<\/p>\n<h1 style=\"text-align: justify\"><img decoding=\"async\" src=\"https:\/\/vpmedias.fr\/wp-content\/uploads\/2016\/07\/arrow-in-out.png\" \/><span style=\"text-decoration: underline\"><span style=\"color: #99cc00;text-decoration: underline\"><strong>E<\/strong><\/span><strong><span style=\"color: #99cc00;text-decoration: underline\">ntr\u00e9es e<\/span><span style=\"color: #ff9900;text-decoration: underline\">t sorties<\/span><\/strong><\/span><\/h1>\n<p style=\"text-align: justify\">Commen\u00e7ons si vous le voulez bien par le plus f\u00e2cheux : <strong>les sorties<\/strong>. Car oui, \u00e7a fait mal au c\u0153ur de sortir d&rsquo;un si beau classement. Et, la <strong>premi\u00e8re sortie<\/strong> est pour<strong><span style=\"color: #ff6600\"> La ruche<\/span><\/strong> qui se trouvait en 11\u00e8me position la semaine derni\u00e8re. Ce parti venait d\u00e9j\u00e0 de vivre une <strong>chute brutale de 5 places<\/strong> et connait pratiquement la m\u00eame chute aujourd&rsquo;hui. Le parti d\u00e9tient la mairie de <span style=\"text-decoration: underline\">Chateauroux<\/span> (<strong><span style=\"color: #0000ff\">Jordanallory<\/span><\/strong>), et le poste de maire-adjoint de <span style=\"text-decoration: underline\">N\u00eemes<\/span> (<strong><span style=\"color: #0000ff\">Hertrich<\/span><\/strong>).<\/p>\n<p style=\"text-align: justify\"><strong><span style=\"color: #ff6600\">Les 7 P\u00e9ch\u00e9s Capitaux<\/span><\/strong> fait \u00e9galement sa sortie. Il \u00e9tait en <strong>12\u00e8me position<\/strong> la semaine derni\u00e8re. Ce n&rsquo;est vraiment pas \u00e9tonnant de voir ce parti disparaitre du Top 15 : ils n&rsquo;ont qu&rsquo;un poste, celui de conseiller municipal de <span style=\"text-decoration: underline\">Dinan<\/span> (<strong><span style=\"color: #0000ff\">Magnet<\/span><\/strong>).<\/p>\n<p style=\"text-align: justify\">En ce qui concerne <strong>les entr\u00e9es<\/strong> dans le classement, deux partis sont aujourd&rsquo;hui ravis. C&rsquo;est <strong>le grand retour<\/strong> des rebelles et du<strong><span style=\"color: #ff6600\"> Front de la R\u00e9bellion<\/span><\/strong>. Le parti d\u00e9tient toujours la mairie de <span style=\"text-decoration: underline\">Toulon<\/span> avec les excellentes prestations de <strong><span style=\"color: #0000ff\">Chlochlos<\/span> <\/strong>(70,43 % des suffrages exprim\u00e9s lors du second tour). Mais qui d\u00e9tient \u00e9galement la mairie de <span style=\"text-decoration: underline\">Bruges<\/span> avec son c\u00e9l\u00e8bre dictateur (<strong><span style=\"color: #0000ff\">Lensvolcan<\/span><\/strong>).<\/p>\n<p style=\"text-align: justify\"><strong><span style=\"color: #ff6600\">Le milieu<\/span><\/strong> fait aussi son entr\u00e9e. En son sein on y trouve le maire-adjoint de <span style=\"text-decoration: underline\">Villeurbanne<\/span>,<strong><span style=\"color: #0000ff\"> Cattha<\/span><\/strong>. On a plus qu&rsquo;\u00e0 leur souhaiter la bienvenue.<\/p>\n<h1 style=\"text-align: justify\"><img loading=\"lazy\" decoding=\"async\" class=\" alignleft\" src=\"https:\/\/vpmedias.fr\/wp-content\/uploads\/2017\/10\/Ducobu-84x150.png\" width=\"36\" height=\"64\" \/><span style=\"text-decoration: underline\"><strong><span style=\"color: #ff00ff;text-decoration: underline\">Le Bonnet d\u2019\u00e2ne<\/span><\/strong><\/span><\/h1>\n<p style=\"text-align: justify\"><span style=\"color: #000000\">Cette semaine, le bonnet d&rsquo;\u00e2ne revient au parti &#8230; <strong><span style=\"color: #ff6600\">Le monde est a nous<\/span><\/strong> ! Celui-ci poss\u00e8de la mairie de <span style=\"text-decoration: underline\">Paris<\/span>, est repr\u00e9sent\u00e9 dans diff\u00e9rentes grandes villes, mais <strong>\u00e0 c\u00e9d\u00e9 sa place de troisi\u00e8me<\/strong> et se voit donc \u00e9ject\u00e9 du classement.\u00a0<\/span><\/p>\n<h1 style=\"text-align: justify\"><img loading=\"lazy\" decoding=\"async\" class=\" alignleft\" src=\"https:\/\/vpmedias.fr\/wp-content\/uploads\/2017\/10\/Bons_points-138x150.jpg\" width=\"37\" height=\"40\" \/><span style=\"text-decoration: underline;color: #808080\"><strong>Le Bon Point<\/strong><\/span><\/h1>\n<p style=\"text-align: justify\">Le bon point revient cette semaine &#8230; aux <strong><span style=\"color: #ff6600\">Enfants g\u00e2t\u00e9s<\/span><\/strong> ! Et oui, aux portes du podium la semaine derni\u00e8re, les y voici cette semaine. Seront-ils pr\u00eats \u00e0 d\u00e9fendre ardemment leur place sur celui-ci ?<\/p>\n<p>&nbsp;<\/p>\n<p><img loading=\"lazy\" decoding=\"async\" class=\"wp-image-46510 alignleft\" src=\"https:\/\/vpmedias.fr\/wp-content\/uploads\/2021\/02\/lettre-z-du-feu-de-lumi\u00e8re-br-lante-de-flamme-83915274-550x550.jpg\" alt=\"\" width=\"40\" height=\"40\" srcset=\"https:\/\/vpmedias.fr\/wp-content\/uploads\/2021\/02\/lettre-z-du-feu-de-lumi\u00e8re-br-lante-de-flamme-83915274-550x550.jpg 550w, https:\/\/vpmedias.fr\/wp-content\/uploads\/2021\/02\/lettre-z-du-feu-de-lumi\u00e8re-br-lante-de-flamme-83915274-150x150.jpg 150w, https:\/\/vpmedias.fr\/wp-content\/uploads\/2021\/02\/lettre-z-du-feu-de-lumi\u00e8re-br-lante-de-flamme-83915274-300x300.jpg 300w, https:\/\/vpmedias.fr\/wp-content\/uploads\/2021\/02\/lettre-z-du-feu-de-lumi\u00e8re-br-lante-de-flamme-83915274-768x768.jpg 768w, https:\/\/vpmedias.fr\/wp-content\/uploads\/2021\/02\/lettre-z-du-feu-de-lumi\u00e8re-br-lante-de-flamme-83915274-144x144.jpg 144w, https:\/\/vpmedias.fr\/wp-content\/uploads\/2021\/02\/lettre-z-du-feu-de-lumi\u00e8re-br-lante-de-flamme-83915274.jpg 800w\" sizes=\"auto, (max-width: 40px) 100vw, 40px\" \/><span style=\"font-size: 24pt;color: #0000ff\"><strong>\u00a0\u00a0<span style=\"text-decoration: underline\">Le Zoom<\/span><\/strong><\/span><\/p>\n<p><img loading=\"lazy\" decoding=\"async\" class=\"aligncenter wp-image-46524\" src=\"https:\/\/vpmedias.fr\/wp-content\/uploads\/2021\/02\/7954290-550x310.jpg\" alt=\"\" width=\"133\" height=\"75\" srcset=\"https:\/\/vpmedias.fr\/wp-content\/uploads\/2021\/02\/7954290-550x310.jpg 550w, https:\/\/vpmedias.fr\/wp-content\/uploads\/2021\/02\/7954290-150x84.jpg 150w, https:\/\/vpmedias.fr\/wp-content\/uploads\/2021\/02\/7954290-300x169.jpg 300w, https:\/\/vpmedias.fr\/wp-content\/uploads\/2021\/02\/7954290.jpg 650w\" sizes=\"auto, (max-width: 133px) 100vw, 133px\" \/><\/p>\n<p style=\"text-align: justify\">Cette semaine, je vais vous faire d\u00e9couvrir le parti qui est actuellement en <strong>deuxi\u00e8me position<\/strong> du classement de la rel\u00e8ve\u00a0: <strong><span style=\"color: #ff6600\">Les Ripoux-blicains<\/span><\/strong>. Vous l&rsquo;aurez compris, <strong>Le Zoom<\/strong> est une nouvelle rubrique que vous retrouverez lors des prochains CN.<\/p>\n<p style=\"text-align: justify\">Le parti \u00e0 \u00e9tait cr\u00e9e le <strong>26 d\u00e9cembre 2020<\/strong> par <strong><span style=\"color: #0000ff\">Captaincamembert<\/span><\/strong>. Ils ont \u00e9galement choisi une belle devise \u00e0 appliquer dans presque tous les partis du jeu <span style=\"color: #333333\"><span style=\"font-family: 'Source Sans Pro', 'Helvetica Neue', Helvetica, Arial, sans-serif\"><span style=\"font-size: small\">: <\/span><\/span><\/span><span style=\"color: #000000;font-size: 12pt;font-family: georgia, palatino, serif\">\u00ab\u00a0Libert\u00e9, argent d\u00e9tourn\u00e9, d\u00e9lit d&rsquo;initi\u00e9 !\u00a0\u00bb. <\/span><\/p>\n<p style=\"text-align: justify\"><span style=\"color: #000000;font-size: 12pt;font-family: georgia, palatino, serif\">Passons d\u00e9sormais au palmar\u00e8s de leurs membres. Et, au moment o\u00f9 j&rsquo;\u00e9cris ces lignes, <strong>tous les joueurs issus de ce partis sont \u00e9toil\u00e9s<\/strong>. Leur SG, <strong><span style=\"color: #0000ff\">Captaincamembert<\/span><\/strong>, est conseiller municipal de <span style=\"text-decoration: underline\">Saint-Denis<\/span>, <strong><span style=\"color: #0000ff\">Emploifictif<\/span><\/strong> (le tr\u00e9sorier) est conseiller municipal de <span style=\"text-decoration: underline\">Toulon<\/span>. Comment \u00e9voquer le parti sans mentionner <strong><span style=\"color: #0000ff\">Marlin<\/span><\/strong>, conseiller municipal de <span style=\"text-decoration: underline\">Bordeaux<\/span>. Le porte-parole est <strong><span style=\"color: #0000ff\">Masurel<\/span><\/strong> et il est \u00e9galement maire de <span style=\"text-decoration: underline\">Vannes{{1}}<\/span>. La derni\u00e8re a avoir int\u00e9gr\u00e9e le parti s&rsquo;appelle <strong><span style=\"color: #0000ff\">Wondernana<\/span><\/strong> et est maire de <span style=\"text-decoration: underline\">Cognac<\/span>. Enfin, pour terminer l&rsquo;appel, je citerai <strong><span style=\"color: #0000ff\">Wylmir<\/span><\/strong>, maire de <span style=\"text-decoration: underline\">Varennes-Vauzelles<\/span>. <\/span><\/p>\n<p style=\"text-align: justify\"><span style=\"color: #000000;font-size: 12pt;font-family: georgia, palatino, serif\">Ce parti, je tenais \u00e0 vous le pr\u00e9senter, \u00e0 je pense <strong>tout pour devenir tr\u00e8s grand<\/strong>. Si il continue \u00e0 ce d\u00e9velopper et \u00e0 s&rsquo;implanter dans les villes moyennes ou grandes, inutile de vous pr\u00e9ciser qu&rsquo;il fera bient\u00f4t son entr\u00e9e dans le tr\u00e8s convoit\u00e9 Top 15. Ce parti peut avoir <strong>un tr\u00e8s bel avenir<\/strong> et fera sans nul doute beaucoup parler de lui. <\/span><\/p>\n<p style=\"text-align: justify\"><span style=\"color: #000000;font-size: 12pt;font-family: georgia, palatino, serif\">Bon, pour se faire plaisir, on va terminer ce premier <strong>Zoom<\/strong> en \u00e9coutant l&rsquo;hymne officiel de ce parti\u00a0:\u00a0<a href=\"https:\/\/www.youtube.com\/watch?v=ETxmCCsMoD0\">https:\/\/www.youtube.com\/watch?v=ETxmCCsMoD0<\/a><\/span><\/p>\n<p>\u00a0<img loading=\"lazy\" decoding=\"async\" class=\"wp-image-46512 alignleft\" src=\"https:\/\/vpmedias.fr\/wp-content\/uploads\/2021\/02\/uploded_istock-904753604-1538471439.jpg\" alt=\"\" width=\"63\" height=\"42\" srcset=\"https:\/\/vpmedias.fr\/wp-content\/uploads\/2021\/02\/uploded_istock-904753604-1538471439.jpg 540w, https:\/\/vpmedias.fr\/wp-content\/uploads\/2021\/02\/uploded_istock-904753604-1538471439-150x99.jpg 150w, https:\/\/vpmedias.fr\/wp-content\/uploads\/2021\/02\/uploded_istock-904753604-1538471439-300x198.jpg 300w\" sizes=\"auto, (max-width: 63px) 100vw, 63px\" \/><span style=\"text-decoration: underline;font-size: 24pt;color: #993366\"><strong>Les paris de la semaine<\/strong><\/span><\/p>\n<p style=\"text-align: justify\">Aller je me lance : je parie une perte du leadership du parti <strong><span style=\"color: #ff6600\">Le Harem de Zalou<\/span><\/strong>.<\/p>\n<p style=\"text-align: justify\"><strong>La premi\u00e8re place<\/strong> reviendra tr\u00e8s certainement aux <strong><span style=\"color: #ff6600\">Enfants g\u00e2t\u00e9s<\/span><\/strong> qui sont sur une pente ascendante et peuvent encore progresser.<\/p>\n<p>Pour <strong>les sorties<\/strong> de la semaine prochaine, je pronostique deux sorties : <strong><span style=\"color: #ff6600\">PACMAN<\/span><\/strong> et <strong><span style=\"color: #ff6600\">Le Cercle Des Anc\u00eatres<\/span><\/strong>.<\/p>\n<p>&nbsp;<\/p>\n<p style=\"text-align: justify\">Voil\u00e0, c&rsquo;est tout pour moi. Je vous dis bonne fin de soir\u00e9e et \u00e0 la semaine prochaine pour un nouveau CN endiabl\u00e9.<\/p>\n<p>&nbsp;<\/p>\n<p>[[1]]Et ce n&rsquo;est pas une blague ![[1]]<\/p>\n","protected":false},"excerpt":{"rendered":"<p>Un nouveau CN en vue &#8230; avec une nouveaut\u00e9 \u00e0 l&rsquo;int\u00e9rieur, et le retour d&rsquo;une rubrique : celle des Paris de la semaine !<\/p>\n","protected":false},"author":229,"featured_media":37871,"comment_status":"open","ping_status":"open","sticky":false,"template":"","format":"standard","meta":{"site-container-style":"default","site-container-layout":"default","site-sidebar-layout":"default","disable-article-header":"default","disable-site-header":"default","disable-site-footer":"default","disable-content-area-spacing":"default","footnotes":""},"categories":[312,3],"tags":[270,41,187,52],"class_list":["post-46486","post","type-post","status-publish","format-standard","has-post-thumbnail","hentry","category-g-a-la-une","category-1-vpmi","tag-classement","tag-classement-national","tag-classement-par-influence","tag-partis"],"_links":{"self":[{"href":"https:\/\/vpmedias.fr\/index.php?rest_route=\/wp\/v2\/posts\/46486","targetHints":{"allow":["GET"]}}],"collection":[{"href":"https:\/\/vpmedias.fr\/index.php?rest_route=\/wp\/v2\/posts"}],"about":[{"href":"https:\/\/vpmedias.fr\/index.php?rest_route=\/wp\/v2\/types\/post"}],"author":[{"embeddable":true,"href":"https:\/\/vpmedias.fr\/index.php?rest_route=\/wp\/v2\/users\/229"}],"replies":[{"embeddable":true,"href":"https:\/\/vpmedias.fr\/index.php?rest_route=%2Fwp%2Fv2%2Fcomments&post=46486"}],"version-history":[{"count":37,"href":"https:\/\/vpmedias.fr\/index.php?rest_route=\/wp\/v2\/posts\/46486\/revisions"}],"predecessor-version":[{"id":46528,"href":"https:\/\/vpmedias.fr\/index.php?rest_route=\/wp\/v2\/posts\/46486\/revisions\/46528"}],"wp:featuredmedia":[{"embeddable":true,"href":"https:\/\/vpmedias.fr\/index.php?rest_route=\/wp\/v2\/media\/37871"}],"wp:attachment":[{"href":"https:\/\/vpmedias.fr\/index.php?rest_route=%2Fwp%2Fv2%2Fmedia&parent=46486"}],"wp:term":[{"taxonomy":"category","embeddable":true,"href":"https:\/\/vpmedias.fr\/index.php?rest_route=%2Fwp%2Fv2%2Fcategories&post=46486"},{"taxonomy":"post_tag","embeddable":true,"href":"https:\/\/vpmedias.fr\/index.php?rest_route=%2Fwp%2Fv2%2Ftags&post=46486"}],"curies":[{"name":"wp","href":"https:\/\/api.w.org\/{rel}","templated":true}]}}