{"id":47414,"date":"2022-03-30T14:00:59","date_gmt":"2022-03-30T12:00:59","guid":{"rendered":"https:\/\/vpmedias.fr\/?p=47414"},"modified":"2022-03-30T15:15:32","modified_gmt":"2022-03-30T13:15:32","slug":"les-candidats-se-mettent-a-nolulu-4","status":"publish","type":"post","link":"https:\/\/vpmedias.fr\/?p=47414","title":{"rendered":"Le candidat Omicron se met \u00e0 N(olul)u !"},"content":{"rendered":"<p><span style=\"font-size: 10pt\"><em>Interview r\u00e9alis\u00e9 entre 23h20 et 00h15 le 29 mars 2022.<\/em><\/span><\/p>\n<p><img loading=\"lazy\" decoding=\"async\" class=\"aligncenter size-full wp-image-47415\" src=\"https:\/\/vpmedias.fr\/wp-content\/uploads\/2022\/03\/Capture.png\" alt=\"\" width=\"272\" height=\"150\" srcset=\"https:\/\/vpmedias.fr\/wp-content\/uploads\/2022\/03\/Capture.png 272w, https:\/\/vpmedias.fr\/wp-content\/uploads\/2022\/03\/Capture-150x83.png 150w\" sizes=\"auto, (max-width: 272px) 100vw, 272px\" \/><\/p>\n<p>Le prochain candidat que nous recevons, c&rsquo;est<span style=\"text-decoration: underline\"><strong><span style=\"color: #00ff00;text-decoration: underline\"> Omicron<\/span><\/strong><\/span> !<\/p>\n<p style=\"text-align: justify\"><span style=\"color: #000000\"><strong>Nous accueillons Omicron pour cette interview vers la pr\u00e9sidentielle. Je suis heureux de t&rsquo;avoir avec moi et de pouvoir te passer au grill. Peux-tu en quelques mots te pr\u00e9senter pour les personnes ne sachant pas vraiment qui tu es\u00a0?<\/strong><\/span><\/p>\n<p style=\"text-align: justify\"><span style=\"font-family: georgia, palatino, serif\"><span style=\"text-decoration: underline\"><strong><span style=\"color: #00ff00;text-decoration: underline\">Omicron<\/span><\/strong><\/span> :\u00a0<span style=\"color: #000000\"><span style=\"font-size: medium\">Bonjour \u00e0 tous,<\/span><\/span><span style=\"color: #000000\"><span style=\"font-size: medium\"><br \/>\n<\/span><\/span><\/span><span style=\"color: #000000\"><span style=\"font-family: 'Times New Roman', serif\"><span style=\"font-size: medium\"><span style=\"font-family: georgia, palatino, serif\">Je suis Omicron, un joueur tr\u00e8s pr\u00e9sent et impliqu\u00e9 dans ce jeu. Un joueur qui essaie d\u2019apporter humeur, bonheur et simplicit\u00e9 dans ce jeu parfois plein de surprises et de tensions. Alors c\u2019est avec ces 4 caract\u00e9ristiques que je souhaite mener campagne et vous convaincre de m\u2019\u00e9lire pr\u00e9sident de VPM. Votre pr\u00e9sident dans ce jeu car oui, c\u2019est bon parfois de la rappeler, le VPM est un jeu\u2026 le second degr\u00e9 doit \u00eatre de mise et je souhaite que chacun puisse jouer, apporter sa contribution dans l\u2019apaisement et l&rsquo;amusement g\u00e9n\u00e9ral<\/span>.<\/span><\/span><\/span><\/p>\n<p style=\"text-align: justify\"><strong><span style=\"color: #000000\">Petite pr\u00e9sentation et go \u00e0 l&rsquo;essentiel\u00a0! Pour toi, quelles sont les principales qualit\u00e9s pour faire un bon Pr\u00e9sident\u00a0?<\/span><\/strong><\/p>\n<p style=\"text-align: justify\"><span style=\"text-decoration: underline\"><strong><span style=\"color: #00ff00;text-decoration: underline\">Omicron<\/span><\/strong><\/span> :<span style=\"font-family: georgia, palatino, serif\">\u00a0<span style=\"color: #000000\"><span style=\"font-size: medium\">Comme je le disais dans ma pr\u00e9sentation je suis plein d\u2019humour et de simplicit\u00e9. Si je suis \u00e9lu pr\u00e9sident du VPM c\u2019est en ces termes que je souhaite \u00eatre caract\u00e9ris\u00e9 : simple, dr\u00f4le, accessible, sans prise de t\u00eate car ce jeu est pour nous tous une passion.<\/span><\/span><span style=\"color: #000000\"><span style=\"font-size: medium\"><br \/>\n<\/span><\/span><span style=\"color: #000000\"><span style=\"font-size: medium\">Je crois aussi que mon jeune \u00e2ge, mon insouciance, ma modernit\u00e9 peuvent et doivent apporter un regard nouveau sur ce jeu qui peut encore \u00e9voluer.<\/span><\/span><span style=\"color: #000000\"><span style=\"font-size: medium\"><br \/>\n<\/span><\/span><span style=\"color: #000000\"><span style=\"font-size: medium\">Dans tous les cas, mon ma\u00eetre mot est VIVRE ENSEMBLE, qu\u2019on soit tous \u00e0 notre place dans le jeu.<\/span><\/span><\/span><\/p>\n<p style=\"text-align: justify\"><strong><span style=\"color: #000000\">As tu d\u00e9j\u00e0 tenter par le pass\u00e9 la course \u00e0 l&rsquo;Elys\u00e9e Vpmiens\u00a0? Pourquoi te pr\u00e9senter aujourd&rsquo;hui\u00a0?<\/span><\/strong><\/p>\n<p style=\"text-align: justify\"><span style=\"text-decoration: underline\"><strong><span style=\"color: #00ff00;text-decoration: underline\">Omicron<\/span><\/strong><\/span> :\u00a0<span style=\"font-family: georgia, palatino, serif\"><span style=\"color: #000000\"><span style=\"font-size: medium\">C\u2019est une premi\u00e8re candidature pour moi.<\/span><\/span><span style=\"color: #000000\"><span style=\"font-size: medium\"><br \/>\n<\/span><\/span><span style=\"color: #000000\"><span style=\"font-size: medium\">Je ne suis pas assez ancien sur le VPM pour avoir pu me pr\u00e9senter. Premi\u00e8re exp\u00e9rience, mais rempli d\u2019envies, de joies, de d\u00e9terminations, de convictions, d\u2019id\u00e9es\u2026 Et tr\u00e8s proche de nous, nous avons un bon exemple de premi\u00e8re candidature pr\u00e9sidentielle victorieuse ! Alors, chiche ;)<\/span><\/span><\/span><\/p>\n<p style=\"text-align: justify\"><strong><span style=\"color: #000000\">C&rsquo;est vrai que tu es assez jeune sur le jeu, tu as trois campagnes \u00e9lectorales \u00e0 ton actif en 2022 \u2026 ne crains tu pas d&rsquo;avoir un d\u00e9ficit de notori\u00e9t\u00e9 dans une \u00e9lection essentiellement bas\u00e9e la dessus\u00a0?<\/span><\/strong><\/p>\n<p style=\"text-align: justify\"><span style=\"text-decoration: underline\"><strong><span style=\"color: #00ff00;text-decoration: underline\">Omicron<\/span><\/strong><\/span> :\u00a0<span style=\"font-family: georgia, palatino, serif\"><span style=\"color: #000000\"><span style=\"font-size: medium\">Merci de cette question, car il y a quelque chose d\u2019essentiel dans une \u00e9lection : donner la possibilit\u00e9 \u00e0 chacun de ce pr\u00e9senter et de repr\u00e9senter ces id\u00e9es. Et je lance \u00e0 travers vous un appel tr\u00e8s solennel : Parrainez moi, aidez moi pour \u00eatre certains que le pluralisme d\u2019id\u00e9es, d\u2019envies soit pr\u00e9sent \u00e0 cette \u00e9lection. Parrainer n\u2019est pas soutenir. C\u2019est d\u00e9fendre vos convictions d\u00e9mocratiques.<\/span><\/span><span style=\"color: #000000\"><span style=\"font-size: medium\"><br \/>\n<\/span><\/span><span style=\"color: #000000\"><span style=\"font-size: medium\">Concernant votre question sur la notori\u00e9t\u00e9, c\u2019est aussi votre r\u00f4le, et en cela je vous remercie du r\u00f4le d\u00e9terminant que vous jouez. Cet entretien en fait parti. J\u2019esp\u00e8re qu\u2019il donnera envie aux amis du VPM d\u2019apprendre \u00e0 me conna\u00eetre et de s\u2019int\u00e9resser \u00e0 moi, puis de parler de moi et de me faire conna\u00eetre et confiance.<\/span><\/span><span style=\"color: #000000\"><span style=\"font-size: medium\"><br \/>\n<\/span><\/span><span style=\"color: #000000\"><span style=\"font-size: medium\">Je ferais tout mon possible pour \u00eatre visible et pr\u00e9sent tout au long de cette campagne.<\/span><\/span><span style=\"color: #000000\"><span style=\"font-size: medium\"><br \/>\n<\/span><\/span><span style=\"color: #000000\"><span style=\"font-size: medium\">J\u2019esp\u00e8re que d\u2019autres entretiens auront lieu dans les jours qui viennent en tous les cas j\u2019y r\u00e9pondrais avec plaisir.<\/span><\/span><\/span><\/p>\n<p>&nbsp;<\/p>\n<p><iframe loading=\"lazy\" title=\"YouTube video player\" src=\"https:\/\/www.youtube.com\/embed\/xVUfPK4OC6s\" width=\"480\" height=\"360\"><\/iframe><\/p>\n<p><span style=\"font-size: 10pt\"><em>Petit interlude musical choisi par le candidat.<\/em><\/span><\/p>\n<p style=\"text-align: justify\"><strong><span style=\"color: #000000\">C&rsquo;est bien normal et oui, c&rsquo;est notre r\u00f4le effectivement ^^<\/span><\/strong><\/p>\n<p style=\"text-align: justify\"><strong><span style=\"color: #000000\">Omicron, Omicron, Omicron \u2026 je r\u00e9p\u00e8te depuis plusieurs fois ton nom et \u2026 \u00e7a me rappelle la Covid19\u00a0! Tous ces noms de variants par ci par l\u00e0, \u00e0 nous mettre mal d\u00e8s le matin devant nos informations en continu\u00a0! En tant que candidat va tu rendre le peuple malade\u00a0? Devrons-nous nous faire vacciner si tu es \u00e9lu\u00a0?<\/span><\/strong><\/p>\n<p style=\"text-align: justify\"><span style=\"text-decoration: underline\"><strong><span style=\"color: #00ff00;text-decoration: underline\">Omicron<\/span><\/strong><\/span> :\u00a0<span style=\"font-family: georgia, palatino, serif\"><span style=\"color: #000000\"><span style=\"font-size: medium\">ahahahaha, j\u2019aime beaucoup cette question.<\/span><\/span><span style=\"color: #000000\"><span style=\"font-size: medium\"><br \/>\n<\/span><\/span><span style=\"color: #000000\"><span style=\"font-size: medium\">Effectivement Omicron m\u2019est venu au moment de la pand\u00e9mie. Ma profession fait aussi que j\u2019ai eu envie d\u2019un petit clin d\u2019\u0153il.<\/span><\/span><span style=\"color: #000000\"><span style=\"font-size: medium\"><br \/>\n<\/span><\/span><span style=\"color: #000000\"><span style=\"font-size: medium\">Et oui, je confirme, que la vaccination sera obligatoire si je suis \u00e9lu, du moins obligatoire pour les n\u00e9gationnistes, les nostalgiques, les pessimistes, les r\u00e2leurs et les chieurs\u2026 oups pardon \u00ab\u00a0un pr\u00e9sident ne devrait pas dire \u00e7a\u00a0\u00bb ! Ahahaha<\/span><\/span><span style=\"color: #000000\"><span style=\"font-size: medium\"><br \/>\n<\/span><\/span><span style=\"color: #000000\"><span style=\"font-size: medium\">Tous ces gens devront se faire vacciner contre le virus du bonheur, de la bonne humeur, de l\u2019humour, du d\u00e9calage et du second degr\u00e9 que je souhaite diffuser \u00e0 tous.<\/span><\/span><span style=\"color: #000000\"><span style=\"font-size: medium\"><br \/>\n<\/span><\/span><span style=\"color: #000000\"><span style=\"font-size: medium\">Moi pr\u00e9sident, vous serez tous infectez par le virus du bonheur :p<\/span><\/span><\/span><\/p>\n<p style=\"text-align: justify\"><strong><span style=\"color: #000000\">Un virus du bonheur, moi je ne dis pas non hein\u00a0!!<\/span><\/strong><\/p>\n<p style=\"text-align: justify\"><strong><span style=\"color: #000000\">On te sait \u00e9voluant au sein du Parti Romain, as tu le soutien de ses membres\u00a0?<\/span><\/strong><\/p>\n<p style=\"text-align: justify\"><span style=\"text-decoration: underline\"><strong><span style=\"color: #00ff00;text-decoration: underline\">Omicron<\/span><\/strong><\/span> :\u00a0<span style=\"font-family: georgia, palatino, serif\"><span style=\"color: #000000\"><span style=\"font-size: medium\">C\u2019est comme demander \u00e0 P\u00e9cresse si elle a le soutien de Sarkozy, \u00e7a ne sert \u00e0 rien.<\/span><\/span><span style=\"color: #000000\"><span style=\"font-size: medium\"><br \/>\n<\/span><\/span><span style=\"color: #000000\"><span style=\"font-size: medium\">Je me pr\u00e9sente \u00e0 cette \u00e9lection pas pour gagner des places dans mon parti, ni pour la gloire d\u2019une \u00e9tiquette. Je me pr\u00e9sente pour VPM. Je ne parle pas uniquement \u00e0 mon parti durant cette \u00e9lection je parle \u00e0 l\u2019ensemble des membres de VPM.<\/span><\/span><span style=\"color: #000000\"><span style=\"font-size: medium\"><br \/>\n<\/span><\/span><span style=\"color: #000000\"><span style=\"font-size: medium\">Alors oui, de nombreux membres de mon parti me soutiennent, mais ce qui m\u2019importe plus que tout, et ce qui m\u2019importe du plus profond de mon c\u0153ur c\u2019est d\u2019avoir le soutien de l\u2019ensemble des membres de VPM et que le soir du premier tour je puisse mobiliser autour de moi, rassembler autour de moi, et surtout que le soir du second tour je puisse faire rayonner de sourire le monde VPM.<\/span><\/span><\/span><\/p>\n<p style=\"text-align: justify\"><span style=\"color: #000000\"><strong>Pourquoi toi\u00a0? Je veux dire, pourquoi des joueurs \u00e9toil\u00e9s t&rsquo;accorderaient-ils leurs parrainages\u00a0? Pourquoi ne pas choisir un autre candidat\u00a0?<\/strong><\/span><\/p>\n<p style=\"text-align: justify\"><span style=\"text-decoration: underline\"><strong><span style=\"color: #00ff00;text-decoration: underline\">Omicron<\/span><\/strong><\/span> :\u00a0<span style=\"font-family: georgia, palatino, serif\"><span style=\"color: #000000\"><span style=\"font-size: medium\">J\u2019ai en partie r\u00e9pondu tout \u00e0 l\u2019heure. Premi\u00e8rement pour la d\u00e9mocratie. Pour la pluralit\u00e9 du choix de l\u2019\u00e9lecteur.<\/span><\/span><span style=\"color: #000000\"><span style=\"font-size: medium\"><br \/>\n<\/span><\/span><span style=\"color: #000000\"><span style=\"font-size: medium\">Deuxi\u00e8mement, je repr\u00e9sente un courant progressiste, moderne, avec une vision des choses plus jeune, moins enferm\u00e9 dans une nostalgie et pr\u00eat \u00e0 avancer avec son temps tout en prot\u00e9geant les bases du jeu et les traditions. La jeunesse est l\u2019avenir non ? C\u2019est ce que disent les vieux\u2026 faisons leur confiance et votons pour la jeunesse.<\/span><\/span><span style=\"color: #000000\"><span style=\"font-size: medium\"><br \/>\n<\/span><\/span><span style=\"color: #000000\"><span style=\"font-size: medium\">Derni\u00e8rement, parce que comme je vous le dis et le montre depuis le d\u00e9but de l\u2019entretien je veux redonner le sourire \u00e0 mes amis et coll\u00e8gues membres de VPM. Je base vraiment ma d\u00e9marche de candidature dans cet esprit et ce qu\u2019il me pla\u00eet. Rire, sourire, s\u2019apaiser, et surtout, surtout\u2026 ne pas se prendre la t\u00eate.<\/span><\/span><span style=\"color: #000000\"><span style=\"font-size: medium\"><br \/>\n<\/span><\/span><span style=\"color: #000000\"><span style=\"font-size: medium\">D\u2019ailleurs, je vous vois d\u00e9j\u00e0 sourire derri\u00e8re votre \u00e9cran, je me trompe ? ;p<\/span><\/span><\/span><\/p>\n<p style=\"text-align: justify\"><strong><span style=\"color: #000000\">Le rictus peut vite arriver \u2026<\/span><\/strong><\/p>\n<p style=\"text-align: justify\"><strong><span style=\"color: #000000\">Cette belle discussion touche \u00e0 sa fin. Je te remercie d&rsquo;y avoir particip\u00e9 et d&rsquo;avoir imm\u00e9diatement r\u00e9pondu par l&rsquo;affirmative \u00e0 l&rsquo;invitation. Comme tous les autres pr\u00e9tendants, je te laisse ta carte blanche, c&rsquo;est ton moment.<\/span><\/strong><\/p>\n<p style=\"text-align: justify\"><span style=\"text-decoration: underline\"><strong><span style=\"color: #00ff00;text-decoration: underline\">Omicron<\/span><\/strong><\/span> :\u00a0<span style=\"font-family: georgia, palatino, serif\"><span style=\"color: #000000\"><span style=\"font-size: medium\">C\u2019est d\u00e9j\u00e0 finit ? C\u2019\u00e9tait trop court, \u00e7a passe vite avec vous\u2026 il faudra remettre \u00e7a alors.<\/span><\/span><\/span><\/p>\n<p><span style=\"color: #000000\"><span style=\"font-size: medium\">Ce que je voudrais dire pour finir c\u2019est d\u2019abord merci ! Merci \u00e0 vous de nous donner la possibilit\u00e9 de s\u2019exprimer, merci \u00e0 mes parrains et mes futurs parrains. Car je suis certains que de nombreux membres me parrainerons \u00e0 la lecture de cet entretien pour soutenir le courant progressiste que je repr\u00e9sente et surtout soutenir la d\u00e9mocratie.<\/span><\/span><\/p>\n<p><span style=\"color: #000000\"><span style=\"font-size: medium\">Ensuite, j\u2019aimerais lier un pacte avec les coll\u00e8gues de VPM qui voteront pour moi. Un pacte de confiance et d\u2019audace. Soyons courageux de choisir la jeunesse, osons la jeunesse, soyons fiers d\u2019\u00eatre moderne, mais respectueux des socles de fonctionnements de notre jeu, soyons fiers d\u2019aimer jouer dans la bonne humeur et la sympathie, d\u00e9fendons ces valeurs.<\/span><\/span><\/p>\n<p><span style=\"color: #000000\"><span style=\"font-size: medium\">Surtout, souriez, \u00e9changez, amusez-vous, rigolez, aimez-vous et\u2026. Votez Omicron !<\/span><\/span><\/p>\n<p><span style=\"color: #000000\"><span style=\"font-size: medium\">Merci \u00e0 tous :)<\/span><\/span><\/p>\n<p style=\"text-align: justify\"><strong><span style=\"color: #000000\">Merci Omicron, j&rsquo;esp\u00e8re que certaines personnes t&rsquo;auront d\u00e9couvert ou red\u00e9couvert, appris \u00e0 t&rsquo;appr\u00e9cier ou moins. Moi je te dis \u00e0 tr\u00e8s vite car qui sait de quoi demain sera fait ^^<\/span><\/strong><\/p>\n<p style=\"text-align: justify\"><span style=\"font-family: georgia, palatino, serif\"><span style=\"text-decoration: underline\"><strong><span style=\"color: #00ff00;text-decoration: underline\">Omicron<\/span><\/strong><\/span> :\u00a0<span style=\"color: #000000\"><span style=\"font-size: medium\">Avec plaisir Nolulu, toujours ouvert aux bonnes propositions et aux \u00e9changes ! A tr\u00e8s vite.\u00a0<\/span><\/span><\/span><\/p>\n","protected":false},"excerpt":{"rendered":"<p>Il a un pseudo qui fait trembler le monde entier.<br \/>\nMais en vrai, il est plut\u00f4t sympa. Venez vite d\u00e9couvrir qui est le prochain candidat !<\/p>\n","protected":false},"author":229,"featured_media":47403,"comment_status":"open","ping_status":"open","sticky":false,"template":"","format":"standard","meta":{"site-container-style":"default","site-container-layout":"default","site-sidebar-layout":"default","disable-article-header":"default","disable-site-header":"default","disable-site-footer":"default","disable-content-area-spacing":"default","footnotes":""},"categories":[312,4],"tags":[45,34,418],"class_list":["post-47414","post","type-post","status-publish","format-standard","has-post-thumbnail","hentry","category-g-a-la-une","category-2-vpmc","tag-campagne","tag-interview","tag-presidentielle"],"_links":{"self":[{"href":"https:\/\/vpmedias.fr\/index.php?rest_route=\/wp\/v2\/posts\/47414","targetHints":{"allow":["GET"]}}],"collection":[{"href":"https:\/\/vpmedias.fr\/index.php?rest_route=\/wp\/v2\/posts"}],"about":[{"href":"https:\/\/vpmedias.fr\/index.php?rest_route=\/wp\/v2\/types\/post"}],"author":[{"embeddable":true,"href":"https:\/\/vpmedias.fr\/index.php?rest_route=\/wp\/v2\/users\/229"}],"replies":[{"embeddable":true,"href":"https:\/\/vpmedias.fr\/index.php?rest_route=%2Fwp%2Fv2%2Fcomments&post=47414"}],"version-history":[{"count":4,"href":"https:\/\/vpmedias.fr\/index.php?rest_route=\/wp\/v2\/posts\/47414\/revisions"}],"predecessor-version":[{"id":47425,"href":"https:\/\/vpmedias.fr\/index.php?rest_route=\/wp\/v2\/posts\/47414\/revisions\/47425"}],"wp:featuredmedia":[{"embeddable":true,"href":"https:\/\/vpmedias.fr\/index.php?rest_route=\/wp\/v2\/media\/47403"}],"wp:attachment":[{"href":"https:\/\/vpmedias.fr\/index.php?rest_route=%2Fwp%2Fv2%2Fmedia&parent=47414"}],"wp:term":[{"taxonomy":"category","embeddable":true,"href":"https:\/\/vpmedias.fr\/index.php?rest_route=%2Fwp%2Fv2%2Fcategories&post=47414"},{"taxonomy":"post_tag","embeddable":true,"href":"https:\/\/vpmedias.fr\/index.php?rest_route=%2Fwp%2Fv2%2Ftags&post=47414"}],"curies":[{"name":"wp","href":"https:\/\/api.w.org\/{rel}","templated":true}]}}