{"id":47464,"date":"2022-04-13T10:00:16","date_gmt":"2022-04-13T08:00:16","guid":{"rendered":"https:\/\/vpmedias.fr\/?p=47464"},"modified":"2022-04-13T00:43:49","modified_gmt":"2022-04-12T22:43:49","slug":"classement-regional-avril-2022","status":"publish","type":"post","link":"https:\/\/vpmedias.fr\/?p=47464","title":{"rendered":"Classement R\u00e9gional &#8211; Avril 2022 !"},"content":{"rendered":"<p style=\"text-align: justify\"><span style=\"color: #000000;font-size: 14pt\"><strong>En avril, mieux vaux garder une petite veste car comme le dis si bien le dicton : \u00ab\u00a0Avril, ne te d\u00e9couvre pas d&rsquo;un fil\u00a0\u00bb. En ce mois o\u00f9 les temp\u00e9ratures vacillent, passant du chaud au froid, de la tramontane au mistral, du grand ciel bleu \u00e0 des averses venues de nulle part, il est grand temps de red\u00e9couvrir les nouveaux pr\u00e9sidents, ou pr\u00e9sidentes de nos belles r\u00e9gions. Il est donc temps de retrouver le Classement R\u00e9gional d\u00e9laiss\u00e9 en mars et faisant aujourd&rsquo;hui son retour fracassant.\u00a0<\/strong><\/span><\/p>\n<p style=\"text-align: justify\"><span style=\"color: #000000;font-size: 14pt\"><strong>Vous l&rsquo;attendiez avec plus ou moins d&rsquo;impatience ? Le voici, le voil\u00e0 !<\/strong><\/span><\/p>\n<h3><\/h3>\n<h3><span style=\"text-decoration: underline;font-size: 24pt\"><strong><span style=\"color: #ff6600;text-decoration: underline\">R\u00e9sultats officiels d&rsquo;Avril 2022<\/span><\/strong><\/span><\/h3>\n<table style=\"font-family: georgia, palatino\">\n<tbody>\n<tr style=\"background-color: #f2f2f2;color: #3f3f3f;text-align: center;font-size: 15px\">\n<th style=\"width: 450px\" height=\"56\">R\u00e9gion<\/th>\n<th style=\"width: 200px\">Pr\u00e9sident<\/th>\n<th style=\"width: 400px\">Parti<\/th>\n<\/tr>\n<tr>\n<td style=\"background-color: #376092;color: white;font-size: 12.5px;text-align: center\" height=\"30\"><a style=\"color: white\" href=\"http:\/\/wiki.vpmedias.fr\/Auvergne-Rh\u00f4ne-Alpes\">Auvergne Rh\u00f4ne Alpes<\/a><\/td>\n<td style=\"font-size: 12.5px;text-align: center\"><a href=\"http:\/\/wiki.vpmedias.fr\/Hematome\"><b>Hematome<b><\/b><\/b><\/a><\/td>\n<td style=\"font-size: 12.5px;text-align: center;background-color: #ecf5ff\"><a href=\"http:\/\/wiki.vpmedias.fr\/Un soir de Juillet.\">Un soir de Juillet.<\/a><\/td>\n<\/tr>\n<tr>\n<td style=\"background-color: #376092;color: white;font-size: 12.5px;text-align: center\" height=\"30\"><a style=\"color: white\" href=\"http:\/\/wiki.vpmedias.fr\/Belgique\">Belgique<\/a><\/td>\n<td style=\"font-size: 12.5px;text-align: center\"><a href=\"http:\/\/wiki.vpmedias.fr\/Maalibu\"><b>Maalibu<b><\/b><\/b><\/a><\/td>\n<td style=\"font-size: 12.5px;text-align: center;background-color: #ecf5ff\"><a href=\"http:\/\/wiki.vpmedias.fr\/Le monde est \u00e0 nous\">Le monde est \u00e0 nous<\/a><\/td>\n<\/tr>\n<tr>\n<td style=\"background-color: #376092;color: white;font-size: 12.5px;text-align: center\" height=\"30\"><a style=\"color: white\" href=\"http:\/\/wiki.vpmedias.fr\/Bourgogne_Franche-Comt\u00e9\">Bourgogne Franche Comt\u00e9<\/a><\/td>\n<td style=\"font-size: 12.5px;text-align: center\"><a href=\"http:\/\/wiki.vpmedias.fr\/Monsieurgel\"><b>Monsieurgel<b><\/b><\/b><\/a><\/td>\n<td style=\"font-size: 12.5px;text-align: center;background-color: #ecf5ff\"><a href=\"http:\/\/wiki.vpmedias.fr\/Parti Romain\">Parti Romain<\/a><\/td>\n<\/tr>\n<tr>\n<td style=\"background-color: #376092;color: white;font-size: 12.5px;text-align: center\" height=\"30\"><a style=\"color: white\" href=\"http:\/\/wiki.vpmedias.fr\/Bretagne\">Bretagne<\/a><\/td>\n<td style=\"font-size: 12.5px;text-align: center\"><a href=\"http:\/\/wiki.vpmedias.fr\/Fredoune\"><b>Fredoune<b><\/b><\/b><\/a><\/td>\n<td style=\"font-size: 12.5px;text-align: center;background-color: #ecf5ff\"><a href=\"http:\/\/wiki.vpmedias.fr\/Les Ripoux-blicains\">Les Ripoux-blicains<\/a><\/td>\n<\/tr>\n<tr>\n<td style=\"background-color: #376092;color: white;font-size: 12.5px;text-align: center\" height=\"30\"><a style=\"color: white\" href=\"http:\/\/wiki.vpmedias.fr\/Centre-Val_de_Loire\">Centre Val de Loire<\/a><\/td>\n<td style=\"font-size: 12.5px;text-align: center\"><a href=\"http:\/\/wiki.vpmedias.fr\/Hao\"><b>Hao<b><\/b><\/b><\/a><\/td>\n<td style=\"font-size: 12.5px;text-align: center;background-color: #ecf5ff\"><a href=\"http:\/\/wiki.vpmedias.fr\/Parti de jambes en l'air\">Parti de jambes en l&rsquo;air<\/a><\/td>\n<\/tr>\n<tr>\n<td style=\"background-color: #376092;color: white;font-size: 12.5px;text-align: center\" height=\"30\"><a style=\"color: white\" href=\"http:\/\/wiki.vpmedias.fr\/Corse\">Corse<\/a><\/td>\n<td style=\"font-size: 12.5px;text-align: center\"><a href=\"http:\/\/wiki.vpmedias.fr\/Bolero\"><b>Bolero<b><\/b><\/b><\/a><\/td>\n<td style=\"font-size: 12.5px;text-align: center;background-color: #ecf5ff\"><a href=\"http:\/\/wiki.vpmedias.fr\/La bande \u00e0 Cosini\">La bande \u00e0 Cosini<\/a><\/td>\n<\/tr>\n<tr>\n<td style=\"background-color: #376092;color: white;font-size: 12.5px;text-align: center\" height=\"30\"><a style=\"color: white\" href=\"http:\/\/wiki.vpmedias.fr\/Grand_Est\">Grand Est<\/a><\/td>\n<td style=\"font-size: 12.5px;text-align: center\"><a href=\"http:\/\/wiki.vpmedias.fr\/Vpmvotezpourmoi\"><b>Vpmvotezpourmoi<b><\/b><\/b><\/a><\/td>\n<td style=\"font-size: 12.5px;text-align: center;background-color: #ecf5ff\"><a href=\"http:\/\/wiki.vpmedias.fr\/La Ligue Pachydermique\">La Ligue Pachydermique<\/a><\/td>\n<\/tr>\n<tr>\n<td style=\"background-color: #376092;color: white;font-size: 12.5px;text-align: center\" height=\"30\"><a style=\"color: white\" href=\"http:\/\/wiki.vpmedias.fr\/Hauts-de-France\">Hauts de France<\/a><\/td>\n<td style=\"font-size: 12.5px;text-align: center\"><a href=\"http:\/\/wiki.vpmedias.fr\/Loriana\"><b>Loriana<b><\/b><\/b><\/a><\/td>\n<td style=\"font-size: 12.5px;text-align: center;background-color: #ecf5ff\"><a href=\"http:\/\/wiki.vpmedias.fr\/La Ligue Pachydermique\">La Ligue Pachydermique<\/a><\/td>\n<\/tr>\n<tr>\n<td style=\"background-color: #376092;color: white;font-size: 12.5px;text-align: center\" height=\"30\"><a style=\"color: white\" href=\"http:\/\/wiki.vpmedias.fr\/\u00cele_de_France\">Ile de France<\/a><\/td>\n<td style=\"font-size: 12.5px;text-align: center\"><a href=\"http:\/\/wiki.vpmedias.fr\/Babouin\"><b>Babouin<b><\/b><\/b><\/a><\/td>\n<td style=\"font-size: 12.5px;text-align: center;background-color: #ecf5ff\"><a href=\"http:\/\/wiki.vpmedias.fr\/Le monde est \u00e0 nous\">Le monde est \u00e0 nous<\/a><\/td>\n<\/tr>\n<tr>\n<td style=\"background-color: #376092;color: white;font-size: 12.5px;text-align: center\" height=\"30\"><a style=\"color: white\" href=\"http:\/\/wiki.vpmedias.fr\/Normandie\">Normandie<\/a><\/td>\n<td style=\"font-size: 12.5px;text-align: center\"><a href=\"http:\/\/wiki.vpmedias.fr\/Khalick\"><b>Khalick<b><\/b><\/b><\/a><\/td>\n<td style=\"font-size: 12.5px;text-align: center;background-color: #ecf5ff\"><a href=\"http:\/\/wiki.vpmedias.fr\/Le milieu\">Le milieu<\/a><\/td>\n<\/tr>\n<tr>\n<td style=\"background-color: #376092;color: white;font-size: 12.5px;text-align: center\" height=\"30\"><a style=\"color: white\" href=\"http:\/\/wiki.vpmedias.fr\/Nouvelle-Aquitaine\">Nouvelle Aquitaine<\/a><\/td>\n<td style=\"font-size: 12.5px;text-align: center\"><a href=\"http:\/\/wiki.vpmedias.fr\/Chocolate\"><b>Chocolate<b><\/b><\/b><\/a><\/td>\n<td style=\"font-size: 12.5px;text-align: center;background-color: #ecf5ff\"><a href=\"http:\/\/wiki.vpmedias.fr\/Le monde est \u00e0 nous\">Le monde est \u00e0 nous<\/a><\/td>\n<\/tr>\n<tr>\n<td style=\"background-color: #376092;color: white;font-size: 12.5px;text-align: center\" height=\"30\"><a style=\"color: white\" href=\"http:\/\/wiki.vpmedias.fr\/Occitanie\">Occitanie<\/a><\/td>\n<td style=\"font-size: 12.5px;text-align: center\"><a href=\"http:\/\/wiki.vpmedias.fr\/Chamard\"><b>Chamard<b><\/b><\/b><\/a><\/td>\n<td style=\"font-size: 12.5px;text-align: center;background-color: #ecf5ff\"><a href=\"http:\/\/wiki.vpmedias.fr\/Le milieu\">Le milieu<\/a><\/td>\n<\/tr>\n<tr>\n<td style=\"background-color: #376092;color: white;font-size: 12.5px;text-align: center\" height=\"30\"><a style=\"color: white\" href=\"http:\/\/wiki.vpmedias.fr\/Outre-Mer\">Outre Mer<\/a><\/td>\n<td style=\"font-size: 12.5px;text-align: center\"><a href=\"http:\/\/wiki.vpmedias.fr\/Aieamzebaist\"><b>Aieamzebaist<b><\/b><\/b><\/a><\/td>\n<td style=\"font-size: 12.5px;text-align: center;background-color: #ecf5ff\"><a href=\"http:\/\/wiki.vpmedias.fr\/Les Ripoux-blicains\">Les Ripoux-blicains<\/a><\/td>\n<\/tr>\n<tr>\n<td style=\"background-color: #376092;color: white;font-size: 12.5px;text-align: center\" height=\"30\"><a style=\"color: white\" href=\"http:\/\/wiki.vpmedias.fr\/Pays_de_la_Loire\">Pays de la Loire<\/a><\/td>\n<td style=\"font-size: 12.5px;text-align: center\"><a href=\"http:\/\/wiki.vpmedias.fr\/Pereduschene\"><b>Pereduschene<b><\/b><\/b><\/a><\/td>\n<td style=\"font-size: 12.5px;text-align: center;background-color: #ecf5ff\"><a href=\"http:\/\/wiki.vpmedias.fr\/Les Ripoux-blicains\">Les Ripoux-blicains<\/a><\/td>\n<\/tr>\n<tr>\n<td style=\"background-color: #376092;color: white;font-size: 12.5px;text-align: center\" height=\"30\"><a style=\"color: white\" href=\"http:\/\/wiki.vpmedias.fr\/Provence-Alpes-C\u00f4te_dAzur\">Provence Alpes C\u00f4te d&rsquo;Azur<\/a><\/td>\n<td style=\"font-size: 12.5px;text-align: center\"><a href=\"http:\/\/wiki.vpmedias.fr\/Legeaimoqueur\"><b>Legeaimoqueur<b><\/b><\/b><\/a><\/td>\n<td style=\"font-size: 12.5px;text-align: center;background-color: #ecf5ff\"><a href=\"http:\/\/wiki.vpmedias.fr\/Les Ripoux-blicains\">Les Ripoux-blicains<\/a><\/td>\n<\/tr>\n<tr>\n<td><\/td>\n<td><\/td>\n<td style=\"text-align: center\"><small><a href=\"http:\/\/vpmedias.fr\/magnebot\">MagneBot\u00a9<\/a><\/small><\/td>\n<\/tr>\n<\/tbody>\n<\/table>\n<p>&nbsp;<\/p>\n<h3><span style=\"text-decoration: underline;font-size: 24pt\"><strong><span style=\"color: #ff6600;text-decoration: underline\">Evolutions du classement en Avril 2022<\/span><\/strong><\/span><\/h3>\n<table style=\"font-family: georgia, palatino\">\n<tbody>\n<tr style=\"background-color: #f2f2f2;color: #3f3f3f;text-align: center;font-size: 15px\">\n<th style=\"width: 300px\" height=\"46\">Parti<\/th>\n<th style=\"width: 90px\">Nombre r\u00e9gions<\/th>\n<th style=\"width: 90px\">Progression<\/th>\n<th style=\"width: 200px\">R\u00e9gions<\/th>\n<\/tr>\n<tr style=\"text-align: center\">\n<td style=\"background-color: #376092;color: white\" height=\"30\">1. <a style=\"color: white\" href=\"http:\/\/wiki.vpmedias.fr\/Les Ripoux-blicains\">Les Ripoux-blicains<\/a><\/td>\n<td>4<\/td>\n<td style=\"color: #b10006;background-color: #ffc7ce;text-align: center\">-1<\/td>\n<td style=\"font-size: 10px\">Pays de la Loire &#8211; Bretagne &#8211; Outre Mer &#8211; Provence Alpes C\u00f4te d&rsquo;Azur<\/td>\n<\/tr>\n<tr style=\"text-align: center\">\n<td style=\"background-color: #376092;color: white\" height=\"30\">2. <a style=\"color: white\" href=\"http:\/\/wiki.vpmedias.fr\/Le monde est \u00e0 nous\">Le monde est \u00e0 nous<\/a><\/td>\n<td>3<\/td>\n<td style=\"color: #b10006;background-color: #ffc7ce;text-align: center\">-1<\/td>\n<td style=\"font-size: 11px\">Nouvelle Aquitaine &#8211; Ile de France &#8211; Belgique<\/td>\n<\/tr>\n<tr style=\"text-align: center\">\n<td style=\"background-color: #376092;color: white\" height=\"30\">3. <a style=\"color: white\" href=\"http:\/\/wiki.vpmedias.fr\/Le milieu\">Le milieu<\/a><\/td>\n<td>2<\/td>\n<td style=\"color: green;background-color: #ffffcc;text-align: center\">=<\/td>\n<td>Normandie &#8211; Occitanie<\/td>\n<\/tr>\n<tr style=\"text-align: center\">\n<td style=\"background-color: #376092;color: white\" height=\"30\">4. <a style=\"color: white\" href=\"http:\/\/wiki.vpmedias.fr\/La Ligue Pachydermique\">La Ligue Pachydermique<\/a><\/td>\n<td>2<\/td>\n<td style=\"color: #006100;background-color: #c6efce;text-align: center\">+1<\/td>\n<td>Grand Est &#8211; Hauts de France<\/td>\n<\/tr>\n<tr style=\"text-align: center\">\n<td style=\"background-color: #376092;color: white\" height=\"30\">5. <a style=\"color: white\" href=\"http:\/\/wiki.vpmedias.fr\/Un soir de Juillet.\">Un soir de Juillet.<\/a><\/td>\n<td>1<\/td>\n<td style=\"text-align: center;background-color: #ffffcc\">ENTREE<\/td>\n<td>Auvergne Rh\u00f4ne Alpes<\/td>\n<\/tr>\n<tr style=\"text-align: center\">\n<td style=\"background-color: #376092;color: white\" height=\"30\">6. <a style=\"color: white\" href=\"http:\/\/wiki.vpmedias.fr\/Parti Romain\">Parti Romain<\/a><\/td>\n<td>1<\/td>\n<td style=\"text-align: center;background-color: #ffffcc\">ENTREE<\/td>\n<td>Bourgogne Franche Comt\u00e9<\/td>\n<\/tr>\n<tr style=\"text-align: center\">\n<td style=\"background-color: #376092;color: white\" height=\"30\">7. <a style=\"color: white\" href=\"http:\/\/wiki.vpmedias.fr\/Parti de jambes en l'air\">Parti de jambes en l&rsquo;air<\/a><\/td>\n<td>1<\/td>\n<td style=\"text-align: center;background-color: #ffffcc\">ENTREE<\/td>\n<td>Centre Val de Loire<\/td>\n<\/tr>\n<tr style=\"text-align: center\">\n<td style=\"background-color: #376092;color: white\" height=\"30\">8. <a style=\"color: white\" href=\"http:\/\/wiki.vpmedias.fr\/La bande \u00e0 Cosini\">La bande \u00e0 Cosini<\/a><\/td>\n<td>1<\/td>\n<td style=\"color: green;background-color: #ffffcc;text-align: center\">=<\/td>\n<td>Corse<\/td>\n<\/tr>\n<tr>\n<td><\/td>\n<td><\/td>\n<td><\/td>\n<td style=\"text-align: center\"><small><a href=\"http:\/\/vpmedias.fr\/magnebot\">MagneBot\u00a9<\/a><\/small><\/td>\n<\/tr>\n<\/tbody>\n<\/table>\n<p>&nbsp;<\/p>\n<ul>\n<li><span style=\"font-size: 14pt\"><em><span style=\"text-decoration: underline\"><strong><span style=\"color: #ff00ff;text-decoration: underline\">Auvergne Rh\u00f4ne Alpes<\/span><\/strong><\/span><\/em><\/span><\/li>\n<\/ul>\n<p style=\"text-align: justify\">Dans cette belle r\u00e9gion \u00e0 la capitale Lyonnaise, attention aux gros bobos ! C&rsquo;est <strong><span style=\"color: #0000ff\">Hematome<\/span><\/strong> qui s&rsquo;impose dans l&rsquo;\u00e9lection r\u00e9gionale. En effet, il est conseiller municipal de la ville de <span style=\"text-decoration: underline\">Saint-Etienne<\/span> \u00e9lu avec <strong><span style=\"color: #ff0000\">46,1%<\/span><\/strong> des voix. Il obtient aux r\u00e9gionales un score de <strong><span style=\"color: #ff0000\">37,24%<\/span><\/strong> des suffrages exprim\u00e9s par les citoyens. Le parti <strong><span style=\"color: #ff6600\">Un soir de juillet<\/span><\/strong> s&rsquo;impose donc devant <strong><span style=\"color: #0000ff\">Beta<\/span><\/strong> et <strong><span style=\"color: #0000ff\">Thefishdevpm<\/span> <\/strong>qui obtient dans le m\u00eame mois de mars le poste de\u00a0conseiller municipal de <span style=\"text-decoration: underline\">Villeurbanne<\/span>, \u00e9lu avec <strong><span style=\"color: #ff0000\">46,17%<\/span><\/strong> des suffrages, et de maire-adjoint de <span style=\"text-decoration: underline\">Saint-Etienne<\/span>.<\/p>\n<p style=\"text-align: justify\">Notons \u00e9galement que le pr\u00e9c\u00e9dent pr\u00e9sident de cette r\u00e9gion n&rsquo;est autre qu&rsquo;<strong><span style=\"color: #0000ff\">Haricot<\/span><\/strong> du parti <strong><span style=\"color: #ff6600\">Le monde est \u00e0 nous<\/span><\/strong> qui perd l\u00e0 une de ses r\u00e9gions.<\/p>\n<p><img loading=\"lazy\" decoding=\"async\" class=\"aligncenter size-large wp-image-47475\" src=\"https:\/\/vpmedias.fr\/wp-content\/uploads\/2022\/04\/5039991-550x461.png\" alt=\"\" width=\"550\" height=\"461\" srcset=\"https:\/\/vpmedias.fr\/wp-content\/uploads\/2022\/04\/5039991-550x461.png 550w, https:\/\/vpmedias.fr\/wp-content\/uploads\/2022\/04\/5039991-150x126.png 150w, https:\/\/vpmedias.fr\/wp-content\/uploads\/2022\/04\/5039991-300x251.png 300w, https:\/\/vpmedias.fr\/wp-content\/uploads\/2022\/04\/5039991-768x644.png 768w, https:\/\/vpmedias.fr\/wp-content\/uploads\/2022\/04\/5039991.png 940w\" sizes=\"auto, (max-width: 550px) 100vw, 550px\" \/><\/p>\n<p>&nbsp;<\/p>\n<ul>\n<li><span style=\"text-decoration: underline;font-size: 14pt\"><em><strong><span style=\"color: #ff00ff;text-decoration: underline\">Belgique<\/span><\/strong><\/em><\/span><\/li>\n<\/ul>\n<p style=\"text-align: justify\">Elle nous envahit de ses nombreux artistes, chanteurs, humoristes. Et, on connait d\u00e9sormais un autre artiste dans le milieu de la politique. Notre <strong><span style=\"color: #0000ff\">Maalibu<\/span><\/strong> national est \u00e9lu pr\u00e9sident de la r\u00e9gion Belgique avec <strong><span style=\"color: #ff0000\">49,46%<\/span><\/strong> des suffrages. Et oui, ce n&rsquo;est pas une surprise quand nous regardons de plus pr\u00e8s : <strong><span style=\"color: #ff6600\">Le monde est \u00e0 nous<\/span> <\/strong>d\u00e9tient la mairie de <span style=\"text-decoration: underline\">Bruxelles<\/span> gr\u00e2ce donc \u00e0 <strong><span style=\"color: #0000ff\">Maalibu<\/span> <\/strong>\u00e9lu avec <strong><span style=\"color: #ff0000\">51,16%<\/span><\/strong>. Le parti d\u00e9tient \u00e9galement la mairie d&rsquo;<span style=\"text-decoration: underline\">Anvers<\/span> avec \u00e0 sa t\u00eate <strong><span style=\"color: #0000ff\">Niko<\/span><\/strong> \u00e9lu avec <strong><span style=\"color: #ff0000\">42,81%<\/span><\/strong>.<\/p>\n<p style=\"text-align: justify\">Derri\u00e8re <strong><span style=\"color: #0000ff\">Maalibu<\/span><\/strong>, arrive <strong><span style=\"color: #0000ff\">Fontaine<\/span> <\/strong>(<strong><span style=\"color: #ff6600\">\u00ab\u00a0Les Vachettes Normande\u00a0\u00bb<\/span><\/strong>) qui est conseiller municipal de la capitale belge \u00e9lue avec <strong><span style=\"color: #ff0000\">48,84%<\/span><\/strong> des voix. Compl\u00e8te le podium <strong><span style=\"color: #0000ff\">Tonyyyy<\/span> <\/strong>(<strong><span style=\"color: #ff6600\">Les Ripoux-blicains<\/span><\/strong>) qui est le conseiller municipal de la ville de <span style=\"text-decoration: underline\">Li\u00e8ge<\/span>, \u00e9lu avec <strong><span style=\"color: #ff0000\">48,32%<\/span><\/strong> des suffrages.<\/p>\n<p><strong><span style=\"color: #ff6600\">Le monde est \u00e0 nous<\/span><\/strong> conserve la r\u00e9gion puisque en mars c&rsquo;est <strong><span style=\"color: #0000ff\">Ghool<\/span> <\/strong>qui en \u00e9t\u00e9 \u00e0 la t\u00eate.<\/p>\n<p><img loading=\"lazy\" decoding=\"async\" class=\"aligncenter size-large wp-image-47476\" src=\"https:\/\/vpmedias.fr\/wp-content\/uploads\/2022\/04\/8549490-550x289.jpg\" alt=\"\" width=\"550\" height=\"289\" srcset=\"https:\/\/vpmedias.fr\/wp-content\/uploads\/2022\/04\/8549490-550x289.jpg 550w, https:\/\/vpmedias.fr\/wp-content\/uploads\/2022\/04\/8549490-150x79.jpg 150w, https:\/\/vpmedias.fr\/wp-content\/uploads\/2022\/04\/8549490-300x158.jpg 300w, https:\/\/vpmedias.fr\/wp-content\/uploads\/2022\/04\/8549490-768x403.jpg 768w, https:\/\/vpmedias.fr\/wp-content\/uploads\/2022\/04\/8549490.jpg 1200w\" sizes=\"auto, (max-width: 550px) 100vw, 550px\" \/><\/p>\n<p>&nbsp;<\/p>\n<ul>\n<li><span style=\"text-decoration: underline;font-size: 14pt\"><em><strong><span style=\"color: #ff00ff;text-decoration: underline\">Bourgogne Franche Comt\u00e9<\/span><\/strong><\/em><\/span><\/li>\n<\/ul>\n<p style=\"text-align: justify\">Autre r\u00e9gion de ce Classement, la Bourgogne Franche Comt\u00e9 avec en t\u00eate l&rsquo;ami <strong><span style=\"color: #0000ff\">Monsieurgel<\/span><\/strong>. Il a \u00e9t\u00e9 \u00e9lu conseiller municipal de <span style=\"text-decoration: underline\">Besan\u00e7on<\/span> avec <strong><span style=\"color: #ff0000\">48,94%<\/span><\/strong> des voix. C&rsquo;est donc le <strong><span style=\"color: #ff6600\">Parti Romain<\/span><\/strong> qui s&rsquo;impose dans cette \u00e9lection. D\u00e9but avril, <strong><span style=\"color: #0000ff\">Monsieurgel<\/span> <\/strong>est m\u00eame \u00e9lu Maire de <span style=\"text-decoration: underline\">Besan\u00e7on<\/span> avec plus de <strong><span style=\"color: #ff0000\">70%<\/span><\/strong> des voix. Mon petit doigt me dis que le parti n&rsquo;est pas pr\u00eat de l\u00e2cher la r\u00e9gion.<\/p>\n<p style=\"text-align: justify\">Le deuxi\u00e8me de cette \u00e9lection c&rsquo;est <strong><span style=\"color: #0000ff\">Tartimiel<\/span> <\/strong>du parti des <strong><span style=\"color: #ff6600\">Ripoux-blicains<\/span><\/strong>. Un bon classement dans la r\u00e9gion qui s&rsquo;explique par un poste de maire de <span style=\"text-decoration: underline\">Besan\u00e7on<\/span> le 8 mars, avec <strong><span style=\"color: #ff0000\">51,06%<\/span><\/strong>. Enfin, le joueur venant cl\u00f4turer ce classement n&rsquo;est autre que <strong><span style=\"color: #0000ff\">Karadok<\/span> <\/strong>qui est le conseiller municipal de <span style=\"text-decoration: underline\">Dijon<\/span> \u00e9lu avec <strong><span style=\"color: #ff0000\">40,44%<\/span><\/strong> des voix recueillies.<\/p>\n<p>Ce sont les <strong><span style=\"color: #ff6600\">Ripoux-blicains<\/span><\/strong> les grands perdants de l&rsquo;op\u00e9ration puisqu&rsquo;ils voient leur r\u00e9gion partir entre les mains d&rsquo;un autre parti.<\/p>\n<p><img loading=\"lazy\" decoding=\"async\" class=\"aligncenter size-full wp-image-47478\" src=\"https:\/\/vpmedias.fr\/wp-content\/uploads\/2022\/04\/4727131.jpg\" alt=\"\" width=\"277\" height=\"182\" srcset=\"https:\/\/vpmedias.fr\/wp-content\/uploads\/2022\/04\/4727131.jpg 277w, https:\/\/vpmedias.fr\/wp-content\/uploads\/2022\/04\/4727131-150x99.jpg 150w\" sizes=\"auto, (max-width: 277px) 100vw, 277px\" \/><\/p>\n<p>&nbsp;<\/p>\n<ul>\n<li><span style=\"text-decoration: underline;font-size: 14pt\"><em><strong><span style=\"color: #ff00ff;text-decoration: underline\">Bretagne<\/span><\/strong><\/em><\/span><\/li>\n<\/ul>\n<p style=\"text-align: justify\">Il est une l\u00e9gende qui nous \u00e9nonce qu&rsquo;il pleut \u00e9norm\u00e9ment en Bretagne. Pour <strong><span style=\"color: #0000ff\">Fredoune<\/span><\/strong>, en revanche, c&rsquo;est ciel bleu en ce moment puisque le candidat est pr\u00e9sident de la r\u00e9gion \u00e9lu avec <strong><span style=\"color: #ff0000\">39,70%<\/span><\/strong> des voix. Pour arriver \u00e0 ce r\u00e9sultat, le candidat est all\u00e9 s&#8217;emparer de la mairie de <span style=\"text-decoration: underline\">Rennes<\/span> en r\u00e9coltant <strong><span style=\"color: #ff0000\">61,6%<\/span><\/strong> des voix. Rappelons que c&rsquo;est donc <strong><span style=\"color: #ff6600\">Les Ripoux-blicains<\/span><\/strong> qui sont donc \u00e0 la t\u00eate de cette collectivit\u00e9 territoriale.<\/p>\n<p style=\"text-align: justify\">En deuxi\u00e8me position, <strong><span style=\"color: #0000ff\">Alsex<\/span> <\/strong>d\u00e9croche le poste de maire-adjoint dans la cit\u00e9 du Parc du Thabor, repr\u00e9sentant du parti <strong><span style=\"color: #ff6600\">Les Barbouzes<\/span><\/strong>. Enfin, \u00e0 la derni\u00e8re marche de ce podium, <strong><span style=\"color: #0000ff\">Rahlalaaa<\/span> <\/strong>vient arracher le poste de conseiller municipal de la ville Rennaise en \u00e9tant \u00e9lue avec <strong><span style=\"color: #ff0000\">38,4%<\/span><\/strong> des suffrages.<\/p>\n<p style=\"text-align: justify\">La r\u00e9gion reste encore et toujours entre les mains des <strong><span style=\"color: #ff6600\">Ripoux-blicains<\/span><\/strong> !<\/p>\n<p>&nbsp;<\/p>\n<ul>\n<li><span style=\"text-decoration: underline;font-size: 14pt\"><em><strong><span style=\"color: #ff00ff;text-decoration: underline\">Centre Val de Loire<\/span><\/strong><\/em><\/span><\/li>\n<\/ul>\n<p style=\"text-align: justify\">Dans le Centre de la France, tout va pour le mieux pour <strong><span style=\"color: #0000ff\">Hao<\/span> <\/strong>\u00e9lu pr\u00e9sident avec<strong><span style=\"color: #ff0000\"> 58,34%<\/span><\/strong> des suffrages. Il est le maire adjoint de la ville de <span style=\"text-decoration: underline\">Blois<\/span>. Dans la qu\u00eate de la r\u00e9gion, on peut dire qu&rsquo;il fut bien aid\u00e9 par <strong><span style=\"color: #0000ff\">Cicatrice<\/span><\/strong>, son SG au <strong><span style=\"color: #ff6600\">Parti les jambes en l&rsquo;air<\/span><\/strong>, \u00e9lu Maire de <span style=\"text-decoration: underline\">Tours<\/span> avec <strong><span style=\"color: #ff0000\">55,18%<\/span><\/strong> des voix.<\/p>\n<p style=\"text-align: justify\">On peut aussi parler de la deuxi\u00e8me place de l&rsquo;\u00e9lection occup\u00e9e par <strong><span style=\"color: #0000ff\">Voisineleretour<\/span> <\/strong>qui est le conseiller municipal de <span style=\"text-decoration: underline\">Tours<\/span> \u00e9lu avec <strong><span style=\"color: #ff0000\">44,82%<\/span><\/strong> des voix. Il repr\u00e9sente pour sa part <strong><span style=\"color: #ff6600\">Les sauveurs de VPM<\/span><\/strong>. Enfin, la troisi\u00e8me position pour <strong><span style=\"color: #0000ff\">Barmir<\/span> <\/strong>qui est maire-adjoint de <span style=\"text-decoration: underline\">Tours<\/span>.<\/p>\n<p style=\"text-align: justify\"><strong><span style=\"color: #0000ff\">Hao<\/span> <\/strong>chipe la place de pr\u00e9sident \u00e0 <strong><span style=\"color: #0000ff\">Barmir<\/span> <\/strong>ce qui enl\u00e8ve la r\u00e9gion des mains des <strong><span style=\"color: #ff6600\">Barbouzes<\/span><\/strong>.<\/p>\n<p><img loading=\"lazy\" decoding=\"async\" class=\"aligncenter size-full wp-image-47481\" src=\"https:\/\/vpmedias.fr\/wp-content\/uploads\/2022\/04\/3778455.png\" alt=\"\" width=\"400\" height=\"400\" srcset=\"https:\/\/vpmedias.fr\/wp-content\/uploads\/2022\/04\/3778455.png 400w, https:\/\/vpmedias.fr\/wp-content\/uploads\/2022\/04\/3778455-150x150.png 150w, https:\/\/vpmedias.fr\/wp-content\/uploads\/2022\/04\/3778455-300x300.png 300w, https:\/\/vpmedias.fr\/wp-content\/uploads\/2022\/04\/3778455-144x144.png 144w\" sizes=\"auto, (max-width: 400px) 100vw, 400px\" \/><\/p>\n<p>&nbsp;<\/p>\n<ul>\n<li><span style=\"text-decoration: underline;font-size: 14pt\"><em><strong><span style=\"color: #ff00ff;text-decoration: underline\">Corse<\/span><\/strong><\/em><\/span><\/li>\n<\/ul>\n<p style=\"text-align: justify\">L&rsquo;\u00eele de beaut\u00e9 nous attend pour nous d\u00e9livrer son verdict. C&rsquo;est <strong><span style=\"color: #0000ff\">Bolero<\/span><\/strong> qui remporte le suffrage avec <strong><span style=\"color: #ff0000\">50,16%<\/span><\/strong> des voix obtenues. Il est le maire de <span style=\"text-decoration: underline\">Bastia<\/span> \u00e9lu avec <strong><span style=\"color: #ff0000\">71,18%<\/span><\/strong> des voix, un vrai pl\u00e9biscite pour celui \u00e9voluant dans le parti <strong><span style=\"color: #ff6600\">La bande \u00e0 Cosini<\/span><\/strong>.<\/p>\n<p style=\"text-align: justify\">En ce qui concerne les poursuivants, <strong><span style=\"color: #0000ff\">Charlotine<\/span> <\/strong>est maire d&rsquo;<span style=\"text-decoration: underline\">Ajaccio<\/span> avec <strong><span style=\"color: #ff0000\">43,62%<\/span><\/strong>. Elle est d\u00e9sormais au sein du <strong><span style=\"color: #ff6600\">Parti Romain<\/span><\/strong>. Puis arrive <strong><span style=\"color: #0000ff\">Boudeau<\/span><\/strong>, conseiller municipal de <span style=\"text-decoration: underline\">Bastia<\/span> \u00e9lu avec <strong><span style=\"color: #ff0000\">28,82%<\/span><\/strong> des voix.<\/p>\n<p><strong><span style=\"color: #ff6600\">La bande \u00e0 Cosini<\/span><\/strong> r\u00e9ussi donc \u00e0 conserver la Corse ! Pourvu que cela dure !<\/p>\n<p>&nbsp;<\/p>\n<p>&nbsp;<\/p>\n<ul>\n<li><span style=\"text-decoration: underline;font-size: 14pt\"><em><strong><span style=\"color: #ff00ff;text-decoration: underline\">Grand Est<\/span><\/strong><\/em><\/span><\/li>\n<\/ul>\n<p style=\"text-align: justify\">Une assez grande r\u00e9gion maintenant. Et la victoire de <strong><span style=\"color: #0000ff\">Vpmvotezpourmoi<\/span> <\/strong>avec un score de <strong><span style=\"color: #ff0000\">37,48%<\/span><\/strong> des voix. D&rsquo;abord Maire de <span style=\"text-decoration: underline\">Strasbourg<\/span> au d\u00e9but du mois de mars avec <strong><span style=\"color: #ff0000\">64,59%<\/span><\/strong> des voix, il est ensuite nomm\u00e9 maire-adjoint de cette m\u00eame ville fin mars. Ce qui explique la victoire dans la r\u00e9gion de son parti de <strong><span style=\"color: #ff6600\">La Ligue Pachydermique<\/span><\/strong>.<\/p>\n<p style=\"text-align: justify\">Vienne ensuite <strong><span style=\"color: #0000ff\">Joesphacochere<\/span> <\/strong>qui est pour sa part maire-adjoint de <span style=\"text-decoration: underline\">Metz<\/span> et \u00e9volue au sein des <strong><span style=\"color: #ff6600\">Politocards<\/span><\/strong>. Et, enfin, <strong><span style=\"color: #0000ff\">Potor<\/span> <\/strong>qui est le Maire de <span style=\"text-decoration: underline\">Reims<\/span> \u00e9lu avec <strong><span style=\"color: #ff0000\">67%<\/span><\/strong> des voix.<\/p>\n<p style=\"text-align: justify\"><strong><span style=\"color: #ff6600\">Les Politocards <\/span><\/strong>perdent donc cette r\u00e9gion qui va droit dans les mais de nos Pachydermes.<\/p>\n<p><img loading=\"lazy\" decoding=\"async\" class=\"aligncenter size-full wp-image-47485\" src=\"https:\/\/vpmedias.fr\/wp-content\/uploads\/2022\/04\/1398490.jpg\" alt=\"\" width=\"250\" height=\"201\" srcset=\"https:\/\/vpmedias.fr\/wp-content\/uploads\/2022\/04\/1398490.jpg 250w, https:\/\/vpmedias.fr\/wp-content\/uploads\/2022\/04\/1398490-150x121.jpg 150w\" sizes=\"auto, (max-width: 250px) 100vw, 250px\" \/><\/p>\n<p>&nbsp;<\/p>\n<ul>\n<li><span style=\"text-decoration: underline;font-size: 14pt\"><em><strong><span style=\"color: #ff00ff;text-decoration: underline\">Hauts de France<\/span><\/strong><\/em><\/span><\/li>\n<\/ul>\n<p style=\"text-align: justify\">On part tout au nord de notre belle France pour voir que <strong><span style=\"color: #0000ff\">Loriana<\/span> <\/strong>se porte bien, \u00e9lue pr\u00e9sidente de r\u00e9gion avec <strong><span style=\"color: #ff0000\">60,81%<\/span><\/strong> des voix. C&rsquo;est effectivement la Maire de <span style=\"text-decoration: underline\">Lille<\/span> \u00e9lue avec <strong><span style=\"color: #ff0000\">68,78%<\/span><\/strong> des voix. Ce qui est pour le moins impressionnant. Elle offre une nouvelle r\u00e9gion \u00e0 <strong><span style=\"color: #ff6600\">La Ligue Pachydermique<\/span><\/strong>.<\/p>\n<p style=\"text-align: justify\">Regardons ceux qui arrive juste derri\u00e8re. D&rsquo;abord, <strong><span style=\"color: #0000ff\">Perrococo<\/span> <\/strong>qui est conseiller municipal de <span style=\"text-decoration: underline\">Lille<\/span> avec <strong><span style=\"color: #ff0000\">36,27%<\/span><\/strong> des voix exprim\u00e9es avec son parti <strong><span style=\"color: #ff6600\">Les Barbouzes<\/span><\/strong>. Arrive enfin <strong><span style=\"color: #0000ff\">Jordanallory<\/span> <\/strong>qui est pour sa part maire-adjoint de <span style=\"text-decoration: underline\">Lille<\/span> et qui \u00e9volue au sein du parti des <strong><span style=\"color: #ff6600\">Politocards<\/span><\/strong>.<\/p>\n<p style=\"text-align: justify\">Le parti de <strong><span style=\"color: #ff6600\">La Ligue Pachydermique<\/span><\/strong> conserve cette belle r\u00e9gion du nord.<\/p>\n<p><img loading=\"lazy\" decoding=\"async\" class=\"aligncenter size-large wp-image-47487\" src=\"https:\/\/vpmedias.fr\/wp-content\/uploads\/2022\/04\/1838494-550x550.jpg\" alt=\"\" width=\"550\" height=\"550\" srcset=\"https:\/\/vpmedias.fr\/wp-content\/uploads\/2022\/04\/1838494-550x550.jpg 550w, https:\/\/vpmedias.fr\/wp-content\/uploads\/2022\/04\/1838494-150x150.jpg 150w, https:\/\/vpmedias.fr\/wp-content\/uploads\/2022\/04\/1838494-300x300.jpg 300w, https:\/\/vpmedias.fr\/wp-content\/uploads\/2022\/04\/1838494-144x144.jpg 144w, https:\/\/vpmedias.fr\/wp-content\/uploads\/2022\/04\/1838494.jpg 600w\" sizes=\"auto, (max-width: 550px) 100vw, 550px\" \/><\/p>\n<p><strong><span style=\"color: #ff6600\">La Ligue Pachydermique<\/span><\/strong> est au paradis :<\/p>\n<p><iframe loading=\"lazy\" title=\"YouTube video player\" src=\"https:\/\/www.youtube.com\/embed\/1G4isv_Fylg\" width=\"640\" height=\"360\"><\/iframe><\/p>\n<p>&nbsp;<\/p>\n<p>&nbsp;<\/p>\n<ul>\n<li><span style=\"text-decoration: underline;font-size: 14pt\"><em><strong><span style=\"color: #ff00ff;text-decoration: underline\">Ile de France<\/span><\/strong><\/em><\/span><\/li>\n<\/ul>\n<p style=\"text-align: justify\">Petite de taille, mais \u00f4 combien importante \u00e0 conqu\u00e9rir : la r\u00e9gion de <span style=\"text-decoration: underline\">Paris<\/span>, l&rsquo;\u00eele de France mes ch\u00e9ris. C&rsquo;est <strong><span style=\"color: #0000ff\">Babouin<\/span> <\/strong>qui est \u00e9lu pr\u00e9sident de cette r\u00e9gion avec le score de <strong><span style=\"color: #ff0000\">50,58%<\/span><\/strong>. <strong><span style=\"color: #0000ff\">Babouin<\/span> <\/strong>qui r\u00e9ussit cet exploit en empochant tout simplement la Mairie de <span style=\"text-decoration: underline\">Paris<\/span>. Efficace pour obtenir la r\u00e9gion ! Il est \u00e9lu avec <strong><span style=\"color: #ff0000\">74,11%<\/span><\/strong>. Evoluant dans le parti <strong><span style=\"color: #ff6600\">Le monde est \u00e0 nous<\/span><\/strong>, ce parti remporte la r\u00e9gion.<\/p>\n<p style=\"text-align: justify\">Derri\u00e8re <strong><span style=\"color: #0000ff\">Babouin<\/span><\/strong>, on trouve <strong><span style=\"color: #0000ff\">Notyalkc<\/span> <\/strong>qui est le maire de <span style=\"text-decoration: underline\">Saint-Denis<\/span> \u00e9lu avec <strong><span style=\"color: #ff0000\">64,48%<\/span> <\/strong>des voix et qui se trouve actuellement chez les <strong><span style=\"color: #ff6600\">Ripoux-blicains<\/span><\/strong>. Enfin, c&rsquo;est <strong><span style=\"color: #0000ff\">Emor<\/span> <\/strong>qui cl\u00f4t le classement en \u00e9tant conseiller municipal de <span style=\"text-decoration: underline\">Paris<\/span>, et \u00e9lu avec <strong><span style=\"color: #ff0000\">25,89%<\/span><\/strong> des voix. Il est membre de<strong><span style=\"color: #ff6600\"> La Commune de Paris<\/span><\/strong>.<\/p>\n<p style=\"text-align: justify\"><strong><span style=\"color: #ff6600\">Le monde est \u00e0 nous<\/span><\/strong> est toujours en possession de la r\u00e9gion !<\/p>\n<p><img loading=\"lazy\" decoding=\"async\" class=\"aligncenter size-large wp-image-47489\" src=\"https:\/\/vpmedias.fr\/wp-content\/uploads\/2022\/04\/6258024-550x239.jpg\" alt=\"\" width=\"550\" height=\"239\" srcset=\"https:\/\/vpmedias.fr\/wp-content\/uploads\/2022\/04\/6258024-550x239.jpg 550w, https:\/\/vpmedias.fr\/wp-content\/uploads\/2022\/04\/6258024-150x65.jpg 150w, https:\/\/vpmedias.fr\/wp-content\/uploads\/2022\/04\/6258024-300x130.jpg 300w, https:\/\/vpmedias.fr\/wp-content\/uploads\/2022\/04\/6258024-768x333.jpg 768w, https:\/\/vpmedias.fr\/wp-content\/uploads\/2022\/04\/6258024.jpg 1000w\" sizes=\"auto, (max-width: 550px) 100vw, 550px\" \/><\/p>\n<p>&nbsp;<\/p>\n<ul>\n<li><span style=\"text-decoration: underline;font-size: 14pt\"><em><strong><span style=\"color: #ff00ff;text-decoration: underline\">Normandie<\/span><\/strong><\/em><\/span><\/li>\n<\/ul>\n<p style=\"text-align: justify\">Du haut du Mont Saint-Michel, <strong><span style=\"color: #0000ff\">Khalick<\/span><\/strong> regarde, contemple ses adversaires. Il est \u00e9lu pr\u00e9sident de la r\u00e9gion avec un score de <strong><span style=\"color: #ff0000\">63,63%<\/span><\/strong>. Il est Maire du <span style=\"text-decoration: underline\">Havre<\/span> avec un r\u00e9sultat de <strong><span style=\"color: #ff0000\">76,09%<\/span><\/strong> au second tour. Il fait donc gagner son parti <strong><span style=\"color: #ff6600\">Le milieu<\/span><\/strong>.<\/p>\n<p style=\"text-align: justify\">Toujours regarder derri\u00e8re le premier pour voir ce qui s&rsquo;est pass\u00e9 ! <strong><span style=\"color: #0000ff\">Kroboy<\/span> <\/strong>arrive deuxi\u00e8me est conseiller municipal du <span style=\"text-decoration: underline\">Havre<\/span> \u00e9lu avec <strong><span style=\"color: #ff0000\">23,91%<\/span><\/strong>. Il nous prouve que son parti <strong><span style=\"color: #ff6600\">Freedom&rsquo;s Knights<\/span><\/strong> n&rsquo;est pas mort. Enfin, <strong><span style=\"color: #0000ff\">Gantare<\/span> <\/strong>ferme la marche en \u00e9tant maire-adjoint de <span style=\"text-decoration: underline\">Dieppe<\/span>.<\/p>\n<p style=\"text-align: justify\"><strong><span style=\"color: #ff6600\">Le milieu<\/span><\/strong> conserve cette collectivit\u00e9 territoriale.<\/p>\n<p><img loading=\"lazy\" decoding=\"async\" class=\"aligncenter size-large wp-image-47492\" src=\"https:\/\/vpmedias.fr\/wp-content\/uploads\/2022\/04\/3222816-550x550.jpg\" alt=\"\" width=\"550\" height=\"550\" srcset=\"https:\/\/vpmedias.fr\/wp-content\/uploads\/2022\/04\/3222816-550x550.jpg 550w, https:\/\/vpmedias.fr\/wp-content\/uploads\/2022\/04\/3222816-150x150.jpg 150w, https:\/\/vpmedias.fr\/wp-content\/uploads\/2022\/04\/3222816-300x300.jpg 300w, https:\/\/vpmedias.fr\/wp-content\/uploads\/2022\/04\/3222816-144x144.jpg 144w, https:\/\/vpmedias.fr\/wp-content\/uploads\/2022\/04\/3222816.jpg 600w\" sizes=\"auto, (max-width: 550px) 100vw, 550px\" \/><\/p>\n<p>&nbsp;<\/p>\n<ul>\n<li><span style=\"text-decoration: underline;font-size: 14pt\"><em><strong><span style=\"color: #ff00ff;text-decoration: underline\">Nouvelle Aquitaine<\/span><\/strong><\/em><\/span><\/li>\n<\/ul>\n<p style=\"text-align: justify\">La r\u00e9gion bordelaise voit la victoire de <strong><span style=\"color: #0000ff\">Chocolate<\/span> <\/strong>aux r\u00e9gionales avec un score de <strong><span style=\"color: #ff0000\">59,09%<\/span><\/strong>. <strong><span style=\"color: #ff6600\">Le monde est \u00e0 nous<\/span><\/strong> doit \u00eatre fier. <strong><span style=\"color: #0000ff\">Chocolate<\/span> <\/strong>remporte la Mairie de <span style=\"text-decoration: underline\">Bordeaux<\/span> avec <strong><span style=\"color: #ff0000\">60,86%<\/span><\/strong> des voix au second tour. Cela s&rsquo;appelle faire un excellent boulot.<\/p>\n<p style=\"text-align: justify\">Suive les candidats <strong><span style=\"color: #0000ff\">Lemedjnoun<\/span> <\/strong>et <strong><span style=\"color: #0000ff\">Slogan<\/span><\/strong>. Le premier cit\u00e9 est membre des <strong><span style=\"color: #ff6600\">Ripoux-blicains<\/span><\/strong> et est conseiller municipal de <span style=\"text-decoration: underline\">Bordeaux<\/span> \u00e9lu avec <strong><span style=\"color: #ff0000\">39,14%<\/span><\/strong> des voix. Le second cit\u00e9 est maire-adjoint de <span style=\"text-decoration: underline\">Bordeaux<\/span>, membre du parti <strong><span style=\"color: #ff6600\">Les Barbouzes<\/span><\/strong>.<\/p>\n<p style=\"text-align: justify\">C&rsquo;\u00e9tait <strong><span style=\"color: #ff6600\">Les Ripoux-blicains<\/span><\/strong> qui poss\u00e9daient cette r\u00e9gion et qui la c\u00e8de donc d\u00e9sormais au parti <strong><span style=\"color: #ff6600\">Le monde est \u00e0 nous<\/span><\/strong>.<\/p>\n<p><img loading=\"lazy\" decoding=\"async\" class=\"aligncenter size-full wp-image-47494\" src=\"https:\/\/vpmedias.fr\/wp-content\/uploads\/2022\/04\/2582751.jpg\" alt=\"\" width=\"150\" height=\"223\" srcset=\"https:\/\/vpmedias.fr\/wp-content\/uploads\/2022\/04\/2582751.jpg 150w, https:\/\/vpmedias.fr\/wp-content\/uploads\/2022\/04\/2582751-101x150.jpg 101w\" sizes=\"auto, (max-width: 150px) 100vw, 150px\" \/><\/p>\n<p>&nbsp;<\/p>\n<ul>\n<li><span style=\"text-decoration: underline;font-size: 14pt\"><em><strong><span style=\"color: #ff00ff;text-decoration: underline\">Occitanie<\/span><\/strong><\/em><\/span><\/li>\n<\/ul>\n<p style=\"text-align: justify\">Belle Occitanie. <strong><span style=\"color: #0000ff\">Chamard<\/span> <\/strong>te fait r\u00eaver, puisqu&rsquo;il obtient <strong><span style=\"color: #ff0000\">36,70%<\/span><\/strong> des voix et est ainsi port\u00e9 \u00e0 la pr\u00e9sidence de la r\u00e9gion. Il est conseiller municipal de <span style=\"text-decoration: underline\">N\u00eemes<\/span> avec un score de <strong><span style=\"color: #ff0000\">29,42%<\/span><\/strong> et est membre du parti<strong><span style=\"color: #ff6600\"> Le milieu<\/span><\/strong>. Le parti peut \u00e9galement remercier <strong><span style=\"color: #0000ff\">Anglet<\/span> <\/strong>qui a \u00e9t\u00e9 \u00e9lu maire de <span style=\"text-decoration: underline\">Toulouse<\/span> le 22 mars avec <strong><span style=\"color: #ff0000\">53,43%<\/span><\/strong> des vois r\u00e9colt\u00e9es.<\/p>\n<p style=\"text-align: justify\"><strong><span style=\"color: #0000ff\">Haricot<\/span> <\/strong>arrive juste derri\u00e8re, lui qui est maire de <span style=\"text-decoration: underline\">Montpellier<\/span>, \u00e9lu avec <strong><span style=\"color: #ff0000\">41,98%<\/span><\/strong>. Il fait parti de la TEAM <strong><span style=\"color: #ff6600\">Le monde est \u00e0 nous<\/span><\/strong>. <strong><span style=\"color: #0000ff\">Fotoujoursrever<\/span> <\/strong>ferme la marche : il est le maire adjoint de <span style=\"text-decoration: underline\">Toulouse<\/span>, membre du parti <strong><span style=\"color: #ff6600\">Un soir de Juillet<\/span><\/strong>.<\/p>\n<p style=\"text-align: justify\">L&rsquo;Occitanie reste donc dans les bras <strong><span style=\"color: #ff6600\">du Milieu<\/span><\/strong>.<\/p>\n<p>&nbsp;<\/p>\n<ul>\n<li><span style=\"text-decoration: underline;font-size: 14pt\"><em><strong><span style=\"color: #ff00ff;text-decoration: underline\">Outre Mer<\/span><\/strong><\/em><\/span><\/li>\n<\/ul>\n<p style=\"text-align: justify\">Les Outre Mer, tr\u00e8s \u00e9loign\u00e9 de l&rsquo;hexagone mais faisant bel et bien partie de notre beau territoire. C&rsquo;est <strong><span style=\"color: #0000ff\">Aieamzebaist<\/span> <\/strong>qui est \u00e9lu avec <strong><span style=\"color: #ff0000\">58,82%<\/span><\/strong>. Il est maire de <span style=\"text-decoration: underline\">Saint-Denis-de-le-R\u00e9union<\/span>, \u00e9lu avec <strong><span style=\"color: #ff0000\">63,43%<\/span><\/strong>. C&rsquo;est un <strong><span style=\"color: #ff6600\">Ripoux-blicains<\/span><\/strong>.<\/p>\n<p style=\"text-align: justify\">Juste derri\u00e8re arrive <strong><span style=\"color: #0000ff\">Flouzy<\/span> <\/strong>qui est maire-adjoint de la ville cit\u00e9 au dessus. Enfin, <strong><span style=\"color: #0000ff\">Octavia<\/span> <\/strong>est conseiller municipal toujours dans la m\u00eame ville, \u00e9lu avec <strong><span style=\"color: #ff0000\">36,57%<\/span><\/strong> des voix et participant \u00e0 la vie du <strong><span style=\"color: #ff6600\">Parti Romain<\/span><\/strong>.<\/p>\n<p style=\"text-align: justify\"><strong><span style=\"color: #ff6600\">Les Ripoux-blicains<\/span><\/strong> conservent leur r\u00e9gion.<\/p>\n<p><img loading=\"lazy\" decoding=\"async\" class=\"aligncenter size-full wp-image-47497\" src=\"https:\/\/vpmedias.fr\/wp-content\/uploads\/2022\/04\/1794599.png\" alt=\"\" width=\"225\" height=\"225\" srcset=\"https:\/\/vpmedias.fr\/wp-content\/uploads\/2022\/04\/1794599.png 225w, https:\/\/vpmedias.fr\/wp-content\/uploads\/2022\/04\/1794599-150x150.png 150w, https:\/\/vpmedias.fr\/wp-content\/uploads\/2022\/04\/1794599-144x144.png 144w\" sizes=\"auto, (max-width: 225px) 100vw, 225px\" \/><\/p>\n<p>&nbsp;<\/p>\n<ul>\n<li><span style=\"text-decoration: underline;font-size: 14pt\"><em><strong><span style=\"color: #ff00ff;text-decoration: underline\">Pays de la Loire<\/span><\/strong><\/em><\/span><\/li>\n<\/ul>\n<p style=\"text-align: justify\">Avec tous les beaux ch\u00e2teaux qui accompagne la r\u00e9gion. Le ma\u00eetre chatelain ici n&rsquo;est autre que <strong><span style=\"color: #0000ff\">Pereduschene<\/span> <\/strong>\u00e9lu avec <strong><span style=\"color: #ff0000\">37,96%<\/span><\/strong> des voix. Il est le maire-adjoint de <span style=\"text-decoration: underline\">Nantes<\/span> et est int\u00e9gr\u00e9 au parti <strong><span style=\"color: #ff6600\">Les Ripoux-blicains<\/span><\/strong>. Notre ami a cependant bien \u00e9tait aid\u00e9 par son coll\u00e8gue de parti, <strong><span style=\"color: #0000ff\">Barrysemoule<\/span> <\/strong>qui est maire d&rsquo;<span style=\"text-decoration: underline\">Angers<\/span>, \u00e9lu avec <strong><span style=\"color: #ff0000\">65,8%<\/span><\/strong>.<\/p>\n<p style=\"text-align: justify\">Derri\u00e8re toujours et encore, on a <strong><span style=\"color: #0000ff\">Lookatmefouryou<\/span> <\/strong>qui est maire de <span style=\"text-decoration: underline\">Nantes<\/span> avec <strong><span style=\"color: #ff0000\">62,1%<\/span><\/strong> et fait partie du parti <strong><span style=\"color: #ff6600\">Le monde est \u00e0 nous<\/span><\/strong>. Enfin, <strong><span style=\"color: #0000ff\">Oedeme<\/span> <\/strong>est le conseiller municipal de <span style=\"text-decoration: underline\">Nantes<\/span> \u00e9lu avec <strong><span style=\"color: #ff0000\">37,9%<\/span> <\/strong>des voix.<\/p>\n<p style=\"text-align: justify\"><strong><span style=\"color: #ff6600\">Les Ripoux-blicains<\/span><\/strong> conservent encore une r\u00e9gion de plus !<\/p>\n<p><img loading=\"lazy\" decoding=\"async\" class=\"aligncenter size-large wp-image-47499\" src=\"https:\/\/vpmedias.fr\/wp-content\/uploads\/2022\/04\/5579545-550x623.jpg\" alt=\"\" width=\"550\" height=\"623\" srcset=\"https:\/\/vpmedias.fr\/wp-content\/uploads\/2022\/04\/5579545-550x623.jpg 550w, https:\/\/vpmedias.fr\/wp-content\/uploads\/2022\/04\/5579545-132x150.jpg 132w, https:\/\/vpmedias.fr\/wp-content\/uploads\/2022\/04\/5579545-265x300.jpg 265w, https:\/\/vpmedias.fr\/wp-content\/uploads\/2022\/04\/5579545.jpg 600w\" sizes=\"auto, (max-width: 550px) 100vw, 550px\" \/><\/p>\n<p>&nbsp;<\/p>\n<ul>\n<li><span style=\"text-decoration: underline;font-size: 14pt\"><em><strong><span style=\"color: #ff00ff;text-decoration: underline\">Provence Alpes Cote d&rsquo;Azur<\/span><\/strong><\/em><\/span><\/li>\n<\/ul>\n<p style=\"text-align: justify\">Enfin, la derni\u00e8re pour la route. L&rsquo;une des r\u00e9gions les plus bling-bling revient \u00e0 &#8230; <strong><span style=\"color: #0000ff\">Legeaimoqueur<\/span> <\/strong>! Il est maire de <span style=\"text-decoration: underline\">Nice<\/span> avec un score de <strong><span style=\"color: #ff0000\">61,28%<\/span><\/strong>. Encore une fois, nous pouvons affirmer que les<strong><span style=\"color: #ff6600\"> Ripoux<\/span><\/strong> se portent tr\u00e8s bien !<\/p>\n<p style=\"text-align: justify\"><strong><span style=\"color: #0000ff\">Ghool<\/span> <\/strong>arrive juste apr\u00e8s : maire de <span style=\"text-decoration: underline\">Marseille<\/span> avec un score de voix de<strong><span style=\"color: #ff0000\"> 55,27%<\/span><\/strong>. Enfin <strong><span style=\"color: #0000ff\">Brucycloo<\/span> <\/strong>ferme le podium, lui qui est conseiller municipal de <span style=\"text-decoration: underline\">Nice<\/span> avec <strong><span style=\"color: #ff0000\">38,72%<\/span><\/strong>.<\/p>\n<p style=\"text-align: justify\"><strong><span style=\"color: #ff6600\">Les Ripoux<\/span> <\/strong>sont venu d\u00e9tr\u00f4ner aux forceps le parti <strong><span style=\"color: #ff6600\">Le monde est \u00e0 nous<\/span><\/strong> de la r\u00e9gion !<\/p>\n<p><img loading=\"lazy\" decoding=\"async\" class=\"aligncenter size-full wp-image-47501\" src=\"https:\/\/vpmedias.fr\/wp-content\/uploads\/2022\/04\/1506047.jpg\" alt=\"\" width=\"199\" height=\"214\" srcset=\"https:\/\/vpmedias.fr\/wp-content\/uploads\/2022\/04\/1506047.jpg 199w, https:\/\/vpmedias.fr\/wp-content\/uploads\/2022\/04\/1506047-139x150.jpg 139w\" sizes=\"auto, (max-width: 199px) 100vw, 199px\" \/><\/p>\n<p>&nbsp;<\/p>\n<p>&nbsp;<\/p>\n<h3><span style=\"text-decoration: underline;font-size: 24pt\"><strong><span style=\"color: #ff6600;text-decoration: underline\">Rappel des r\u00e9sultats du mois pr\u00e9c\u00e9dent (Mars 2022)<\/span><\/strong><\/span><\/h3>\n<table style=\"font-family: georgia, palatino\">\n<tbody>\n<tr style=\"background-color: #f2f2f2;color: #3f3f3f;text-align: center;font-size: 15px\">\n<th style=\"width: 450px\" height=\"56\">R\u00e9gion<\/th>\n<th style=\"width: 200px\">Pr\u00e9sident<\/th>\n<th style=\"width: 400px\">Parti<\/th>\n<\/tr>\n<tr>\n<td style=\"background-color: #5db0ef;color: white;font-size: 12.5px;text-align: center\" height=\"30\"><a style=\"color: white\" href=\"http:\/\/wiki.vpmedias.fr\/Auvergne-Rh\u00f4ne-Alpes\">Auvergne Rh\u00f4ne Alpes<\/a><\/td>\n<td style=\"font-size: 12.5px;text-align: center\"><a href=\"http:\/\/wiki.vpmedias.fr\/Haricot\"><b>Haricot<b><\/b><\/b><\/a><\/td>\n<td style=\"font-size: 12.5px;text-align: center;background-color: #ecf5ff\"><a href=\"http:\/\/wiki.vpmedias.fr\/Le monde est \u00e0 nous\">Le monde est \u00e0 nous<\/a><\/td>\n<\/tr>\n<tr>\n<td style=\"background-color: #5db0ef;color: white;font-size: 12.5px;text-align: center\" height=\"30\"><a style=\"color: white\" href=\"http:\/\/wiki.vpmedias.fr\/Belgique\">Belgique<\/a><\/td>\n<td style=\"font-size: 12.5px;text-align: center\"><a href=\"http:\/\/wiki.vpmedias.fr\/Ghool\"><b>Ghool<b><\/b><\/b><\/a><\/td>\n<td style=\"font-size: 12.5px;text-align: center;background-color: #ecf5ff\"><a href=\"http:\/\/wiki.vpmedias.fr\/Le monde est \u00e0 nous\">Le monde est \u00e0 nous<\/a><\/td>\n<\/tr>\n<tr>\n<td style=\"background-color: #5db0ef;color: white;font-size: 12.5px;text-align: center\" height=\"30\"><a style=\"color: white\" href=\"http:\/\/wiki.vpmedias.fr\/Bourgogne_Franche-Comt\u00e9\">Bourgogne Franche Comt\u00e9<\/a><\/td>\n<td style=\"font-size: 12.5px;text-align: center\"><a href=\"http:\/\/wiki.vpmedias.fr\/Monsieurabc\"><b>Monsieurabc<b><\/b><\/b><\/a><\/td>\n<td style=\"font-size: 12.5px;text-align: center;background-color: #ecf5ff\"><a href=\"http:\/\/wiki.vpmedias.fr\/Les Ripoux-blicains\">Les Ripoux-blicains<\/a><\/td>\n<\/tr>\n<tr>\n<td style=\"background-color: #5db0ef;color: white;font-size: 12.5px;text-align: center\" height=\"30\"><a style=\"color: white\" href=\"http:\/\/wiki.vpmedias.fr\/Bretagne\">Bretagne<\/a><\/td>\n<td style=\"font-size: 12.5px;text-align: center\"><a href=\"http:\/\/wiki.vpmedias.fr\/Jackylabelvie\"><b>Jackylabelvie<b><\/b><\/b><\/a><\/td>\n<td style=\"font-size: 12.5px;text-align: center;background-color: #ecf5ff\"><a href=\"http:\/\/wiki.vpmedias.fr\/Les Ripoux-blicains\">Les Ripoux-blicains<\/a><\/td>\n<\/tr>\n<tr>\n<td style=\"background-color: #5db0ef;color: white;font-size: 12.5px;text-align: center\" height=\"30\"><a style=\"color: white\" href=\"http:\/\/wiki.vpmedias.fr\/Centre-Val_de_Loire\">Centre Val de Loire<\/a><\/td>\n<td style=\"font-size: 12.5px;text-align: center\"><a href=\"http:\/\/wiki.vpmedias.fr\/Barmir\"><b>Barmir<b><\/b><\/b><\/a><\/td>\n<td style=\"font-size: 12.5px;text-align: center;background-color: #ecf5ff\"><a href=\"http:\/\/wiki.vpmedias.fr\/Les Barbouzes\">Les Barbouzes<\/a><\/td>\n<\/tr>\n<tr>\n<td style=\"background-color: #5db0ef;color: white;font-size: 12.5px;text-align: center\" height=\"30\"><a style=\"color: white\" href=\"http:\/\/wiki.vpmedias.fr\/Corse\">Corse<\/a><\/td>\n<td style=\"font-size: 12.5px;text-align: center\"><a href=\"http:\/\/wiki.vpmedias.fr\/Jaccuse\"><b>Jaccuse<b><\/b><\/b><\/a><\/td>\n<td style=\"font-size: 12.5px;text-align: center;background-color: #ecf5ff\"><a href=\"http:\/\/wiki.vpmedias.fr\/La bande \u00e0 Cosini\">La bande \u00e0 Cosini<\/a><\/td>\n<\/tr>\n<tr>\n<td style=\"background-color: #5db0ef;color: white;font-size: 12.5px;text-align: center\" height=\"30\"><a style=\"color: white\" href=\"http:\/\/wiki.vpmedias.fr\/Grand_Est\">Grand Est<\/a><\/td>\n<td style=\"font-size: 12.5px;text-align: center\"><a href=\"http:\/\/wiki.vpmedias.fr\/Ui\"><b>Ui<b><\/b><\/b><\/a><\/td>\n<td style=\"font-size: 12.5px;text-align: center;background-color: #ecf5ff\"><a href=\"http:\/\/wiki.vpmedias.fr\/Les Politocards\">Les Politocards<\/a><\/td>\n<\/tr>\n<tr>\n<td style=\"background-color: #5db0ef;color: white;font-size: 12.5px;text-align: center\" height=\"30\"><a style=\"color: white\" href=\"http:\/\/wiki.vpmedias.fr\/Hauts-de-France\">Hauts de France<\/a><\/td>\n<td style=\"font-size: 12.5px;text-align: center\"><a href=\"http:\/\/wiki.vpmedias.fr\/Gluglu\"><b>Gluglu<b><\/b><\/b><\/a><\/td>\n<td style=\"font-size: 12.5px;text-align: center;background-color: #ecf5ff\"><a href=\"http:\/\/wiki.vpmedias.fr\/La Ligue Pachydermique\">La Ligue Pachydermique<\/a><\/td>\n<\/tr>\n<tr>\n<td style=\"background-color: #5db0ef;color: white;font-size: 12.5px;text-align: center\" height=\"30\"><a style=\"color: white\" href=\"http:\/\/wiki.vpmedias.fr\/\u00cele_de_France\">Ile de France<\/a><\/td>\n<td style=\"font-size: 12.5px;text-align: center\"><a href=\"http:\/\/wiki.vpmedias.fr\/Lookatmefouryou\"><b>Lookatmefouryou<b><\/b><\/b><\/a><\/td>\n<td style=\"font-size: 12.5px;text-align: center;background-color: #ecf5ff\"><a href=\"http:\/\/wiki.vpmedias.fr\/Le monde est \u00e0 nous\">Le monde est \u00e0 nous<\/a><\/td>\n<\/tr>\n<tr>\n<td style=\"background-color: #5db0ef;color: white;font-size: 12.5px;text-align: center\" height=\"30\"><a style=\"color: white\" href=\"http:\/\/wiki.vpmedias.fr\/Normandie\">Normandie<\/a><\/td>\n<td style=\"font-size: 12.5px;text-align: center\"><a href=\"http:\/\/wiki.vpmedias.fr\/Taro\"><b>Taro<b><\/b><\/b><\/a><\/td>\n<td style=\"font-size: 12.5px;text-align: center;background-color: #ecf5ff\"><a href=\"http:\/\/wiki.vpmedias.fr\/Le milieu\">Le milieu<\/a><\/td>\n<\/tr>\n<tr>\n<td style=\"background-color: #5db0ef;color: white;font-size: 12.5px;text-align: center\" height=\"30\"><a style=\"color: white\" href=\"http:\/\/wiki.vpmedias.fr\/Nouvelle-Aquitaine\">Nouvelle Aquitaine<\/a><\/td>\n<td style=\"font-size: 12.5px;text-align: center\"><a href=\"http:\/\/wiki.vpmedias.fr\/Captaincamembert\"><b>Captaincamembert<b><\/b><\/b><\/a><\/td>\n<td style=\"font-size: 12.5px;text-align: center;background-color: #ecf5ff\"><a href=\"http:\/\/wiki.vpmedias.fr\/Les Ripoux-blicains\">Les Ripoux-blicains<\/a><\/td>\n<\/tr>\n<tr>\n<td style=\"background-color: #5db0ef;color: white;font-size: 12.5px;text-align: center\" height=\"30\"><a style=\"color: white\" href=\"http:\/\/wiki.vpmedias.fr\/Occitanie\">Occitanie<\/a><\/td>\n<td style=\"font-size: 12.5px;text-align: center\"><a href=\"http:\/\/wiki.vpmedias.fr\/Petitours\"><b>Petitours<b><\/b><\/b><\/a><\/td>\n<td style=\"font-size: 12.5px;text-align: center;background-color: #ecf5ff\"><a href=\"http:\/\/wiki.vpmedias.fr\/Le milieu\">Le milieu<\/a><\/td>\n<\/tr>\n<tr>\n<td style=\"background-color: #5db0ef;color: white;font-size: 12.5px;text-align: center\" height=\"30\"><a style=\"color: white\" href=\"http:\/\/wiki.vpmedias.fr\/Outre-Mer\">Outre Mer<\/a><\/td>\n<td style=\"font-size: 12.5px;text-align: center\"><a href=\"http:\/\/wiki.vpmedias.fr\/Khahimtour\"><b>Khahimtour<b><\/b><\/b><\/a><\/td>\n<td style=\"font-size: 12.5px;text-align: center;background-color: #ecf5ff\"><a href=\"http:\/\/wiki.vpmedias.fr\/Les Ripoux-blicains\">Les Ripoux-blicains<\/a><\/td>\n<\/tr>\n<tr>\n<td style=\"background-color: #5db0ef;color: white;font-size: 12.5px;text-align: center\" height=\"30\"><a style=\"color: white\" href=\"http:\/\/wiki.vpmedias.fr\/Pays_de_la_Loire\">Pays de la Loire<\/a><\/td>\n<td style=\"font-size: 12.5px;text-align: center\"><a href=\"http:\/\/wiki.vpmedias.fr\/Fredoune\"><b>Fredoune<b><\/b><\/b><\/a><\/td>\n<td style=\"font-size: 12.5px;text-align: center;background-color: #ecf5ff\"><a href=\"http:\/\/wiki.vpmedias.fr\/Les Ripoux-blicains\">Les Ripoux-blicains<\/a><\/td>\n<\/tr>\n<tr>\n<td style=\"background-color: #5db0ef;color: white;font-size: 12.5px;text-align: center\" height=\"30\"><a style=\"color: white\" href=\"http:\/\/wiki.vpmedias.fr\/Provence-Alpes-C\u00f4te_dAzur\">Provence Alpes C\u00f4te d&rsquo;Azur<\/a><\/td>\n<td style=\"font-size: 12.5px;text-align: center\"><a href=\"http:\/\/wiki.vpmedias.fr\/Wyrminfecte\"><b>Wyrminfecte<b><\/b><\/b><\/a><\/td>\n<td style=\"font-size: 12.5px;text-align: center;background-color: #ecf5ff\"><a href=\"http:\/\/wiki.vpmedias.fr\/Le monde est \u00e0 nous\">Le monde est \u00e0 nous<\/a><\/td>\n<\/tr>\n<tr>\n<td><\/td>\n<td><\/td>\n<td style=\"text-align: center\"><small><a href=\"http:\/\/vpmedias.fr\/magnebot\">MagneBot\u00a9<\/a><\/small><\/td>\n<\/tr>\n<\/tbody>\n<\/table>\n","protected":false},"excerpt":{"rendered":"<p>C&rsquo;est mon anniversaire !<br \/>\nJe f\u00eate mon 50\u00e8me article au sein de la r\u00e9daction de VPM\u00e9dias ! Ca se f\u00eate, nan !?!?<\/p>\n","protected":false},"author":229,"featured_media":46623,"comment_status":"open","ping_status":"open","sticky":false,"template":"","format":"standard","meta":{"site-container-style":"default","site-container-layout":"default","site-sidebar-layout":"default","disable-article-header":"default","disable-site-header":"default","disable-site-footer":"default","disable-content-area-spacing":"default","footnotes":""},"categories":[312,3],"tags":[45,270,59],"class_list":["post-47464","post","type-post","status-publish","format-standard","has-post-thumbnail","hentry","category-g-a-la-une","category-1-vpmi","tag-campagne","tag-classement","tag-resultats-regionaux"],"_links":{"self":[{"href":"https:\/\/vpmedias.fr\/index.php?rest_route=\/wp\/v2\/posts\/47464","targetHints":{"allow":["GET"]}}],"collection":[{"href":"https:\/\/vpmedias.fr\/index.php?rest_route=\/wp\/v2\/posts"}],"about":[{"href":"https:\/\/vpmedias.fr\/index.php?rest_route=\/wp\/v2\/types\/post"}],"author":[{"embeddable":true,"href":"https:\/\/vpmedias.fr\/index.php?rest_route=\/wp\/v2\/users\/229"}],"replies":[{"embeddable":true,"href":"https:\/\/vpmedias.fr\/index.php?rest_route=%2Fwp%2Fv2%2Fcomments&post=47464"}],"version-history":[{"count":26,"href":"https:\/\/vpmedias.fr\/index.php?rest_route=\/wp\/v2\/posts\/47464\/revisions"}],"predecessor-version":[{"id":47502,"href":"https:\/\/vpmedias.fr\/index.php?rest_route=\/wp\/v2\/posts\/47464\/revisions\/47502"}],"wp:featuredmedia":[{"embeddable":true,"href":"https:\/\/vpmedias.fr\/index.php?rest_route=\/wp\/v2\/media\/46623"}],"wp:attachment":[{"href":"https:\/\/vpmedias.fr\/index.php?rest_route=%2Fwp%2Fv2%2Fmedia&parent=47464"}],"wp:term":[{"taxonomy":"category","embeddable":true,"href":"https:\/\/vpmedias.fr\/index.php?rest_route=%2Fwp%2Fv2%2Fcategories&post=47464"},{"taxonomy":"post_tag","embeddable":true,"href":"https:\/\/vpmedias.fr\/index.php?rest_route=%2Fwp%2Fv2%2Ftags&post=47464"}],"curies":[{"name":"wp","href":"https:\/\/api.w.org\/{rel}","templated":true}]}}