{"id":5035,"date":"2011-04-30T13:34:09","date_gmt":"2011-04-30T11:34:09","guid":{"rendered":"http:\/\/vpmedias.fr\/?p=5035"},"modified":"2011-05-11T01:52:32","modified_gmt":"2011-05-10T23:52:32","slug":"ouverture-du-vote-des-2-ministres","status":"publish","type":"post","link":"https:\/\/vpmedias.fr\/?p=5035","title":{"rendered":"Ouverture du vote des 2 ministres !"},"content":{"rendered":"<p style=\"text-align: justify;\">Sarkasme l&rsquo;avait promis dans son projet pr\u00e9sidentiel : <strong>2 des 8 ministres qui mod\u00e8reront les march\u00e9s sont \u00e9lus par la communaut\u00e9<\/strong>.<!--more--><\/p>\n<p style=\"text-align: justify;\">Apr\u00e8s la phase du <a href=\"http:\/\/www.votezpourmoi.com\/forum_msg.php?idsujet=14077&amp;id=1&amp;recherche=\">d\u00e9p\u00f4t des candidatures<\/a>, ouverte le 17 avril, <strong>35 candidats<\/strong> se sont signal\u00e9s.<\/p>\n<p style=\"text-align: justify;\">Le nouveau module de sondages accessible aux mod\u00e9rateurs a \u00e9t\u00e9 mis \u00e0 profit pour le vote. 7 poules{{1}} de 5 candidats ont \u00e9t\u00e9 ouvertes{{2}}, suivant les dates de d\u00e9p\u00f4t de candidature des joueurs.<\/p>\n<p style=\"text-align: justify;\"><a href=\"http:\/\/www.votezpourmoi.com\/forum_msg.php?idsujet=14208&amp;id=1&amp;recherche=\">Poule 1<\/a> :<\/p>\n<ul style=\"text-align: justify;\">\n<li>Warnock<\/li>\n<li>Tsauron<\/li>\n<li>Noisette<\/li>\n<li>Nati<\/li>\n<li>Dinozzo<\/li>\n<\/ul>\n<p style=\"text-align: justify;\"><a href=\"http:\/\/www.votezpourmoi.com\/forum_msg.php?idsujet=14209&amp;id=1&amp;recherche=\">Poule 2<\/a> :<\/p>\n<ul style=\"text-align: justify;\">\n<li>Babouschka<\/li>\n<li>Cunni<\/li>\n<li>Revenant<\/li>\n<li>Fahrenheit<\/li>\n<li>Divia<\/li>\n<\/ul>\n<p style=\"text-align: justify;\"><a href=\"http:\/\/www.votezpourmoi.com\/forum_msg.php?idsujet=14210&amp;id=1&amp;recherche=\">Poule 3<\/a> :<\/p>\n<ul style=\"text-align: justify;\">\n<li>Croustibat<\/li>\n<li>Nicolash<\/li>\n<li>Raph<\/li>\n<li>Geekinthepink<\/li>\n<li>Saulidaire<\/li>\n<\/ul>\n<p style=\"text-align: justify;\"><a href=\"http:\/\/www.votezpourmoi.com\/forum_msg.php?idsujet=14211&amp;id=1&amp;recherche=\">Poule 4<\/a> :<\/p>\n<ul style=\"text-align: justify;\">\n<li>Ikou<\/li>\n<li>Shadokan<\/li>\n<li>Denoo<\/li>\n<li>Saintlouis<\/li>\n<li>Ortansia<\/li>\n<\/ul>\n<p style=\"text-align: justify;\"><a href=\"http:\/\/www.votezpourmoi.com\/forum_msg.php?idsujet=14212&amp;id=1&amp;recherche=\">Poule 5<\/a> :<\/p>\n<ul style=\"text-align: justify;\">\n<li>Ginette<\/li>\n<li>Golden<\/li>\n<li>Peupule<\/li>\n<li>Benamou<\/li>\n<li>Bouboune<\/li>\n<\/ul>\n<p style=\"text-align: justify;\"><a href=\"http:\/\/www.votezpourmoi.com\/forum_msg.php?idsujet=14213&amp;id=1&amp;recherche=\">Poule 6<\/a> :<\/p>\n<ul style=\"text-align: justify;\">\n<li>Triskel<\/li>\n<li>Arzandre<\/li>\n<li>Chijue<\/li>\n<li>Jordanallory{{3}}<\/li>\n<li>Lucasj<\/li>\n<\/ul>\n<p style=\"text-align: justify;\"><a href=\"http:\/\/www.votezpourmoi.com\/forum_msg.php?idsujet=14214&amp;id=1&amp;recherche=\">Poule 7<\/a> :<\/p>\n<ul style=\"text-align: justify;\">\n<li>Pierrepenlou<\/li>\n<li>Bobinou<\/li>\n<li>Louloudurscv<\/li>\n<li>Kevinjojo<\/li>\n<li>Rochefortin<\/li>\n<\/ul>\n<p style=\"text-align: justify;\">A l&rsquo;heure o\u00f9 nous \u00e9crivons ces lignes, les 7 candidats qui se d\u00e9marquent sont <strong>Warnock <\/strong>(32 votes), <strong>Revenant <\/strong>(20), <strong>Raph <\/strong>(36), <strong>Shadokan <\/strong>(26), <strong>Ginette <\/strong>(24), <strong>Triskel<\/strong> (31), et <strong>Kevinjojo<\/strong>{{4}} (17).<\/p>\n<p style=\"text-align: justify;\">Dans 3 jours, 7 noms seront obtenus : les 7 gagnants de leur poule. Les 5 ayant re\u00e7u le plus de votes seront s\u00e9lectionn\u00e9s. En cas d&rsquo;\u00e9galit\u00e9, c&rsquo;est l&rsquo;ordre de d\u00e9p\u00f4t de candidature qui d\u00e9partagera les candidats.<\/p>\n<p style=\"text-align: justify;\">Parmi les 5 joueurs qualifi\u00e9s, un dernier vote sera organis\u00e9, et les pseudos des deux joueurs arriv\u00e9s en t\u00eate seront soumis \u00e0 Bananus pour validation de leur nomination \u00e0 ce poste de ministre des march\u00e9s.<\/p>\n<p style=\"text-align: justify;\">Rappelez-vous que les candidats sont incit\u00e9s \u00e0 <strong>animer leur campagne en faisant leur auto-promotion <\/strong>dans le Cohu Bohu, sur VPM\u00e9dias o\u00f9 la <a href=\"http:\/\/tribune.vpmedias.fr\/\">Tribune Libre<\/a> est \u00e0 votre disposition, \u00e0 l&rsquo;antenne de VPM Radio, ou sur le forum lui m\u00eame. Warnock semble s&rsquo;\u00eatre tr\u00e8s nettement engag\u00e9 dans cette strat\u00e9gie de communication. Cela sera-t-il payant ?<\/p>\n<p style=\"text-align: justify;\">Par ailleurs, les VPMiens voteront-ils par affinit\u00e9 ou en tenant compte de la pr\u00e9sence des candidats sur les march\u00e9s ? L&rsquo;avenir nous le dira.<\/p>\n<p style=\"text-align: justify;\">En attendant, n&rsquo;oubliez pas de <a href=\"http:\/\/www.votezpourmoi.com\/forum_msg.php?idsujet=14205&amp;id=1&amp;recherche=\">voter<\/a> !<\/p>\n<p style=\"text-align: justify;\">[[1]]Cot, Cot&#8230; \u00ab\u00a0Ah ben bravo ! C&rsquo;est malin\u00a0\u00bb [[1]]<\/p>\n<p style=\"text-align: justify;\">[[2]]Puisque le module de sondage ne permet que d&rsquo;entrer 5 choix au maximum[[2]]<\/p>\n<p style=\"text-align: justify;\">[[3]]Et non pas \u00ab\u00a0Jordanally\u00a0\u00bb comme l&rsquo;indique le module de vote. Ah ben bravo, Whynot ! ^^[[3]]<\/p>\n<p style=\"text-align: justify;\">[[4]]Suivi de pr\u00e8s par Pierrepenlou (15) dans cette poule plus serr\u00e9e.[[4]]<\/p>\n","protected":false},"excerpt":{"rendered":"<p>Sarkasme l&rsquo;avait promis dans son projet pr\u00e9sidentiel : 2 des 8 ministres qui mod\u00e8reront les march\u00e9s sont \u00e9lus par la communaut\u00e9.<\/p>\n","protected":false},"author":2,"featured_media":0,"comment_status":"open","ping_status":"open","sticky":false,"template":"","format":"standard","meta":{"site-container-style":"default","site-container-layout":"default","site-sidebar-layout":"default","disable-article-header":"default","disable-site-header":"default","disable-site-footer":"default","disable-content-area-spacing":"default","footnotes":""},"categories":[268],"tags":[292,54],"class_list":["post-5035","post","type-post","status-publish","format-standard","hentry","category-4-breves","tag-gouvernement","tag-president"],"_links":{"self":[{"href":"https:\/\/vpmedias.fr\/index.php?rest_route=\/wp\/v2\/posts\/5035","targetHints":{"allow":["GET"]}}],"collection":[{"href":"https:\/\/vpmedias.fr\/index.php?rest_route=\/wp\/v2\/posts"}],"about":[{"href":"https:\/\/vpmedias.fr\/index.php?rest_route=\/wp\/v2\/types\/post"}],"author":[{"embeddable":true,"href":"https:\/\/vpmedias.fr\/index.php?rest_route=\/wp\/v2\/users\/2"}],"replies":[{"embeddable":true,"href":"https:\/\/vpmedias.fr\/index.php?rest_route=%2Fwp%2Fv2%2Fcomments&post=5035"}],"version-history":[{"count":0,"href":"https:\/\/vpmedias.fr\/index.php?rest_route=\/wp\/v2\/posts\/5035\/revisions"}],"wp:attachment":[{"href":"https:\/\/vpmedias.fr\/index.php?rest_route=%2Fwp%2Fv2%2Fmedia&parent=5035"}],"wp:term":[{"taxonomy":"category","embeddable":true,"href":"https:\/\/vpmedias.fr\/index.php?rest_route=%2Fwp%2Fv2%2Fcategories&post=5035"},{"taxonomy":"post_tag","embeddable":true,"href":"https:\/\/vpmedias.fr\/index.php?rest_route=%2Fwp%2Fv2%2Ftags&post=5035"}],"curies":[{"name":"wp","href":"https:\/\/api.w.org\/{rel}","templated":true}]}}