{"id":579,"date":"2009-05-08T08:00:06","date_gmt":"2009-05-08T06:00:06","guid":{"rendered":"http:\/\/vpmedias.e3b.org\/?p=579"},"modified":"2009-05-08T08:00:06","modified_gmt":"2009-05-08T06:00:06","slug":"la-revolution-mediatique","status":"publish","type":"post","link":"https:\/\/vpmedias.fr\/?p=579","title":{"rendered":"La R\u00e9volution M\u00e9diatique !"},"content":{"rendered":"<p style=\"text-align: justify;\">Comme vous le savez peut-\u00eatre, nous avons ces-derni\u00e8res semaines travaill\u00e9 \u00e0\u00a0 rassembler le Pilote &amp; Kronik sur un m\u00eame site, afin que l&rsquo;on puisse avoir acc\u00e8s \u00e0\u00a0 l&rsquo;int\u00e9gralit\u00e9 des archives des deux journaux, mais aussi afin que les m\u00e9dias redeviennent <strong>les boosters essentiels \u00e0\u00a0 l&rsquo;activit\u00e9 de VPM<\/strong> qu&rsquo;ils \u00e9taient jusque l\u00e0\u00a0.<\/p>\n<p style=\"text-align: justify;\">Sur des bien des points, <strong>les deux m\u00e9dias cependant \u00e9taient tr\u00e8s similaires<\/strong>, et traitaient des m\u00eames sujets.<\/p>\n<p style=\"text-align: justify;\">L&rsquo;activit\u00e9 des deux m\u00e9dias \u00e9tait de plus ralentie, et il fallait clarifier les choses : un m\u00eame article pouvait aussi bien s&rsquo;int\u00e9grer dans le cadre des 2 m\u00e9dias, et il aurait fallu demander aux nouveaux journalistes de choisir entre deux m\u00e9dias qui publi\u00e9s sur le m\u00eame site aux contenus similaires, qui se feraient donc concurrence \u00ab\u00a0pour rien\u00a0\u00bb. C&rsquo;aurait fait perdre de l&rsquo;int\u00e9r\u00eat aux deux, et \u00e7a n&rsquo;\u00e9tait aucunement le but.<!--more--><\/p>\n<p style=\"text-align: justify;\"><span style=\"color: #800000;\"><strong>Nous avons donc pens\u00e9 \u00e0\u00a0 transformer ces m\u00e9dias en 2 autres, nouveaux, qui pourraient donc d&#8217;embl\u00e9e affirmer leurs lignes \u00e9ditoriales diff\u00e9rentes &amp; compl\u00e9mentaires.<\/strong><\/span><\/p>\n<p style=\"text-align: justify;\"><strong>L&rsquo;un traiterait <span style=\"color: #ff00ff;\">des joueurs et de la communaut\u00e9<\/span> de mani\u00e8re assez l\u00e9g\u00e8re, tandis que l&rsquo;autre se distinguerait par son <span style=\"color: #ff0000;\">approche plus journalistique du jeu<\/span>, \u00e0\u00a0 la mani\u00e8re de ce que fut le VPM News<\/strong>. \u00e0\u20ac noter que <span style=\"color: #800080;\"><strong>toutes les archives<\/strong><\/span> de Kronik, du Pilote, de VPM-fm, mais aussi, du VPM News seront int\u00e9gr\u00e9s au Site et accessibles en un clic !<\/p>\n<h2>Les diff\u00e9rents m\u00e9dias<\/h2>\n<p style=\"text-align: justify;\">1. <strong>VPM<\/strong><span style=\"color: #ff00ff;\"><strong>C<\/strong><\/span><\/p>\n<p>VPMCommunaut\u00e9, sera un magazine qui parlera <span style=\"color: #ff00ff;\"><strong>des joueurs, de l&rsquo;ambiance<\/strong><\/span>, comme Kronik et Le Pilote, de mani\u00e8re assez \u00ab\u00a0fun\u00a0\u00bb.<\/p>\n<p>&gt; <em><strong>du divertissement, du people et du magazine (cela n&rsquo;exclut aucunement l&rsquo;info pure, mais celle-ci aura un traitement bien diff\u00e9rent)<\/strong><\/em><\/p>\n<p style=\"text-align: justify;\">Vous y retrouverez par exemple les portraits de joueurs, les darkynades, des jeux, des concours, &amp; beaucoup d&rsquo;articles re\u00e7us \u00e0\u00a0 la tribune libre.<\/p>\n<p style=\"text-align: justify;\">Son but : <em><strong>divertir, stimuler la communaut\u00e9 VPMienne, accueillir les nouveaux et mettre en valeur chaque individu<\/strong><\/em>.<\/p>\n<p style=\"text-align: justify;\">2. <strong>VPM<\/strong><span style=\"color: #ff0000;\"><strong>I<\/strong><\/span><\/p>\n<p>VPMInfos, serait un journal qui traiterait (presque) syst\u00e9matiquement <span style=\"color: #ff0000;\"><strong>de sujets \u00ab\u00a0s\u00e9rieux\u00a0\u00bb qui concernent le jeu VPM en lui-m\u00eame<\/strong><\/span>.<\/p>\n<p>&gt; <em><strong>de l&rsquo;info, des d\u00e9bats et du second degr\u00e9<\/strong><\/em><\/p>\n<p style=\"text-align: justify;\">Avec par exemple les r\u00e9formes, les \u00e9v\u00e8nements (vols de caisses, passages douteux d&rsquo;un parti \u00e0\u00a0 un autre :p), les pol\u00e9miques, les gens (avec des interviews de fond), et les partis qui font VPM, les classements, ou les articles argument\u00e9s de la Tribune Libre.<\/p>\n<p style=\"text-align: justify;\">Son but : <em><strong>permettre aux VPMiens d&rsquo;\u00eatre enti\u00e8rement inform\u00e9s de tout<\/strong><\/em>.<\/p>\n<p style=\"text-align: justify;\">3. <strong>VPM<\/strong><span style=\"color: #339966;\"><strong>-FM<\/strong><\/span><\/p>\n<p>G\u00e9r\u00e9 par Madian, le <span style=\"color: #339966;\"><strong>magazine audio<\/strong><\/span> revient, avec de nouveaux chroniqueurs &amp; une \u00e9mission accessible sur VPM\u00e9dias.<\/p>\n<p style=\"text-align: justify;\">\n<p style=\"text-align: justify;\">\n<hr style=\"text-align: justify;\" \/>\n<p style=\"text-align: justify;\">\n<p style=\"text-align: justify;\">A noter : la page \u00ab\u00a0<strong>Portail VPM<\/strong>\u00a0\u00bb du Menu Sup\u00e9rieur devient et deviendra petit \u00e0\u00a0 petit un v\u00e9ritalbe portail de la VPMie, regroupant les informations essentielles \u00e0\u00a0 la survie du joueur en campagne ! ^^<\/p>\n<p style=\"text-align: justify;\">Par la m\u00eame occasion, nous ouvrons un <span style=\"color: #800000;\"><span style=\"text-decoration: underline;\"><strong>recrutement public<\/strong><\/span><\/span> pour nos diff\u00e9rents M\u00e9dias. Si vous vous sentez l&rsquo;\u00e2me d&rsquo;un journaliste, aimeriez faire partager votre passion pour VPM, votre connaissance du jeu, si un de nos M\u00e9dias ou plusieurs vous attirent particuli\u00e8rement, nous vous invitons \u00e0\u00a0 contacter \u00ab SuperBanana \u00bb ou \u00ab Dragalex \u00bb pour davantage d&rsquo;informations et rejoindre l&rsquo;\u00e9quipe de notre projet ! Des joueurs comme SummerZik, Grubale, Bob Morane, Geekinthepink, Easy, Libertyjack, Darkcool et bien d&rsquo;autres ont d\u00e9j\u00e0\u00a0 rejoint l&rsquo;aventure.<\/p>\n<p><span style=\"color: #ff6600;\"><em><strong><\/strong><\/em><\/span><\/p>\n<p style=\"text-align: center;\"><em><strong>VPM\u00e9dias vivra gr\u00e2ce \u00e0\u00a0 vous !<\/strong><\/em><\/p>\n","protected":false},"excerpt":{"rendered":"<p>Comme vous le savez peut-\u00eatre, nous avons ces-derni\u00e8res semaines travaill\u00e9 \u00e0\u00a0 rassembler le Pilote &amp; Kronik sur un m\u00eame site, afin que l&rsquo;on puisse avoir acc\u00e8s \u00e0\u00a0 l&rsquo;int\u00e9gralit\u00e9 des archives des deux journaux, mais aussi afin que les m\u00e9dias redeviennent les boosters essentiels \u00e0\u00a0 l&rsquo;activit\u00e9 de VPM qu&rsquo;ils \u00e9taient jusque l\u00e0\u00a0. Sur des bien des [&hellip;]<\/p>\n","protected":false},"author":2,"featured_media":0,"comment_status":"open","ping_status":"open","sticky":false,"template":"","format":"standard","meta":{"site-container-style":"default","site-container-layout":"default","site-sidebar-layout":"default","disable-article-header":"default","disable-site-header":"default","disable-site-footer":"default","disable-content-area-spacing":"default","footnotes":""},"categories":[302],"tags":[],"class_list":["post-579","post","type-post","status-publish","format-standard","hentry","category-5-la-tribune-libre"],"_links":{"self":[{"href":"https:\/\/vpmedias.fr\/index.php?rest_route=\/wp\/v2\/posts\/579","targetHints":{"allow":["GET"]}}],"collection":[{"href":"https:\/\/vpmedias.fr\/index.php?rest_route=\/wp\/v2\/posts"}],"about":[{"href":"https:\/\/vpmedias.fr\/index.php?rest_route=\/wp\/v2\/types\/post"}],"author":[{"embeddable":true,"href":"https:\/\/vpmedias.fr\/index.php?rest_route=\/wp\/v2\/users\/2"}],"replies":[{"embeddable":true,"href":"https:\/\/vpmedias.fr\/index.php?rest_route=%2Fwp%2Fv2%2Fcomments&post=579"}],"version-history":[{"count":0,"href":"https:\/\/vpmedias.fr\/index.php?rest_route=\/wp\/v2\/posts\/579\/revisions"}],"wp:attachment":[{"href":"https:\/\/vpmedias.fr\/index.php?rest_route=%2Fwp%2Fv2%2Fmedia&parent=579"}],"wp:term":[{"taxonomy":"category","embeddable":true,"href":"https:\/\/vpmedias.fr\/index.php?rest_route=%2Fwp%2Fv2%2Fcategories&post=579"},{"taxonomy":"post_tag","embeddable":true,"href":"https:\/\/vpmedias.fr\/index.php?rest_route=%2Fwp%2Fv2%2Ftags&post=579"}],"curies":[{"name":"wp","href":"https:\/\/api.w.org\/{rel}","templated":true}]}}