{"id":588,"date":"2010-02-07T11:46:37","date_gmt":"2010-02-07T09:46:37","guid":{"rendered":"http:\/\/vpmedias.fr\/?p=588"},"modified":"2011-04-04T23:13:10","modified_gmt":"2011-04-04T21:13:10","slug":"locky-ou-comment-prendre-la-region-symbolique-des-auvergnats-en-2-campagnes","status":"publish","type":"post","link":"https:\/\/vpmedias.fr\/?p=588","title":{"rendered":"Locky, ou comment prendre la r\u00e9gion symbolique des Auvergnats en 2 campagnes"},"content":{"rendered":"<p>Bonjour \u00e0 tous  :)<\/p>\n<p>Voici un nouvel article de ma main pour vous faire part d&rsquo;un ph\u00e9nom\u00e8ne pour le moins&#8230;inattendu et surprenant.<\/p>\n<p>Cette nuit, la ville phare et symbolique des \u00ab\u00a0Joyeux Auvergnats\u00a0\u00bb est tomb\u00e9e. Clermont-Ferrand, 137.000 habitants, a \u00e9t\u00e9 prise par Locky du &#8230; parti de Locky.<!--more--><\/p>\n<p>Voil\u00e0 bien longtemps que cette ville n&rsquo;\u00e9tais pas pass\u00e9e sous influence autre que celle des Joyeux Auvergnats&#8230; depuis quelques mois, la mairie n&rsquo;avait pas boug\u00e9e. Certes, ce n&rsquo;est pas visible pour les monuments puisque les maires restaient les m\u00eames :D<\/p>\n<p>Quoi qu&rsquo;il en soit, en deux campagnes rondement men\u00e9es Locky parvient \u00e0 se hisser \u00e0 la place de maire.  Lors de la premi\u00e8re campagne il apporta son soutien aux Joyeux Auvergnats. A la deuxi\u00e8me, il se d\u00e9cida \u00e0 se pr\u00e9senter lui m\u00eame au 2nd tour.  Ce coup fut gagnant.<\/p>\n<p>Alors quels seront les cons\u00e9quences de cette victoire ? En tout cas, temporairement, les Joyeux Auvergnats ne sont plus premier en Auvergne. On pouvait s&rsquo;attendre \u00e0 ce que ce boulversement viendrait de la part du Mouvement des Partisans, parti prometteur contr\u00f4lant Montlu\u00e7on et ayant une excellente place \u00e0 Clermont. Mais non, c&rsquo;est bien de Locky qu&rsquo;il s&rsquo;agit. On pourrait supposer que la corruption attendra son apog\u00e9e lors de la prochaine campagne.<\/p>\n<p>Mais Locky parviendra t-il a conserver Clermont et l&rsquo;Auvergne? Se d\u00e9cidera t-il \u00e0 rejoindre un parti important?<\/p>\n<p>Affaire \u00e0 suivre.<\/p>\n<p>Satya<\/p>\n","protected":false},"excerpt":{"rendered":"<p>Bonjour \u00e0 tous :) Voici un nouvel article de ma main pour vous faire part d&rsquo;un ph\u00e9nom\u00e8ne pour le moins&#8230;inattendu et surprenant. Cette nuit, la ville phare et symbolique des \u00ab\u00a0Joyeux Auvergnats\u00a0\u00bb est tomb\u00e9e. Clermont-Ferrand, 137.000 habitants, a \u00e9t\u00e9 prise par Locky du &#8230; parti de Locky.<\/p>\n","protected":false},"author":8,"featured_media":0,"comment_status":"open","ping_status":"open","sticky":false,"template":"","format":"standard","meta":{"site-container-style":"default","site-container-layout":"default","site-sidebar-layout":"default","disable-article-header":"default","disable-site-header":"default","disable-site-footer":"default","disable-content-area-spacing":"default","footnotes":""},"categories":[3],"tags":[45,275,59],"class_list":["post-588","post","type-post","status-publish","format-standard","hentry","category-1-vpmi","tag-campagne","tag-resultats-municipaux","tag-resultats-regionaux"],"_links":{"self":[{"href":"https:\/\/vpmedias.fr\/index.php?rest_route=\/wp\/v2\/posts\/588","targetHints":{"allow":["GET"]}}],"collection":[{"href":"https:\/\/vpmedias.fr\/index.php?rest_route=\/wp\/v2\/posts"}],"about":[{"href":"https:\/\/vpmedias.fr\/index.php?rest_route=\/wp\/v2\/types\/post"}],"author":[{"embeddable":true,"href":"https:\/\/vpmedias.fr\/index.php?rest_route=\/wp\/v2\/users\/8"}],"replies":[{"embeddable":true,"href":"https:\/\/vpmedias.fr\/index.php?rest_route=%2Fwp%2Fv2%2Fcomments&post=588"}],"version-history":[{"count":0,"href":"https:\/\/vpmedias.fr\/index.php?rest_route=\/wp\/v2\/posts\/588\/revisions"}],"wp:attachment":[{"href":"https:\/\/vpmedias.fr\/index.php?rest_route=%2Fwp%2Fv2%2Fmedia&parent=588"}],"wp:term":[{"taxonomy":"category","embeddable":true,"href":"https:\/\/vpmedias.fr\/index.php?rest_route=%2Fwp%2Fv2%2Fcategories&post=588"},{"taxonomy":"post_tag","embeddable":true,"href":"https:\/\/vpmedias.fr\/index.php?rest_route=%2Fwp%2Fv2%2Ftags&post=588"}],"curies":[{"name":"wp","href":"https:\/\/api.w.org\/{rel}","templated":true}]}}