{"id":643,"date":"2010-03-04T19:58:52","date_gmt":"2010-03-04T18:58:52","guid":{"rendered":"http:\/\/vpmedias.fr\/?p=643"},"modified":"2010-03-06T18:02:15","modified_gmt":"2010-03-06T17:02:15","slug":"president-daccord-mais-a-quel-prix","status":"publish","type":"post","link":"https:\/\/vpmedias.fr\/?p=643","title":{"rendered":"Pr\u00e9sident, d&rsquo;accord, mais \u00e0 quel prix ?"},"content":{"rendered":"<p><em>NB de Drag&rsquo; : Madian avait publi\u00e9 cet article mercredi, mais il semblerait qu&rsquo;un probl\u00e8me soit intervenu, et l&rsquo;article n&rsquo;est pas apparu. Je ne sais pas si c&rsquo;est une fausse manip&rsquo;, ou un acte volontaire de la part de quelqu&rsquo;un, ou encore un bug. Mais<\/em> <em>dans tous les cas, je tiens \u00e0 r\u00e9affirmer que tous les points de vue sont ici autoris\u00e9s, et que chacun peut s&rsquo;exprimer, m\u00eame si nous ne sommes pas en accord avec tout \u00e0 titre personnel<\/em>. Libre \u00e0 chacun de contester, d\u00e9battre, r\u00e9pondre.<!--more--><\/p>\n<p>Je viens ressortir ma bonne vielle machine a \u00e9crire pour un coup de  gueule sur les \u00ab\u00a0magouilles\u00a0\u00bb faites derri\u00e8re nous .<br \/>\nTout le monde connais les ambitions pr\u00e9sidentielle de certains .<br \/>\nMalgr\u00e9 tout une certaine personne qui au d\u00e9part ne m&rsquo;avais pas alert\u00e9  commence a faire une campagne allant au limite du correct .<br \/>\nAyant eu vent de l&rsquo;existence d&rsquo;un forum parall\u00e8le relativement  fortuitement je vu un titre assez \u00e9loquent :<br \/>\n\u00ab\u00a0Campagne Pr\u00e9sidentielle de Satya dans Vpm<br \/>\nMarre de la domination des grands partis ? Organisons nous !\u00a0\u00bb<\/p>\n<p>Jusque ici rien d&rsquo;alarmant .<br \/>\nSur le site sont r\u00e9f\u00e9renc\u00e9s les soutiens a satya ce qui ne me d\u00e9rangea  pas plus que sa .<br \/>\nMais voila que je d\u00e9couvre quelque chose qui me laissa pantois .<br \/>\nSatya cherche a rajouter les joueur des petites villes \u00e9toil\u00e9 ou non  pour obtenir des voies \u00ab\u00a0facile\u00a0\u00bb \u00e9tant donn\u00e9 que ceux ci sont absolument  pas au courant de l&rsquo;actualit\u00e9 vpmienne (sur le forum et le Cohu-Bohu<br \/>\nOn ose ici profiter de la na\u00efvet\u00e9 de certains encore jeune sur le jeu  pour gagner des voix?<br \/>\nJe trouve cela consternant . Ce d\u00e9marchage me d\u00e9rangea beaucoup mais le  pire fut a venir .<br \/>\nJ&rsquo;utiliserais le conditionnel ici car je n&rsquo;ai pas de preuves (du moins  pour l&rsquo;instant)<br \/>\nSatya serait theunknow !!!<br \/>\nIl aurait voulu b\u00e2tir ce r\u00e9seau pour se permettre de semer une certaines  zizanie et recolter des voix ! Ou va on ! Voudrait on de pr\u00e9sidents  pr\u00eat a tout pour gagner ?<br \/>\nA ce compte la des pr\u00e9sidentielles j&rsquo;avoue mon abattement et je me  demande pas si je ne vais pas m&rsquo;en \u00e9carter totalement car si il n&rsquo;y a  pas d&rsquo;\u00e9thique chez certains autant laisser place nette &#8230;<\/p>\n","protected":false},"excerpt":{"rendered":"<p>NB de Drag&rsquo; : Madian avait publi\u00e9 cet article mercredi, mais il semblerait qu&rsquo;un probl\u00e8me soit intervenu, et l&rsquo;article n&rsquo;est pas apparu. Je ne sais pas si c&rsquo;est une fausse manip&rsquo;, ou un acte volontaire de la part de quelqu&rsquo;un, ou encore un bug. Mais dans tous les cas, je tiens \u00e0 r\u00e9affirmer que tous [&hellip;]<\/p>\n","protected":false},"author":7,"featured_media":0,"comment_status":"open","ping_status":"open","sticky":false,"template":"","format":"standard","meta":{"site-container-style":"default","site-container-layout":"default","site-sidebar-layout":"default","disable-article-header":"default","disable-site-header":"default","disable-site-footer":"default","disable-content-area-spacing":"default","footnotes":""},"categories":[3],"tags":[55,15,18,20,54,14],"class_list":["post-643","post","type-post","status-publish","format-standard","hentry","category-1-vpmi","tag-coup-de-gueule","tag-debat","tag-forum","tag-polemique","tag-president","tag-presidentielles"],"_links":{"self":[{"href":"https:\/\/vpmedias.fr\/index.php?rest_route=\/wp\/v2\/posts\/643","targetHints":{"allow":["GET"]}}],"collection":[{"href":"https:\/\/vpmedias.fr\/index.php?rest_route=\/wp\/v2\/posts"}],"about":[{"href":"https:\/\/vpmedias.fr\/index.php?rest_route=\/wp\/v2\/types\/post"}],"author":[{"embeddable":true,"href":"https:\/\/vpmedias.fr\/index.php?rest_route=\/wp\/v2\/users\/7"}],"replies":[{"embeddable":true,"href":"https:\/\/vpmedias.fr\/index.php?rest_route=%2Fwp%2Fv2%2Fcomments&post=643"}],"version-history":[{"count":0,"href":"https:\/\/vpmedias.fr\/index.php?rest_route=\/wp\/v2\/posts\/643\/revisions"}],"wp:attachment":[{"href":"https:\/\/vpmedias.fr\/index.php?rest_route=%2Fwp%2Fv2%2Fmedia&parent=643"}],"wp:term":[{"taxonomy":"category","embeddable":true,"href":"https:\/\/vpmedias.fr\/index.php?rest_route=%2Fwp%2Fv2%2Fcategories&post=643"},{"taxonomy":"post_tag","embeddable":true,"href":"https:\/\/vpmedias.fr\/index.php?rest_route=%2Fwp%2Fv2%2Ftags&post=643"}],"curies":[{"name":"wp","href":"https:\/\/api.w.org\/{rel}","templated":true}]}}