{"id":6605,"date":"2011-06-13T08:00:59","date_gmt":"2011-06-13T06:00:59","guid":{"rendered":"http:\/\/vpmedias.fr\/?p=6605"},"modified":"2011-06-13T15:26:05","modified_gmt":"2011-06-13T13:26:05","slug":"les-hymnes-des-partis-remis-en-question","status":"publish","type":"post","link":"https:\/\/vpmedias.fr\/?p=6605","title":{"rendered":"Les hymnes des partis remis en question"},"content":{"rendered":"<p style=\"text-align: justify;\">Une d\u00e9cision \u00e9conomique ext\u00e9rieure affecte Votez Pour Moi : c&rsquo;est celle de <a href=\"http:\/\/deezer.com\">Deezer<\/a>, effective depuis une semaine.<\/p>\n<p><!--more--><\/p>\n<p style=\"text-align: justify;\">Lundi dernier, le 6 juin, la soci\u00e9t\u00e9 annon\u00e7ait la fin de son offre gratuite et illimit\u00e9e d&rsquo;\u00e9coute de titres sur sa plateforme. Afin d\u2019acc\u00e9l\u00e9rer la migration des utilisateurs vers une offre payante via abonnement,\u00a0 l&rsquo;\u00e9coute gratuite est limit\u00e9e pour le moment (les observateurs attendraient une nouvelle r\u00e9duction) \u00e0 5 heures par mois, soit <strong>10 minutes ou environ deux ou trois titres par jour <\/strong>pour les utilisateurs quotidiens.<strong><br \/>\n<\/strong><\/p>\n<p style=\"text-align: justify;\">\u00c0 l&rsquo;\u00e9chelle VPMienne, ce sont les hymnes des partis qui accusent le coup, mais<strong> seulement si vous utilisez d\u00e9j\u00e0 Deezer r\u00e9guli\u00e8rement<\/strong> jusqu&rsquo;\u00e0 atteindre le quota.<\/p>\n<p style=\"text-align: justify;\">Et le ministre de l&rsquo;int\u00e9rieur de VPM d&rsquo;ajouter: <em>\u00ab\u00a0Un hymne, \u00e7a va, c&rsquo;est quand on voudra en \u00e9couter beaucoup qu&rsquo;il va y avoir des probl\u00e8mes.\u00a0\u00bb<\/em><\/p>\n","protected":false},"excerpt":{"rendered":"<p>Une d\u00e9cision \u00e9conomique ext\u00e9rieure affecte Votez Pour Moi : c&rsquo;est celle de Deezer, effective depuis une semaine.<\/p>\n","protected":false},"author":5,"featured_media":0,"comment_status":"open","ping_status":"closed","sticky":false,"template":"","format":"standard","meta":{"site-container-style":"default","site-container-layout":"default","site-sidebar-layout":"default","disable-article-header":"default","disable-site-header":"default","disable-site-footer":"default","disable-content-area-spacing":"default","footnotes":""},"categories":[268],"tags":[255],"class_list":["post-6605","post","type-post","status-publish","format-standard","hentry","category-4-breves","tag-la-vraie-vie"],"_links":{"self":[{"href":"https:\/\/vpmedias.fr\/index.php?rest_route=\/wp\/v2\/posts\/6605","targetHints":{"allow":["GET"]}}],"collection":[{"href":"https:\/\/vpmedias.fr\/index.php?rest_route=\/wp\/v2\/posts"}],"about":[{"href":"https:\/\/vpmedias.fr\/index.php?rest_route=\/wp\/v2\/types\/post"}],"author":[{"embeddable":true,"href":"https:\/\/vpmedias.fr\/index.php?rest_route=\/wp\/v2\/users\/5"}],"replies":[{"embeddable":true,"href":"https:\/\/vpmedias.fr\/index.php?rest_route=%2Fwp%2Fv2%2Fcomments&post=6605"}],"version-history":[{"count":0,"href":"https:\/\/vpmedias.fr\/index.php?rest_route=\/wp\/v2\/posts\/6605\/revisions"}],"wp:attachment":[{"href":"https:\/\/vpmedias.fr\/index.php?rest_route=%2Fwp%2Fv2%2Fmedia&parent=6605"}],"wp:term":[{"taxonomy":"category","embeddable":true,"href":"https:\/\/vpmedias.fr\/index.php?rest_route=%2Fwp%2Fv2%2Fcategories&post=6605"},{"taxonomy":"post_tag","embeddable":true,"href":"https:\/\/vpmedias.fr\/index.php?rest_route=%2Fwp%2Fv2%2Ftags&post=6605"}],"curies":[{"name":"wp","href":"https:\/\/api.w.org\/{rel}","templated":true}]}}