{"id":7156,"date":"2011-06-22T17:06:55","date_gmt":"2011-06-22T15:06:55","guid":{"rendered":"http:\/\/vpmedias.fr\/?p=7156"},"modified":"2011-06-23T17:10:08","modified_gmt":"2011-06-23T15:10:08","slug":"roman-vpmien-la-vie-politique-1","status":"publish","type":"post","link":"https:\/\/vpmedias.fr\/?p=7156","title":{"rendered":"[Roman VPMien] La vie politique #1"},"content":{"rendered":"<p style=\"text-align: justify;\">Hello hello les enfants !<\/p>\n<p style=\"text-align: justify;\">Aujourd&rsquo;hui, en nouveaut\u00e9, je vais vous pr\u00e9senter une chose qui a s\u00fbrement d\u00e9j\u00e0 \u00e9t\u00e9 faite sur VPM, une sorte de roman sur la vie politique de VPM, et du d\u00e9roulement de ses campagnes. C&rsquo;est parti pour la premi\u00e8re partie de ce roman !<\/p>\n<p><!--more--><\/p>\n<h2 style=\"text-align: justify;\"><span class=\"narration\">Chapitre 1 : les d\u00e9buts<\/span><\/h2>\n<p style=\"text-align: justify;\"><span class=\"narration\">C&rsquo;\u00e9tait la premi\u00e8re fois que je me lan\u00e7ais dans une campagne \u00e9lectorale. Je ne me rappelle que vaguement ce qui m&rsquo;a pouss\u00e9 \u00e0 commencer. Il me semble, c&rsquo;\u00e9tait un vendredi. Oui. Un vendredi d&rsquo;octobre. Quand je me baladais dans les rues de ma ville natale, Bordeaux, j&rsquo;ai vu une affiche. <em>\u00ab\u00a0Luman \u00e0 Bordeaux, l&rsquo;action suivra les mots.\u00a0\u00bb<\/em> Voil\u00e0 ce que c&rsquo;\u00e9tait. Je me rappelle maintenant&#8230;<\/span><\/p>\n<p style=\"text-align: justify;\"><span class=\"narration\">Alors que je cherchais, \u00e0 18 ans, un sens \u00e0 ma vie, cette affiche sonnait comme un espoir incroyable pour moi. L&rsquo;espoir de trouver quelque chose \u00e0 faire de ma sale vie, qui consistait pour l&rsquo;instant, \u00e0 dormir, me lever, manger, m&#8217;emmerder toute la journ\u00e9e, chercher du travail n&rsquo;importe ou, et me recoucher. Un espoir de rompre ma vie ennuyeuse.<\/span><\/p>\n<p style=\"text-align: justify;\"><span class=\"narration\">Je suis arriv\u00e9 devant l&rsquo;h\u00f4tel de ville de Bordeaux. Il parait qu&rsquo;il fallait aller s&rsquo;annoncer chez le maire de sa ville natale pour commencer une carri\u00e8re politique. Je suis entr\u00e9 dans le bureau, et une personne qui ressemblant \u00e9trangement \u00e0 l&rsquo;homme que j&rsquo;avais observ\u00e9 sur l&rsquo;affiche m&rsquo;accueillit.<\/span><\/p>\n<p style=\"text-align: justify;\"><span class=\"narration\">&#8211; Vous \u00eates Luman ? M&rsquo;enquiai-je.<\/span><\/p>\n<p style=\"text-align: justify;\"><span class=\"narration\">&#8211; En personne, me r\u00e9pondit-il. Il parait que vous d\u00e9sirez commencer une carri\u00e8re politique. Quelles sont les raisons qui vous y ont pouss\u00e9 ?<\/span><\/p>\n<p style=\"text-align: justify;\"><span class=\"narration\">&#8211; Vous&#8230; Enfin, j&rsquo;ai vu une de vos affiches. Je cherchais un m\u00e9tier, et \u00e7a a agi comme un d\u00e9clic pour moi. Vous savez, ma vie ne se r\u00e9sume qu&rsquo;\u00e0 m&#8217;emb\u00eater \u00e0 la maison et \u00e0 chercher du travail !<\/span><\/p>\n<p style=\"text-align: justify;\"><span class=\"narration\">&#8211; Int\u00e9ressant&#8230; Alors&#8230; Pourrais-je vous demander votre nom ?<\/span><\/p>\n<p style=\"text-align: justify;\"><span class=\"narration\">&#8211; Avec plaisir, monsieur Luman ! Alors, je m&rsquo;appelle Nathan&#8230; Mais dans ma vie politique, je compte me renommer \u00ab\u00a0Nati\u00a0\u00bb.<\/span><\/p>\n<p style=\"text-align: justify;\"><span class=\"narration\">&#8211; Parfait. Pour remplir la derni\u00e8re partie qui me reste dans votre fiche d&rsquo;inscription, pouvez-vous me donner vos ambitions ?<\/span><br \/>\n&#8230;<\/p>\n<p style=\"text-align: justify;\"><span class=\"narration\">Je lui r\u00e9pondais avec impatience, celle de commencer enfin une \u00ab\u00a0campagne\u00a0\u00bb, comme ils disent dans leur jargon. Quand je lui ai demand\u00e9 ses ambitions, \u00e0 lui, il m&rsquo;a r\u00e9pondu qu&rsquo;il se verrait bien pr\u00e9sident de la r\u00e9publique. Quelle dr\u00f4le d&rsquo;id\u00e9e, que je me suis dit.<\/span><\/p>\n<p style=\"text-align: justify;\"><span class=\"narration\">J&rsquo;ai le souvenir que cette nuit-l\u00e0, je me suis couch\u00e9 le c\u0153ur l\u00e9ger. En m&rsquo;imaginant une vie meilleure.<\/span><\/p>\n<p style=\"text-align: center;\"><span class=\"narration\"><strong><em><del>Fin<\/del><\/em><\/strong><\/span><\/p>\n<p style=\"text-align: right;\"><span class=\"narration\"><strong><em><strong>\u00c0 suivre&#8230;<\/strong><br \/>\n<\/em><\/strong><\/span><\/p>\n","protected":false},"excerpt":{"rendered":"<p>Hello hello les enfants ! Aujourd&rsquo;hui, en nouveaut\u00e9, je vais vous pr\u00e9senter une chose qui a s\u00fbrement d\u00e9j\u00e0 \u00e9t\u00e9 faite sur VPM, une sorte de roman sur la vie politique de VPM, et du d\u00e9roulement de ses campagnes. C&rsquo;est parti pour la premi\u00e8re partie de ce roman !<\/p>\n","protected":false},"author":36,"featured_media":0,"comment_status":"open","ping_status":"open","sticky":false,"template":"","format":"standard","meta":{"site-container-style":"default","site-container-layout":"default","site-sidebar-layout":"default","disable-article-header":"default","disable-site-header":"default","disable-site-footer":"default","disable-content-area-spacing":"default","footnotes":""},"categories":[4],"tags":[179,43],"class_list":["post-7156","post","type-post","status-publish","format-standard","hentry","category-2-vpmc","tag-en-campagne","tag-fiction"],"_links":{"self":[{"href":"https:\/\/vpmedias.fr\/index.php?rest_route=\/wp\/v2\/posts\/7156","targetHints":{"allow":["GET"]}}],"collection":[{"href":"https:\/\/vpmedias.fr\/index.php?rest_route=\/wp\/v2\/posts"}],"about":[{"href":"https:\/\/vpmedias.fr\/index.php?rest_route=\/wp\/v2\/types\/post"}],"author":[{"embeddable":true,"href":"https:\/\/vpmedias.fr\/index.php?rest_route=\/wp\/v2\/users\/36"}],"replies":[{"embeddable":true,"href":"https:\/\/vpmedias.fr\/index.php?rest_route=%2Fwp%2Fv2%2Fcomments&post=7156"}],"version-history":[{"count":0,"href":"https:\/\/vpmedias.fr\/index.php?rest_route=\/wp\/v2\/posts\/7156\/revisions"}],"wp:attachment":[{"href":"https:\/\/vpmedias.fr\/index.php?rest_route=%2Fwp%2Fv2%2Fmedia&parent=7156"}],"wp:term":[{"taxonomy":"category","embeddable":true,"href":"https:\/\/vpmedias.fr\/index.php?rest_route=%2Fwp%2Fv2%2Fcategories&post=7156"},{"taxonomy":"post_tag","embeddable":true,"href":"https:\/\/vpmedias.fr\/index.php?rest_route=%2Fwp%2Fv2%2Ftags&post=7156"}],"curies":[{"name":"wp","href":"https:\/\/api.w.org\/{rel}","templated":true}]}}