{"id":722,"date":"2010-04-14T18:57:36","date_gmt":"2010-04-14T16:57:36","guid":{"rendered":"http:\/\/vpmedias.fr\/?p=722"},"modified":"2011-04-04T22:16:59","modified_gmt":"2011-04-04T20:16:59","slug":"les-regionales-irl-de-mars-2010-premiere-partie","status":"publish","type":"post","link":"https:\/\/vpmedias.fr\/?p=722","title":{"rendered":"Les R\u00e9gionales IRL de Mars 2010"},"content":{"rendered":"<p>Mesdames et Messieurs, chers (\u00e9)lecteurs ^^<\/p>\n<p>Pour la premi\u00e8re fois depuis longtemps que je n&rsquo;ai pas \u00e9crit d&rsquo;article, j&rsquo;ai d\u00e9cid\u00e9 de revenir afin de vous faire part du r\u00e9sultat des \u00c9lections R\u00e9gionales du 14 Mars 2010.<\/p>\n<p>(ndlr : Ayant un manque de temps,\u00a0 j&rsquo;ai d\u00e9cid\u00e9 de dispatcher l&rsquo;article en 3 parties, la premi\u00e8re \u00e9tant celle-ci, la \u00ab\u00a0vulgarisation politique\u00a0\u00bb pure et dure, les deux autres repr\u00e9sentant les r\u00e9sultats aux 2 tours, ainsi qu&rsquo;une br\u00e8ve conclusion.)<\/p>\n<h1>Les R\u00e9gionales : Qu&rsquo;est ce que c&rsquo;est ??<\/h1>\n<h3>D\u00e9finition sommaire :<\/h3>\n<p>Les \u00c9lections R\u00e9gionales consistent \u00e0 \u00e9lire le Pr\u00e9sident de la R\u00e9gion.<br \/>\n<!--more--><\/p>\n<p>Ces \u00e9lections sont \u00e9galement l&rsquo;occasion d&rsquo;\u00e9lire les repr\u00e9sentants de l&rsquo;Assembl\u00e9e de Corse.<\/p>\n<h3>Pourquoi faire, un \u00ab\u00a0Praisidan deux Raijion\u00a0\u00bb ?<\/h3>\n<p>Et bien, le Pr\u00e9sident de la R\u00e9gion est chef d&rsquo;une zone qu&rsquo;on appelle Collectivit\u00e9 Territoriale, cette derni\u00e8re \u00e9tant la R\u00e9gion. On d\u00e9nombre 26 R\u00e9gions en France, 22 en M\u00e9tropole et les 4 restants en Outre-Mer.<\/p>\n<p>On peut compter plusieurs types de collectivit\u00e9 territoriales en France. Celles-ci sont des administrations ind\u00e9pendantes qui exercent leur activit\u00e9 sur un territoire donn\u00e9. D&rsquo;abord, on a les R\u00e9gions. Ensuite viennent les D\u00e9partements, administr\u00e9s par un Conseil G\u00e9n\u00e9ral (et non pas D\u00e9partemental). Plus bas encore, on a les communes. Actuellement, on d\u00e9nombre environ 36.000 communes en France.<\/p>\n<p>Ces collectivit\u00e9s re\u00e7oivent un budget de la part de l&rsquo;Etat, annuel, servant \u00e0 leurs besoins de fonctionnement d&rsquo;une part, mais aussi au territoire qu&rsquo;elles administrent. Ainsi, l&rsquo;entretien des lyc\u00e9es publics se fait par la R\u00e9gion; celui des coll\u00e8ges par le D\u00e9partement; celui des \u00e9coles maternelles et primaires par la commune.<\/p>\n<p>Non seulement la R\u00e9gion finance les \u00e9tablissements publics scolaires, mais elle intervient dans des domaines pluridisciplinaires, comme la culture, l&rsquo;habitat, les transports, etc&#8230; Le Pr\u00e9sident de R\u00e9gion repr\u00e9sente le pouvoir ex\u00e9cutif (au m\u00eame titre que le Pr\u00e9sident du Conseil G\u00e9n\u00e9ral ainsi que le Maire) dans son territoire, et peut requ\u00e9rir des moyens pour son fonctionnement (<em>NB : Le fonctionnement de la R\u00e9gion<\/em>).<\/p>\n<h3>Et au final, \u00e7a donne quoi ?<\/h3>\n<p>Et bien, apr\u00e8s une \u00e9lection \u00e0 deux tours au suffrage universel direct, les si\u00e8ges du Conseil R\u00e9gional sont attribu\u00e9s proportionnellement aux r\u00e9sultats des partis qualifi\u00e9s pour le second tour.<\/p>\n<p>C&rsquo;est le parti ayant la majorit\u00e9 absolue ou relative au second tour qui obtient le poste de Pr\u00e9sident du Conseil R\u00e9gional.<\/p>\n<h1>Bon alors, qui se pr\u00e9sente ?<\/h1>\n<p>Parmi tout l&rsquo;horizon politique fran\u00e7ais, on peut se rendre compte qu&rsquo;il y a un nombre inquantifiable de partis politiques. En effet, l&rsquo;horizon politique ne se limite pas au PCF, au PS, aux Verts \u00e0 l&rsquo;UMP et au FN. Il existe quantit\u00e9 de partis politiques ayant des id\u00e9es plus ou moins orient\u00e9es vers la gauche ou vers la droite, qui sont plus extr\u00e9mistes ou mod\u00e9r\u00e9s que les partis politiques les plus connus (cf partis cit\u00e9s plus haut).<\/p>\n<p>Bien sur, certains de ces partis, \u00ab\u00a0moins connus\u00a0\u00bb je dirai, n&rsquo;ont pas assez d&rsquo;influence pour pouvoir pr\u00e9senter leur liste, avec le nombre suffisant de candidats pour. C&rsquo;est pourquoi il existe des alliances politiques.<\/p>\n<h3>Alliance ? K\u00e9sseksa ?<\/h3>\n<p>Une alliance est une union, \u00ab\u00a0fusion\u00a0\u00bb plus ou moins longue dans le temps, et qui regroupe plusieurs partis politiques sous le m\u00eame \u00e9tendard, sous le m\u00eame blason&#8230; Parmi des exemples d&rsquo;alliances, on peut citer celle du parti au pouvoir pour ces R\u00e9gionales, nomm\u00e9e sobrement \u00ab\u00a0Majorit\u00e9 Pr\u00e9sidentielle\u00a0\u00bb, et qui regroupe divers partis, de l&rsquo;UMP jusqu&rsquo;au CNPT, en passant par \u00ab\u00a0le nouveau centre\u00a0\u00bb, \u00ab\u00a0gauche moderne\u00a0\u00bb, \u00ab\u00a0progressistes\u00a0\u00bb, \u00ab\u00a0parti radical\u00a0\u00bb et le \u00ab\u00a0parti chr\u00e9tien-d\u00e9mocrate\u00a0\u00bb. On peut aussi prendre en ligne de mire celle du Front de Gauche, alliance \u00e9lectorale entre le PCF, le Parti de Gauche, \u00ab\u00a0Gauche unitaire\u00a0\u00bb, et d&rsquo;autres formations qui sont favorables au Front de Gauche; \u00ab\u00a0R\u00e9publique et Socialisme\u00a0\u00bb, \u00ab\u00a0les Alternatifs\u00a0\u00bb, entre autres.<\/p>\n<h3>Bon, et \u00e7a sert \u00e0 quoi, au juste, une alliance ?<\/h3>\n<p>Et bien, une alliance \u00e9lectorale entre partis politiques connus permet \u00e0 chacun des partis d&rsquo;augmenter son influence et d&rsquo;accroitre son \u00e9lectorat. \u00ab\u00a0Tiens, le Parti Truc que j&rsquo;aime bien est alli\u00e9 au Parti Machin ! Ben je vais voter pour l&rsquo;Alliance Truc-Machin, alors !\u00a0\u00bb<\/p>\n<p>L&rsquo;objectif d&rsquo;une alliance \u00e9lectorale entre partis moins connus est exactement la m\u00eame : Augmenter leur influence et accroitre son \u00e9lectorat. Ce qui reste dans une certaine continuit\u00e9 de logique, apr\u00e8s tout.<\/p>\n<p>Enfin, une alliance entre parti connu et parti moins connu d\u00e9tient un avantage pour les deux \u00ab\u00a0associ\u00e9s\u00a0\u00bb, mais qui est plus profitable au parti moins connu qu&rsquo;au parti qui est plus connu. En effet, pour le parti moins connu, le fait d&rsquo;\u00eatre alli\u00e9 avec le parti plus connu lui permet d&rsquo;augmenter consid\u00e9rablement son influence, et son \u00e9lectorat. L&rsquo;avantage qui revient au parti plus connu est le m\u00eame, mais dans des proportions moindres.<\/p>\n<h1>Okay d&rsquo;accord, mais QUI se pr\u00e9sente ??<\/h1>\n<p>Voici -enfin!- les forces en pr\u00e9sence :<\/p>\n<h2>La gauche antilib\u00e9rale et l&rsquo;extr\u00eame gauche<\/h2>\n<ul>\n<li><span style=\"color: #000000\">Le Front de Gauche, compos\u00e9 du Parti Communiste Fran\u00e7ais, du Parti de Gauche et de la Gauche Unitaire<br \/>\n<\/span><\/li>\n<\/ul>\n<ul>\n<li><span style=\"color: #000000\">Le Nouveau Parti anticapitaliste<\/span><\/li>\n<\/ul>\n<ul>\n<li><span style=\"color: #000000\">Lutte ouvri\u00e8re<br \/>\n<\/span><\/li>\n<\/ul>\n<ul>\n<li><span style=\"color: #000000\">Les autres formations\u00a0:<\/span><span style=\"color: #000000\"> La <em>F\u00e9d\u00e9ration  pour une Alternative Sociale et \u00c9cologique<\/em> (FASE<sup>)<a href=\"http:\/\/fr.wikipedia.org\/wiki\/R%C3%A9gionales_2010#cite_note-20\"><\/a><\/sup>,  Les <em>Alternatifs<\/em>, le <em>Mouvement Politique d&rsquo;\u00c9ducation Populaire<\/em> (M&rsquo;PEP), le <em>Parti Communiste des Ouvriers de France<\/em> (PCOF) et l&rsquo;association <em>R\u00e9publique et Socialisme<\/em>.<\/span><\/li>\n<\/ul>\n<h2>Les \u00e9cologistes<\/h2>\n<ul>\n<li>L&rsquo;Alliance \u00c9cologiste Ind\u00e9pendante (AEI), qui rassemble\u00a0le Mouvement \u00c9cologiste Ind\u00e9pendant (MEI), G\u00e9n\u00e9ration \u00c9cologie (GE) et La France en Action (LFA).<\/li>\n<\/ul>\n<ul>\n<li>Cap21 (formation politique composante du Mouvement d\u00e9mocrate)<\/li>\n<\/ul>\n<ul>\n<li>Europe \u00c9cologie, qui regroupe Les Verts, les r\u00e9gionalistes de la F\u00e9d\u00e9ration r\u00e9gions et  peuples solidaires, ainsi que des groupuscules de personnes (d\u00e9missionnaires du PS, dissidents du PCF&#8230;)<\/li>\n<\/ul>\n<h2>Le Parti Socialiste et ses alli\u00e9s<\/h2>\n<p>Le Parti socialiste a tent\u00e9 de renouveler sa strat\u00e9gie des pr\u00e9c\u00e9dentes R\u00e9gionales (2004), dans laquelle il avait une large liste d&rsquo;union regroupant tous les partis de l&rsquo;ex-<em>majorit\u00e9 plurielle<\/em> (PCF, PS, Parti Radical de Gauche, Mouvement des Citoyens).<\/p>\n<p>Le PCF ayant conclu une alliance avec le Parti de Gauche et la Gauche Unitaire dans le cadre du Front de Gauche, les Verts ayant conclu une alliance dans le cadre d&rsquo;Europe \u00c9cologie; et ces deux derniers (FdG et EE) faisant leur route sans le PS, celui-ci n&rsquo;a eu que les soutiens du<strong> <\/strong>PRG (Parti Radical de Gauche)<strong> <\/strong>(sauf dans la R\u00e9gion Bretagne<sup><span> <\/span><span> <\/span><\/sup>)  et du MRC (Mouvement r\u00e9publicain et citoyen)<sup><span> <\/span><a href=\"http:\/\/fr.wikipedia.org\/wiki\/R%C3%A9gionales_2010#cite_note-NObs-39\"><span> <\/span><\/a><\/sup>.<\/p>\n<p>Il a toutefois ouvert ses listes \u00e0 des personnalit\u00e9s associatives (Pr.  Isabelle This-Saint-Jean, ancienne pr\u00e9sidente du collectif \u00ab\u00a0Sauvons la recherche \u00bb&#8230;), d&rsquo;anciens sportifs (St\u00e9phane Caristan, Roxana Maracineanu&#8230;) ou des personnalit\u00e9s venues de  la droite comme Jean-Luc Romero, des syndicalistes (Denis  Parise, ex-Molex), etc&#8230;<\/p>\n<h2>Le Mouvement D\u00e9mocrate<\/h2>\n<p>Le Mouvement D\u00e9mocrate, apr\u00e8s un certain \u00e9chec aux pr\u00e9c\u00e9dentes \u00e9lections (europ\u00e9ennes), d\u00e9cida d&rsquo;avoir des listes autonomes au 1er tour, sans pr\u00e9ciser ce qu&rsquo;il fera au second tour.<\/p>\n<p>Sa composante \u00e9cologiste Cap21 s&rsquo;est alli\u00e9e \u00e0 Europe \u00c9cologie, tout en restant composante du MoDem, ainsi, cette derni\u00e8re (Cap21) propose des listes communes avec le MoDem au second tour, avec -en plus- des listes communes avec l&rsquo;AEI (Alliance \u00c9cologiste Ind\u00e9pendante) dans 4 R\u00e9gions.<\/p>\n<h2>La droite parlementaire<\/h2>\n<ul>\n<li>La Majorit\u00e9  pr\u00e9sidentielle, dans laquelle l&rsquo;UMP \u00e0 f\u00e9d\u00e9r\u00e9e le Mouvement pour la France (MPF); Chasse, P\u00eache, Nature et Traditions (CPNT); le Nouveau Centre; le Parti chr\u00e9tien-d\u00e9mocrate<\/li>\n<\/ul>\n<ul>\n<li>Cependant en PACA, au MPF, Jacques Bompard conduit sa propre liste de rassemblement  intitul\u00e9e \u00ab\u00a0Ligue du sud\u00a0\u00bb avec des formations \u00ab\u00a0identitaires \u00bb r\u00e9put\u00e9es d&rsquo;extr\u00eame droite, et ce malgr\u00e9 l&rsquo;accord qui lie son parti \u00e0  l&rsquo;UMP.<\/li>\n<\/ul>\n<ul>\n<li>Le mouvement gaulliste Debout la R\u00e9publique (DLR) de Nicolas Dupont-Aignan (ayant quitt\u00e9 la majorit\u00e9  pr\u00e9sidentielle), pr\u00e9sente ses propres listes dans 3 r\u00e9gions\u00a0 en alliance avec le Centre National des Ind\u00e9pendants et paysans (CNI).<\/li>\n<\/ul>\n<ul>\n<li>l&rsquo;Alliance centriste, le parti de Jean  Arthuis se r\u00e9clamant de l&rsquo;UDF, n&rsquo;a pas pr\u00e9sent\u00e9 de  listes et figure sur celle de l&rsquo;UMP en Pays de la Loire et en Bretagne. En Lorraine,  il participe \u00e0 une liste divers  droite regroupant aussi le CNI, DLR et des UMP dissidents.<\/li>\n<\/ul>\n<ul>\n<li>le Centre national des  ind\u00e9pendants et paysans (CNI) pr\u00e9sente sa propre liste dans le Nord-Pas-de-Calais, et fait alliance avec  DLR dans les trois r\u00e9gions o\u00f9 ce mouvement est pr\u00e9sent, avec le  dissident UMP Christian Jeanjean en Languedoc-Roussillon et participe \u00e0 la  liste de MPF-UMP en Vend\u00e9e.<\/li>\n<\/ul>\n<h2>L&rsquo;extr\u00eame-droite<\/h2>\n<ul>\n<li>Le Front National pr\u00e9sente des  listes dans toutes les r\u00e9gions m\u00e9tropolitaines. Contrairement aux pr\u00e9c\u00e9dentes R\u00e9gionales de 2004 (ainsi que celles de 1998) dans lesquelles le FN d\u00e9tenait souvent une position d&rsquo;arbitre (14%, et m\u00eame 20% localement), ce dernier n&rsquo;a pu maintenir cette situation qu&rsquo;en Provence-Alpes-C\u00f4te d&rsquo;Azur, en Languedoc-Roussillon et dans les  r\u00e9gions du Nord-Est.<\/li>\n<\/ul>\n<ul>\n<li>Les mouvances politiques li\u00e9es au Bloc identitaire sont pr\u00e9sentes sur des listes aux  revendications r\u00e9gionalistes en PACA avec la  \u00ab\u00a0Ligue du Sud\u00a0\u00bb de Jacques Bompard (ex-MPF), en Languedoc-Roussillon avec la  \u00ab\u00a0Ligue du midi\u00a0\u00bb et en Alsace avec \u00ab\u00a0Alsace d&rsquo;abord\u00a0\u00bb.<\/li>\n<\/ul>\n<ul>\n<li>Les petits partis issus de scissions du FN pr\u00e9sentent \u00e9galement des  listes dans huit r\u00e9gions. Le Parti de la France (PDF) de Carl  Lang pr\u00e9sente des listes en Haute et Basse-Normandie, dans la r\u00e9gion Centre, et fait liste commune avec le Mouvement national r\u00e9publicain (MNR) en Lorraine, Picardie et Franche-Comt\u00e9, et en Languedoc-Roussillon, avec l&rsquo;ex-FN Jean-Claude Martinez.<\/li>\n<\/ul>\n","protected":false},"excerpt":{"rendered":"<p>Mesdames et Messieurs, chers (\u00e9)lecteurs ^^ Pour la premi\u00e8re fois depuis longtemps que je n&rsquo;ai pas \u00e9crit d&rsquo;article, j&rsquo;ai d\u00e9cid\u00e9 de revenir afin de vous faire part du r\u00e9sultat des \u00c9lections R\u00e9gionales du 14 Mars 2010. (ndlr : Ayant un manque de temps,\u00a0 j&rsquo;ai d\u00e9cid\u00e9 de dispatcher l&rsquo;article en 3 parties, la premi\u00e8re \u00e9tant celle-ci, [&hellip;]<\/p>\n","protected":false},"author":12,"featured_media":0,"comment_status":"open","ping_status":"open","sticky":false,"template":"","format":"standard","meta":{"site-container-style":"default","site-container-layout":"default","site-sidebar-layout":"default","disable-article-header":"default","disable-site-header":"default","disable-site-footer":"default","disable-content-area-spacing":"default","footnotes":""},"categories":[3],"tags":[255],"class_list":["post-722","post","type-post","status-publish","format-standard","hentry","category-1-vpmi","tag-la-vraie-vie"],"_links":{"self":[{"href":"https:\/\/vpmedias.fr\/index.php?rest_route=\/wp\/v2\/posts\/722","targetHints":{"allow":["GET"]}}],"collection":[{"href":"https:\/\/vpmedias.fr\/index.php?rest_route=\/wp\/v2\/posts"}],"about":[{"href":"https:\/\/vpmedias.fr\/index.php?rest_route=\/wp\/v2\/types\/post"}],"author":[{"embeddable":true,"href":"https:\/\/vpmedias.fr\/index.php?rest_route=\/wp\/v2\/users\/12"}],"replies":[{"embeddable":true,"href":"https:\/\/vpmedias.fr\/index.php?rest_route=%2Fwp%2Fv2%2Fcomments&post=722"}],"version-history":[{"count":0,"href":"https:\/\/vpmedias.fr\/index.php?rest_route=\/wp\/v2\/posts\/722\/revisions"}],"wp:attachment":[{"href":"https:\/\/vpmedias.fr\/index.php?rest_route=%2Fwp%2Fv2%2Fmedia&parent=722"}],"wp:term":[{"taxonomy":"category","embeddable":true,"href":"https:\/\/vpmedias.fr\/index.php?rest_route=%2Fwp%2Fv2%2Fcategories&post=722"},{"taxonomy":"post_tag","embeddable":true,"href":"https:\/\/vpmedias.fr\/index.php?rest_route=%2Fwp%2Fv2%2Ftags&post=722"}],"curies":[{"name":"wp","href":"https:\/\/api.w.org\/{rel}","templated":true}]}}